{"id":9247,"date":"2025-04-02T10:48:35","date_gmt":"2025-04-02T08:48:35","guid":{"rendered":"https:\/\/www.empikfoto.sk\/blog\/?p=9247"},"modified":"2025-04-02T10:48:35","modified_gmt":"2025-04-02T08:48:35","slug":"personalizovany-obrazok-ku-dnu-matiek-je-to-jednoduchsie-ako-si-myslite","status":"publish","type":"post","link":"https:\/\/www.empikfoto.sk\/blog\/personalizovany-obrazok-ku-dnu-matiek-je-to-jednoduchsie-ako-si-myslite\/","title":{"rendered":"Personalizovan\u00fd obr\u00e1zok ku D\u0148u matiek? Je to jednoduch\u0161ie, ako si mysl\u00edte!"},"content":{"rendered":"<p><span data-contrast=\"auto\"><strong>Internetom u\u017e nieko\u013eko rokov koluje video, na ktorom personalista zaznamen\u00e1va pohovory s kandid\u00e1tmi na \u201enaj\u0165a\u017e\u0161iu pr\u00e1cu na svete\u201c. Po\u017eiadavky s\u00fa pr\u00edsne a zah\u0155\u0148aj\u00fa okrem in\u00e9ho: nutnos\u0165 pracova\u0165 takmer 24 hod\u00edn denne, stara\u0165 sa o \u010dloveka, ktor\u00fd si vy\u017eaduje neust\u00e1lu anga\u017eovanos\u0165 a pozornos\u0165, neust\u00e1le rast\u00faci po\u010det povinnost\u00ed a navy\u0161e \u2013 plat okolo 0 EUR. Ak ste toto video nevideli a st\u00e1le sa p\u00fdtate, ak\u00e1 poz\u00edcia m\u00e1 tak\u00e9to iracion\u00e1lne po\u017eiadavky, sme tu, aby sme v\u00e1m pomohli. Toto bol n\u00e1bor pre&#8230; mamu!<\/strong> \ud83d\ude42<\/span><span data-ccp-props=\"{}\">\u00a0<\/span><\/p>\n<h2><span data-contrast=\"auto\">N\u00e1pady na oslavu D\u0148a matiek\u00a0<\/span><span data-ccp-props=\"{}\">\u00a0<\/span><\/h2>\n<p><span data-contrast=\"auto\">Die\u0165a zvy\u010dajne povie svoje prv\u00e9 slov\u00e1 okolo 1. roku \u017eivota a \u010dasto je to slovo \u201emama\u201c. Od tohto momentu sa kon\u010d\u00ed obdobie relat\u00edvneho pokoja \u2013 a mama bude svoju prez\u00fdvku po\u010du\u0165 aj desiatky za de\u0148! Aby sme vyjadrili na\u0161u v\u010fa\u010dnos\u0165 za nekone\u010dn\u00e9 mno\u017estvo tepla, l\u00e1sky, trpezlivosti a empatie, ktor\u00e9 n\u00e1m na\u0161e matky d\u00e1vaj\u00fa, venujeme im v\u00fdnimo\u010dn\u00fd de\u0148 v roku. Je venovan\u00fd ich oceneniu a hovor\u00edme o <strong>Dni matiek<\/strong>. V tento de\u0148 zasyp\u00e1vame na\u0161e mamy kvetmi, dar\u010dekmi, \u010dokol\u00e1dami, tepl\u00fdmi slovami a bozkami. Aby bol tento de\u0148 naozaj v\u00fdnimo\u010dn\u00fd, <strong>str\u00e1vme nejak\u00fd \u010das s mamou<\/strong>. To je v\u0161etko, \u010d\u00edm sme star\u0161\u00ed, t\u00fdm je to cennej\u0161ie. Spolo\u010dn\u00fd piknik, v\u00fdlet do kina, chutn\u00e1 k\u00e1va a kol\u00e1\u010dik v kaviarni alebo jednoducho \u201ezasko\u010di\u0165 na \u010daj\u201c bud\u00fa t\u00fdm najkraj\u0161\u00edm dar\u010dekom pre va\u0161u mamu.<\/span><span data-ccp-props=\"{}\">\u00a0<\/span><\/p>\n<h2><span data-contrast=\"auto\">5 personalizovan\u00fdch dar\u010dekov ku D\u0148u matiek\u00a0<\/span><span data-ccp-props=\"{}\">\u00a0<\/span><\/h2>\n<p><span data-contrast=\"auto\">Mamy si zasl\u00fa\u017eia v\u0161etko, \u010do je najlep\u0161ie \u2013 preto je dobr\u00fd n\u00e1pad na dar\u010dek <strong>nie\u010do personalizovan\u00e9<\/strong>, a preto jedine\u010dn\u00e9 a neopakovate\u013en\u00e9 ako na\u0161a mama. Z personalizovan\u00fdch dar\u010dekov uv\u00e1dzame predov\u0161etk\u00fdm na\u0161u \u201eve\u013ek\u00fa p\u00e4\u0165ku\u201c, teda <strong>fotoknihy, obrazy, plag\u00e1ty, k\u013e\u00fa\u010denky a hrn\u010deky<\/strong>. Po\u010dkaj chv\u00ed\u013eu&#8230; Ma\u013eba ku D\u0148u matiek? Spr\u00e1vne! Plag\u00e1ty a obr\u00e1zky ku D\u0148u matiek ka\u017edoro\u010dne kradn\u00fa srdcia na\u0161ich mami\u010diek, najm\u00e4 ke\u010f pri ich navrhovan\u00ed pou\u017e\u00edvame spolo\u010dn\u00e9 z\u00e1bery najkraj\u0161\u00edch momentov. Fotografie vykopan\u00e9 z najvzdialenej\u0161\u00edch k\u00fatov albumov s\u00fa ide\u00e1lnym materi\u00e1lom na prenos do obrazu. Len p\u00e1r chv\u00ed\u013e str\u00e1ven\u00fdch skenovan\u00edm a voil\u00e0!<\/span><span data-ccp-props=\"{}\">\u00a0<\/span><\/p>\n<div id=\"attachment_9249\" style=\"width: 1546px\" class=\"wp-caption alignnone\"><img loading=\"lazy\" decoding=\"async\" aria-describedby=\"caption-attachment-9249\" class=\"wp-image-9249 size-full\" title=\"obr\u00e1zok ku D\u0148u matiek\" src=\"https:\/\/www.empikfoto.sk\/blog\/empikfoto\/2025\/04\/obraz-dla-mamy-1536x1001-1.jpg\" alt=\"\" width=\"1536\" height=\"1001\" srcset=\"https:\/\/www.empikfoto.sk\/blog\/empikfoto\/2025\/04\/obraz-dla-mamy-1536x1001-1.jpg 1536w, https:\/\/www.empikfoto.sk\/blog\/empikfoto\/2025\/04\/obraz-dla-mamy-1536x1001-1-300x196.jpg 300w, https:\/\/www.empikfoto.sk\/blog\/empikfoto\/2025\/04\/obraz-dla-mamy-1536x1001-1-1024x667.jpg 1024w, https:\/\/www.empikfoto.sk\/blog\/empikfoto\/2025\/04\/obraz-dla-mamy-1536x1001-1-768x501.jpg 768w, https:\/\/www.empikfoto.sk\/blog\/empikfoto\/2025\/04\/obraz-dla-mamy-1536x1001-1-400x261.jpg 400w\" sizes=\"(max-width: 1536px) 100vw, 1536px\" \/><p id=\"caption-attachment-9249\" class=\"wp-caption-text\">obr\u00e1zok ku D\u0148u matiek<\/p><\/div>\n<h2><span data-contrast=\"auto\">Obr\u00e1zok ku D\u0148u matiek \u2013 nieko\u013eko in\u0161pir\u00e1ci\u00ed od odborn\u00edkov na personaliz\u00e1ciu!<\/span><span data-ccp-props=\"{}\">\u00a0<\/span><\/h2>\n<p><span data-contrast=\"auto\"><a href=\"https:\/\/www.empikfoto.sk\/obrazy\">Obr\u00e1zok ku D\u0148u matiek <\/a>je produkt, ktor\u00fd sa d\u00e1 \u013eahko prisp\u00f4sobi\u0165. Jedin\u00e9, \u010do v\u00e1s obmedzuje, je va\u0161a vlastn\u00e1 predstavivos\u0165! V\u00e1\u0161 projekt m\u00f4\u017ee ma\u0165 ak\u00fako\u013evek podobu \u2013 a medzi na\u0161imi n\u00e1vrhmi n\u00e1jdete napr\u00edklad: Kol\u00e1\u017e, alebo kompoz\u00edciu mnoh\u00fdch fotografi\u00ed M\u00f4\u017eete prida\u0165 fotografie z detstva, fotografie z najd\u00f4le\u017eitej\u0161\u00edch momentov v \u017eivote va\u0161ej rodiny, fotografie nasn\u00edman\u00e9 telef\u00f3nom za posledn\u00fd rok alebo screenshoty z konverz\u00e1cie, ktor\u00e1 v\u00e1s skuto\u010dne dojala. Mo\u017eno m\u00e1te fotografie z profesion\u00e1lneho fotenia alebo ste s\u00e1m amat\u00e9rsky \u010di poloprofesion\u00e1lny fotograf. Pozvite svoju mamu na jedine\u010dn\u00fa rel\u00e1ciu v \u0161t\u00fadiu s listov\u00fdm pozad\u00edm a my v\u00e1m zaru\u010d\u00edme skvel\u00fa z\u00e1bavu a ve\u013ea smiechu!<\/span><span data-ccp-props=\"{}\">\u00a0<\/span><\/p>\n<h3><span data-contrast=\"auto\">Ob\u00e1lka nov\u00edn, alebo obr\u00e1zok ku D\u0148u matiek v ed\u00edcii Vogue\u00a0<\/span><span data-ccp-props=\"{}\">\u00a0<\/span><\/h3>\n<p><span data-contrast=\"auto\">Vyberte si fotku svojej mamy a pridajte k nej v editore Empik Foto n\u00e1zov \u010dasopisu, p\u00e1r p\u00fatav\u00fdch titulkov a, samozrejme, \u010d\u00edslo vydania a \u010diarov\u00fd k\u00f3d. Mama bude nepochybne pote\u0161en\u00e1 svojou v\u00f4bec prvou ob\u00e1lkou, najm\u00e4 ak sa uk\u00e1\u017ee, \u017ee je v\u00ed\u0165azkou plebiscitu \u010dasopisu \u201eNajlep\u0161ia mama\u201c.<\/span><span data-ccp-props=\"{}\">\u00a0<\/span><\/p>\n<h3><span data-contrast=\"auto\">N\u00e1stenka s vtipn\u00fdmi textami alebo v\u00fdrokmi\u00a0<\/span><span data-ccp-props=\"{}\">\u00a0<\/span><\/h3>\n<p><span data-contrast=\"auto\">Ka\u017ed\u00e1 mama m\u00e1 vo svojom arzen\u00e1li nieko\u013eko v\u00fdrokov, ktor\u00e9 sp\u00f4sobia, \u017ee jej deti okam\u017eite prevr\u00e1tia o\u010di. \u201eJedz m\u00e4so, nechaj zemiaky\u201c, \u201ea \u010do Katka dostala v teste?\u201c, \u201eNie si ka\u017ed\u00fd\u201c alebo \u201enajsk\u00f4r povinnosti, potom pote\u0161enie\u201c s\u00fa len niektor\u00e9 z v\u00fdrokov, ktor\u00fdmi s\u00fa zn\u00e1me na\u0161e mamy. Ak u\u017e m\u00e1te podobn\u00e9 v\u00fdroky na mysli, ako n\u00e1pad na fotku ku D\u0148u matiek sa mrknut\u00edm stan\u00fa perfektne \ud83d\ude09 Zme\u0148te fonty, pridajte kliparty alebo nechajte text \u010dist\u00fd a minimalistick\u00fd a dar\u010dek ur\u010dite vy\u010dar\u00ed \u00fasmev na mame! Ak m\u00e1te obmedzen\u00fd rozpo\u010det, vyberte si <a href=\"https:\/\/www.empikfoto.sk\/plagaty\">plag\u00e1t ku D\u0148u matiek<\/a>, ktor\u00fd dokonale zapadne do ak\u00e9hoko\u013evek r\u00e1mu, ktor\u00fd m\u00e1te. Vytvorte svoj projekt e\u0161te dnes \u2013 je to jednoduch\u00e9!<\/span><span data-ccp-props=\"{}\">\u00a0<\/span><\/p>\n<h3><span data-contrast=\"auto\">Rodokme\u0148\u00a0<\/span><span data-ccp-props=\"{}\">\u00a0<\/span><\/h3>\n<p><span data-contrast=\"auto\">Toto je nad\u010dasov\u00fd n\u00e1pad na obraz ku D\u0148u matiek. Bude to v\u0161ak od v\u00e1s vy\u017eadova\u0165 trochu v\u00e4\u010d\u0161ie nasadenie. N\u00e1jdenie mien a priezvisk pr\u00edbuzn\u00fdch, ich fotografi\u00ed alebo pochopenie rodinn\u00fdch v\u00e4zieb v\u00e1m d\u00e1 v noci spa\u0165 na pekn\u00fdch p\u00e1r noc\u00ed h\u013eadania. Obraz alebo plag\u00e1t zobrazuj\u00faci rodokme\u0148 je spomienkou, ktor\u00e1 v\u00e1m umo\u017en\u00ed vr\u00e1ti\u0165 sa v \u010dase k va\u0161im bl\u00edzkym, na ktor\u00fdch si m\u00e1lokedy m\u00e1te mo\u017enos\u0165 spomen\u00fa\u0165, a preh\u013abi aj rodinn\u00e9 v\u00e4zby prostredn\u00edctvom hod\u00edn rozhovorov o va\u0161ich predkoch. Naozaj to stoj\u00ed za to!<\/span><span data-ccp-props=\"{}\">\u00a0<\/span><\/p>\n<h3><span data-contrast=\"auto\">Ma\u013eba\u00a0<\/span><span data-ccp-props=\"{}\">\u00a0<\/span><\/h3>\n<p><span data-contrast=\"auto\">Vytvoren\u00e1 pod\u013ea vlastnej tvorivej invencie! Vyu\u017eite svoju predstavivos\u0165 a preneste svoju ob\u013e\u00faben\u00fa fotografiu na pl\u00e1tno alebo vytvorte \u00fapln\u00fa abstrakciu, ktor\u00fa bude va\u0161a mama milova\u0165. Aj ty m\u00f4\u017ee\u0161 by\u0165 maliar!<\/span><span data-ccp-props=\"{}\">\u00a0<\/span><\/p>\n<div id=\"attachment_9250\" style=\"width: 1546px\" class=\"wp-caption alignnone\"><img loading=\"lazy\" decoding=\"async\" aria-describedby=\"caption-attachment-9250\" class=\"wp-image-9250 size-full\" title=\"obr\u00e1zok ku D\u0148u matiek\" src=\"https:\/\/www.empikfoto.sk\/blog\/empikfoto\/2025\/04\/obraz-dla-mamy-2-1536x976-1.jpg\" alt=\"\" width=\"1536\" height=\"976\" srcset=\"https:\/\/www.empikfoto.sk\/blog\/empikfoto\/2025\/04\/obraz-dla-mamy-2-1536x976-1.jpg 1536w, https:\/\/www.empikfoto.sk\/blog\/empikfoto\/2025\/04\/obraz-dla-mamy-2-1536x976-1-300x191.jpg 300w, https:\/\/www.empikfoto.sk\/blog\/empikfoto\/2025\/04\/obraz-dla-mamy-2-1536x976-1-1024x651.jpg 1024w, https:\/\/www.empikfoto.sk\/blog\/empikfoto\/2025\/04\/obraz-dla-mamy-2-1536x976-1-768x488.jpg 768w, https:\/\/www.empikfoto.sk\/blog\/empikfoto\/2025\/04\/obraz-dla-mamy-2-1536x976-1-630x400.jpg 630w, https:\/\/www.empikfoto.sk\/blog\/empikfoto\/2025\/04\/obraz-dla-mamy-2-1536x976-1-400x254.jpg 400w\" sizes=\"(max-width: 1536px) 100vw, 1536px\" \/><p id=\"caption-attachment-9250\" class=\"wp-caption-text\">obr\u00e1zok ku d\u0148u matiek<\/p><\/div>\n<h3><span data-contrast=\"auto\">Plag\u00e1t ku D\u0148u matiek &#8211; lacnej\u0161ia alternat\u00edva, ktor\u00fa si zamilujete\u00a0<\/span><span data-ccp-props=\"{}\">\u00a0<\/span><\/h3>\n<p><span data-contrast=\"auto\">Obraz ku D\u0148u matiek je kr\u00e1sna pamiatka vytla\u010den\u00e1 na skuto\u010dnom pl\u00e1tne. Ak v\u0161ak h\u013ead\u00e1te in\u00fa a lacnej\u0161iu formu personalizovanej dekor\u00e1cie na stenu, lep\u0161ou vo\u013ebou ako dar\u010dek m\u00f4\u017ee by\u0165 plag\u00e1t vlastn\u00e9ho dizajnu. Plag\u00e1t ku D\u0148u matiek si m\u00f4\u017eete objedna\u0165 aj s r\u00e1mom. <strong>Ne\u010dakajte s objedn\u00e1vkou na posledn\u00fa chv\u00ed\u013eu<\/strong>, aby ste sa uistili, \u017ee sa k v\u00e1m dostane v\u010das. Aby bola va\u0161a objedn\u00e1vka doru\u010den\u00e1 v\u010das, po\u010dkajte pribli\u017ene 4-5 dn\u00ed na v\u00fdrobu a pribli\u017ene 2 dni na doru\u010denie. To v\u00e1m umo\u017en\u00ed osl\u00e1vi\u0165 De\u0148 matiek bez zbyto\u010dn\u00e9ho stresu z ob\u00e1v o dar\u010dek!<\/span><span data-ccp-props=\"{}\">\u00a0<\/span><\/p>\n","protected":false},"excerpt":{"rendered":"<p>Internetom u\u017e nieko\u013eko rokov koluje video, na ktorom personalista zaznamen\u00e1va pohovory s kandid\u00e1tmi na \u201enaj\u0165a\u017e\u0161iu pr\u00e1cu na svete\u201c. Po\u017eiadavky s\u00fa pr\u00edsne a zah\u0155\u0148aj\u00fa okrem in\u00e9ho: nutnos\u0165 pracova\u0165 takmer 24 hod\u00edn denne, stara\u0165 sa o \u010dloveka, ktor\u00fd si vy\u017eaduje neust\u00e1lu anga\u017eovanos\u0165 a pozornos\u0165, neust\u00e1le rast\u00faci po\u010det povinnost\u00ed a navy\u0161e \u2013 plat okolo 0 EUR. Ak ste toto video nevideli a st\u00e1le sa p\u00fdtate, ak\u00e1 poz\u00edcia m\u00e1 tak\u00e9to iracion\u00e1lne po\u017eiadavky, sme tu, aby sme v\u00e1m pomohli. Toto bol n\u00e1bor pre&#8230; mamu! \ud83d\ude42\u00a0 N\u00e1pady na oslavu D\u0148a matiek\u00a0\u00a0 Die\u0165a zvy\u010dajne povie svoje prv\u00e9 slov\u00e1 okolo 1. roku \u017eivota a \u010dasto je to slovo \u201emama\u201c. Od tohto momentu sa kon\u010d\u00ed obdobie relat\u00edvneho pokoja \u2013 a mama bude svoju prez\u00fdvku po\u010du\u0165 aj desiatky za de\u0148! Aby sme vyjadrili na\u0161u v\u010fa\u010dnos\u0165 za nekone\u010dn\u00e9 mno\u017estvo tepla, l\u00e1sky, trpezlivosti a empatie, ktor\u00e9 n\u00e1m na\u0161e matky d\u00e1vaj\u00fa, venujeme im v\u00fdnimo\u010dn\u00fd de\u0148 v roku. Je venovan\u00fd ich oceneniu a hovor\u00edme o Dni matiek. V tento de\u0148 zasyp\u00e1vame na\u0161e mamy kvetmi, dar\u010dekmi, \u010dokol\u00e1dami, tepl\u00fdmi slovami a bozkami. Aby bol tento de\u0148 naozaj v\u00fdnimo\u010dn\u00fd, str\u00e1vme nejak\u00fd \u010das s mamou. To je v\u0161etko, \u010d\u00edm sme star\u0161\u00ed, t\u00fdm je to cennej\u0161ie. Spolo\u010dn\u00fd piknik, v\u00fdlet do kina, chutn\u00e1 k\u00e1va a kol\u00e1\u010dik v kaviarni alebo jednoducho \u201ezasko\u010di\u0165 na \u010daj\u201c bud\u00fa t\u00fdm najkraj\u0161\u00edm dar\u010dekom pre va\u0161u mamu.\u00a0 5 personalizovan\u00fdch dar\u010dekov ku D\u0148u matiek\u00a0\u00a0 Mamy si zasl\u00fa\u017eia v\u0161etko, \u010do je najlep\u0161ie \u2013 preto je dobr\u00fd n\u00e1pad na dar\u010dek nie\u010do personalizovan\u00e9, a preto jedine\u010dn\u00e9 a neopakovate\u013en\u00e9 ako na\u0161a mama. Z personalizovan\u00fdch dar\u010dekov uv\u00e1dzame predov\u0161etk\u00fdm na\u0161u \u201eve\u013ek\u00fa p\u00e4\u0165ku\u201c, teda fotoknihy, obrazy, plag\u00e1ty, k\u013e\u00fa\u010denky a hrn\u010deky. Po\u010dkaj chv\u00ed\u013eu&#8230; Ma\u013eba ku D\u0148u matiek? Spr\u00e1vne! Plag\u00e1ty a obr\u00e1zky ku D\u0148u matiek ka\u017edoro\u010dne kradn\u00fa srdcia na\u0161ich mami\u010diek, najm\u00e4 ke\u010f pri ich navrhovan\u00ed pou\u017e\u00edvame spolo\u010dn\u00e9 z\u00e1bery najkraj\u0161\u00edch momentov. Fotografie vykopan\u00e9 z najvzdialenej\u0161\u00edch k\u00fatov albumov s\u00fa ide\u00e1lnym materi\u00e1lom na prenos do obrazu. Len p\u00e1r chv\u00ed\u013e str\u00e1ven\u00fdch skenovan\u00edm a voil\u00e0!\u00a0 Obr\u00e1zok ku D\u0148u matiek \u2013 nieko\u013eko in\u0161pir\u00e1ci\u00ed od odborn\u00edkov na personaliz\u00e1ciu!\u00a0 Obr\u00e1zok ku D\u0148u matiek je produkt, ktor\u00fd sa d\u00e1 \u013eahko prisp\u00f4sobi\u0165. Jedin\u00e9, \u010do v\u00e1s obmedzuje, je va\u0161a vlastn\u00e1 predstavivos\u0165! V\u00e1\u0161 projekt m\u00f4\u017ee ma\u0165 ak\u00fako\u013evek podobu \u2013 a medzi na\u0161imi n\u00e1vrhmi n\u00e1jdete napr\u00edklad: Kol\u00e1\u017e, alebo kompoz\u00edciu mnoh\u00fdch fotografi\u00ed M\u00f4\u017eete prida\u0165 fotografie z detstva, fotografie z najd\u00f4le\u017eitej\u0161\u00edch momentov v \u017eivote va\u0161ej rodiny, fotografie nasn\u00edman\u00e9 telef\u00f3nom za posledn\u00fd rok alebo screenshoty z konverz\u00e1cie, ktor\u00e1 v\u00e1s skuto\u010dne dojala. Mo\u017eno m\u00e1te fotografie z profesion\u00e1lneho fotenia alebo ste s\u00e1m amat\u00e9rsky \u010di poloprofesion\u00e1lny fotograf. Pozvite svoju mamu na jedine\u010dn\u00fa rel\u00e1ciu v \u0161t\u00fadiu s listov\u00fdm pozad\u00edm a my v\u00e1m zaru\u010d\u00edme skvel\u00fa z\u00e1bavu a ve\u013ea smiechu!\u00a0 Ob\u00e1lka nov\u00edn, alebo obr\u00e1zok ku D\u0148u matiek v ed\u00edcii Vogue\u00a0\u00a0 Vyberte si fotku svojej mamy a pridajte k nej v editore Empik Foto n\u00e1zov \u010dasopisu, p\u00e1r p\u00fatav\u00fdch titulkov a, samozrejme, \u010d\u00edslo vydania a \u010diarov\u00fd k\u00f3d. Mama bude nepochybne pote\u0161en\u00e1 svojou v\u00f4bec prvou ob\u00e1lkou, najm\u00e4 ak sa uk\u00e1\u017ee, \u017ee je v\u00ed\u0165azkou plebiscitu \u010dasopisu \u201eNajlep\u0161ia mama\u201c.\u00a0 N\u00e1stenka s vtipn\u00fdmi textami alebo v\u00fdrokmi\u00a0\u00a0 Ka\u017ed\u00e1 mama m\u00e1 vo svojom arzen\u00e1li nieko\u013eko v\u00fdrokov, ktor\u00e9 sp\u00f4sobia, \u017ee jej deti okam\u017eite prevr\u00e1tia o\u010di. \u201eJedz m\u00e4so, nechaj zemiaky\u201c, \u201ea \u010do Katka dostala v teste?\u201c, \u201eNie si ka\u017ed\u00fd\u201c alebo \u201enajsk\u00f4r povinnosti, potom pote\u0161enie\u201c s\u00fa len niektor\u00e9 z v\u00fdrokov, ktor\u00fdmi s\u00fa zn\u00e1me na\u0161e mamy. Ak u\u017e m\u00e1te podobn\u00e9 v\u00fdroky na mysli, ako n\u00e1pad na fotku ku D\u0148u matiek sa mrknut\u00edm stan\u00fa perfektne \ud83d\ude09 Zme\u0148te fonty, pridajte kliparty alebo nechajte text \u010dist\u00fd a minimalistick\u00fd a dar\u010dek ur\u010dite vy\u010dar\u00ed \u00fasmev na mame! Ak m\u00e1te obmedzen\u00fd rozpo\u010det, vyberte si plag\u00e1t ku D\u0148u matiek, ktor\u00fd dokonale zapadne do ak\u00e9hoko\u013evek r\u00e1mu, ktor\u00fd m\u00e1te. Vytvorte svoj projekt e\u0161te dnes \u2013 je to jednoduch\u00e9!\u00a0 Rodokme\u0148\u00a0\u00a0 Toto je nad\u010dasov\u00fd n\u00e1pad na obraz ku D\u0148u matiek. Bude to v\u0161ak od v\u00e1s vy\u017eadova\u0165 trochu v\u00e4\u010d\u0161ie nasadenie. N\u00e1jdenie mien a priezvisk pr\u00edbuzn\u00fdch, ich fotografi\u00ed alebo pochopenie rodinn\u00fdch v\u00e4zieb v\u00e1m d\u00e1 v noci spa\u0165 na pekn\u00fdch p\u00e1r noc\u00ed h\u013eadania. Obraz alebo plag\u00e1t zobrazuj\u00faci rodokme\u0148 je spomienkou, ktor\u00e1 v\u00e1m umo\u017en\u00ed vr\u00e1ti\u0165 sa v \u010dase k va\u0161im bl\u00edzkym, na ktor\u00fdch si m\u00e1lokedy m\u00e1te mo\u017enos\u0165 spomen\u00fa\u0165, a preh\u013abi aj rodinn\u00e9 v\u00e4zby prostredn\u00edctvom hod\u00edn rozhovorov o va\u0161ich predkoch. Naozaj to stoj\u00ed za to!\u00a0 Ma\u013eba\u00a0\u00a0 Vytvoren\u00e1 pod\u013ea vlastnej tvorivej invencie! Vyu\u017eite svoju predstavivos\u0165 a preneste svoju ob\u013e\u00faben\u00fa fotografiu na pl\u00e1tno alebo vytvorte \u00fapln\u00fa abstrakciu, ktor\u00fa bude va\u0161a mama milova\u0165. Aj ty m\u00f4\u017ee\u0161 by\u0165 maliar!\u00a0 Plag\u00e1t ku D\u0148u matiek &#8211; lacnej\u0161ia alternat\u00edva, ktor\u00fa si zamilujete\u00a0\u00a0 Obraz ku D\u0148u matiek je kr\u00e1sna pamiatka vytla\u010den\u00e1 na skuto\u010dnom pl\u00e1tne. Ak v\u0161ak h\u013ead\u00e1te in\u00fa a lacnej\u0161iu formu personalizovanej dekor\u00e1cie na stenu, lep\u0161ou vo\u013ebou ako dar\u010dek m\u00f4\u017ee by\u0165 plag\u00e1t vlastn\u00e9ho dizajnu. Plag\u00e1t ku D\u0148u matiek si m\u00f4\u017eete objedna\u0165 aj s r\u00e1mom. Ne\u010dakajte s objedn\u00e1vkou na posledn\u00fa chv\u00ed\u013eu, aby ste sa uistili, \u017ee sa k v\u00e1m dostane v\u010das. Aby bola va\u0161a objedn\u00e1vka doru\u010den\u00e1 v\u010das, po\u010dkajte pribli\u017ene 4-5 dn\u00ed na v\u00fdrobu a pribli\u017ene 2 dni na doru\u010denie. To v\u00e1m umo\u017en\u00ed osl\u00e1vi\u0165 De\u0148 matiek bez zbyto\u010dn\u00e9ho stresu z ob\u00e1v o dar\u010dek!\u00a0<\/p>\n","protected":false},"author":26,"featured_media":9248,"comment_status":"closed","ping_status":"closed","sticky":false,"template":"","format":"standard","meta":{"footnotes":""},"categories":[1],"tags":[],"yoast_head":"<!-- This site is optimized with the Yoast SEO plugin v23.0 - https:\/\/yoast.com\/wordpress\/plugins\/seo\/ -->\n<title>Personalizovan\u00fd obr\u00e1zok ku D\u0148u matiek? Je to jednoduch\u0161ie, ako si mysl\u00edte! | blog.empikfoto.sk<\/title>\n<meta name=\"description\" content=\"H\u013ead\u00e1te n\u00e1pad ku D\u0148u matiek? Pozrite na\u0161u \u0161irok\u00fa ponuku produktov. Obr\u00e1zok ku d\u0148u matiek, plag\u00e1ty, hrn\u010deky a ve\u013ea viac. Ne\u010dakajte!\" \/>\n<meta name=\"robots\" content=\"index, follow, max-snippet:-1, max-image-preview:large, max-video-preview:-1\" \/>\n<link rel=\"canonical\" href=\"https:\/\/www.empikfoto.sk\/blog\/personalizovany-obrazok-ku-dnu-matiek-je-to-jednoduchsie-ako-si-myslite\/\" \/>\n<meta property=\"og:locale\" content=\"pl_PL\" \/>\n<meta property=\"og:type\" content=\"article\" \/>\n<meta property=\"og:title\" content=\"Personalizovan\u00fd obr\u00e1zok ku D\u0148u matiek? Je to jednoduch\u0161ie, ako si mysl\u00edte! | blog.empikfoto.sk\" \/>\n<meta property=\"og:description\" content=\"H\u013ead\u00e1te n\u00e1pad ku D\u0148u matiek? Pozrite na\u0161u \u0161irok\u00fa ponuku produktov. Obr\u00e1zok ku d\u0148u matiek, plag\u00e1ty, hrn\u010deky a ve\u013ea viac. Ne\u010dakajte!\" \/>\n<meta property=\"og:url\" content=\"https:\/\/www.empikfoto.sk\/blog\/personalizovany-obrazok-ku-dnu-matiek-je-to-jednoduchsie-ako-si-myslite\/\" \/>\n<meta property=\"og:site_name\" content=\"blog.empikfoto.sk\" \/>\n<meta property=\"article:publisher\" content=\"https:\/\/www.facebook.com\/empikfotopl\/\" \/>\n<meta property=\"article:published_time\" content=\"2025-04-02T08:48:35+00:00\" \/>\n<meta property=\"og:image\" content=\"https:\/\/www.empikfoto.sk\/blog\/empikfoto\/2025\/04\/obraz-na-dzien-mamy-750x375-1.jpg\" \/>\n\t<meta property=\"og:image:width\" content=\"750\" \/>\n\t<meta property=\"og:image:height\" content=\"375\" \/>\n\t<meta property=\"og:image:type\" content=\"image\/jpeg\" \/>\n<meta name=\"author\" content=\"Aleksandra Patryn\" \/>\n<meta name=\"twitter:card\" content=\"summary_large_image\" \/>\n<meta name=\"twitter:creator\" content=\"@empikfoto\" \/>\n<meta name=\"twitter:site\" content=\"@empikfoto\" \/>\n<meta name=\"twitter:label1\" content=\"Napisane przez\" \/>\n\t<meta name=\"twitter:data1\" content=\"Aleksandra Patryn\" \/>\n\t<meta name=\"twitter:label2\" content=\"Szacowany czas czytania\" \/>\n\t<meta name=\"twitter:data2\" content=\"6 minut\" \/>\n<script type=\"application\/ld+json\" class=\"yoast-schema-graph\">{\"@context\":\"https:\/\/schema.org\",\"@graph\":[{\"@type\":\"WebPage\",\"@id\":\"https:\/\/www.empikfoto.sk\/blog\/personalizovany-obrazok-ku-dnu-matiek-je-to-jednoduchsie-ako-si-myslite\/\",\"url\":\"https:\/\/www.empikfoto.sk\/blog\/personalizovany-obrazok-ku-dnu-matiek-je-to-jednoduchsie-ako-si-myslite\/\",\"name\":\"Personalizovan\u00fd obr\u00e1zok ku D\u0148u matiek? Je to jednoduch\u0161ie, ako si mysl\u00edte! | blog.empikfoto.sk\",\"isPartOf\":{\"@id\":\"https:\/\/www.empikfoto.sk\/blog\/#website\"},\"primaryImageOfPage\":{\"@id\":\"https:\/\/www.empikfoto.sk\/blog\/personalizovany-obrazok-ku-dnu-matiek-je-to-jednoduchsie-ako-si-myslite\/#primaryimage\"},\"image\":{\"@id\":\"https:\/\/www.empikfoto.sk\/blog\/personalizovany-obrazok-ku-dnu-matiek-je-to-jednoduchsie-ako-si-myslite\/#primaryimage\"},\"thumbnailUrl\":\"https:\/\/www.empikfoto.sk\/blog\/empikfoto\/2025\/04\/obraz-na-dzien-mamy-750x375-1.jpg\",\"datePublished\":\"2025-04-02T08:48:35+00:00\",\"dateModified\":\"2025-04-02T08:48:35+00:00\",\"author\":{\"@id\":\"https:\/\/www.empikfoto.sk\/blog\/#\/schema\/person\/e1126ac5b53a7df5dd19887fe52b213a\"},\"description\":\"H\u013ead\u00e1te n\u00e1pad ku D\u0148u matiek? Pozrite na\u0161u \u0161irok\u00fa ponuku produktov. Obr\u00e1zok ku d\u0148u matiek, plag\u00e1ty, hrn\u010deky a ve\u013ea viac. Ne\u010dakajte!\",\"breadcrumb\":{\"@id\":\"https:\/\/www.empikfoto.sk\/blog\/personalizovany-obrazok-ku-dnu-matiek-je-to-jednoduchsie-ako-si-myslite\/#breadcrumb\"},\"inLanguage\":\"pl-PL\",\"potentialAction\":[{\"@type\":\"ReadAction\",\"target\":[\"https:\/\/www.empikfoto.sk\/blog\/personalizovany-obrazok-ku-dnu-matiek-je-to-jednoduchsie-ako-si-myslite\/\"]}]},{\"@type\":\"ImageObject\",\"inLanguage\":\"pl-PL\",\"@id\":\"https:\/\/www.empikfoto.sk\/blog\/personalizovany-obrazok-ku-dnu-matiek-je-to-jednoduchsie-ako-si-myslite\/#primaryimage\",\"url\":\"https:\/\/www.empikfoto.sk\/blog\/empikfoto\/2025\/04\/obraz-na-dzien-mamy-750x375-1.jpg\",\"contentUrl\":\"https:\/\/www.empikfoto.sk\/blog\/empikfoto\/2025\/04\/obraz-na-dzien-mamy-750x375-1.jpg\",\"width\":750,\"height\":375,\"caption\":\"obr\u00e1zok ku d\u0148u matiek\"},{\"@type\":\"BreadcrumbList\",\"@id\":\"https:\/\/www.empikfoto.sk\/blog\/personalizovany-obrazok-ku-dnu-matiek-je-to-jednoduchsie-ako-si-myslite\/#breadcrumb\",\"itemListElement\":[{\"@type\":\"ListItem\",\"position\":1,\"name\":\"Home\",\"item\":\"https:\/\/www.empikfoto.sk\/blog\/\"},{\"@type\":\"ListItem\",\"position\":2,\"name\":\"Personalizovan\u00fd obr\u00e1zok ku D\u0148u matiek? Je to jednoduch\u0161ie, ako si mysl\u00edte!\"}]},{\"@type\":\"WebSite\",\"@id\":\"https:\/\/www.empikfoto.sk\/blog\/#website\",\"url\":\"https:\/\/www.empikfoto.sk\/blog\/\",\"name\":\"blog.empikfoto.sk\",\"description\":\"Zozn\u00e1mte empikfoto.sk zvn\u00fatra! Z\u00edskajte viac inform\u00e1ci\u00ed o v\u00fdtla\u010dkoch, fotoknih\u00e1ch a fotografi\u00e1ch.\",\"potentialAction\":[{\"@type\":\"SearchAction\",\"target\":{\"@type\":\"EntryPoint\",\"urlTemplate\":\"https:\/\/www.empikfoto.sk\/blog\/?s={search_term_string}\"},\"query-input\":\"required name=search_term_string\"}],\"inLanguage\":\"pl-PL\"},{\"@type\":\"Person\",\"@id\":\"https:\/\/www.empikfoto.sk\/blog\/#\/schema\/person\/e1126ac5b53a7df5dd19887fe52b213a\",\"name\":\"Aleksandra Patryn\",\"image\":{\"@type\":\"ImageObject\",\"inLanguage\":\"pl-PL\",\"@id\":\"https:\/\/www.empikfoto.sk\/blog\/#\/schema\/person\/image\/\",\"url\":\"https:\/\/secure.gravatar.com\/avatar\/5adbd8b2cc09bb8baefb52dc74bdbd37?s=96&d=identicon&r=g\",\"contentUrl\":\"https:\/\/secure.gravatar.com\/avatar\/5adbd8b2cc09bb8baefb52dc74bdbd37?s=96&d=identicon&r=g\",\"caption\":\"Aleksandra Patryn\"},\"url\":\"https:\/\/www.empikfoto.sk\/blog\/author\/apatryn\/\"}]}<\/script>\n<!-- \/ Yoast SEO plugin. -->","yoast_head_json":{"title":"Personalizovan\u00fd obr\u00e1zok ku D\u0148u matiek? Je to jednoduch\u0161ie, ako si mysl\u00edte! | blog.empikfoto.sk","description":"H\u013ead\u00e1te n\u00e1pad ku D\u0148u matiek? Pozrite na\u0161u \u0161irok\u00fa ponuku produktov. Obr\u00e1zok ku d\u0148u matiek, plag\u00e1ty, hrn\u010deky a ve\u013ea viac. Ne\u010dakajte!","robots":{"index":"index","follow":"follow","max-snippet":"max-snippet:-1","max-image-preview":"max-image-preview:large","max-video-preview":"max-video-preview:-1"},"canonical":"https:\/\/www.empikfoto.sk\/blog\/personalizovany-obrazok-ku-dnu-matiek-je-to-jednoduchsie-ako-si-myslite\/","og_locale":"pl_PL","og_type":"article","og_title":"Personalizovan\u00fd obr\u00e1zok ku D\u0148u matiek? Je to jednoduch\u0161ie, ako si mysl\u00edte! | blog.empikfoto.sk","og_description":"H\u013ead\u00e1te n\u00e1pad ku D\u0148u matiek? Pozrite na\u0161u \u0161irok\u00fa ponuku produktov. Obr\u00e1zok ku d\u0148u matiek, plag\u00e1ty, hrn\u010deky a ve\u013ea viac. Ne\u010dakajte!","og_url":"https:\/\/www.empikfoto.sk\/blog\/personalizovany-obrazok-ku-dnu-matiek-je-to-jednoduchsie-ako-si-myslite\/","og_site_name":"blog.empikfoto.sk","article_publisher":"https:\/\/www.facebook.com\/empikfotopl\/","article_published_time":"2025-04-02T08:48:35+00:00","og_image":[{"width":750,"height":375,"url":"https:\/\/www.empikfoto.sk\/blog\/empikfoto\/2025\/04\/obraz-na-dzien-mamy-750x375-1.jpg","type":"image\/jpeg"}],"author":"Aleksandra Patryn","twitter_card":"summary_large_image","twitter_creator":"@empikfoto","twitter_site":"@empikfoto","twitter_misc":{"Napisane przez":"Aleksandra Patryn","Szacowany czas czytania":"6 minut"},"schema":{"@context":"https:\/\/schema.org","@graph":[{"@type":"WebPage","@id":"https:\/\/www.empikfoto.sk\/blog\/personalizovany-obrazok-ku-dnu-matiek-je-to-jednoduchsie-ako-si-myslite\/","url":"https:\/\/www.empikfoto.sk\/blog\/personalizovany-obrazok-ku-dnu-matiek-je-to-jednoduchsie-ako-si-myslite\/","name":"Personalizovan\u00fd obr\u00e1zok ku D\u0148u matiek? Je to jednoduch\u0161ie, ako si mysl\u00edte! | blog.empikfoto.sk","isPartOf":{"@id":"https:\/\/www.empikfoto.sk\/blog\/#website"},"primaryImageOfPage":{"@id":"https:\/\/www.empikfoto.sk\/blog\/personalizovany-obrazok-ku-dnu-matiek-je-to-jednoduchsie-ako-si-myslite\/#primaryimage"},"image":{"@id":"https:\/\/www.empikfoto.sk\/blog\/personalizovany-obrazok-ku-dnu-matiek-je-to-jednoduchsie-ako-si-myslite\/#primaryimage"},"thumbnailUrl":"https:\/\/www.empikfoto.sk\/blog\/empikfoto\/2025\/04\/obraz-na-dzien-mamy-750x375-1.jpg","datePublished":"2025-04-02T08:48:35+00:00","dateModified":"2025-04-02T08:48:35+00:00","author":{"@id":"https:\/\/www.empikfoto.sk\/blog\/#\/schema\/person\/e1126ac5b53a7df5dd19887fe52b213a"},"description":"H\u013ead\u00e1te n\u00e1pad ku D\u0148u matiek? Pozrite na\u0161u \u0161irok\u00fa ponuku produktov. Obr\u00e1zok ku d\u0148u matiek, plag\u00e1ty, hrn\u010deky a ve\u013ea viac. Ne\u010dakajte!","breadcrumb":{"@id":"https:\/\/www.empikfoto.sk\/blog\/personalizovany-obrazok-ku-dnu-matiek-je-to-jednoduchsie-ako-si-myslite\/#breadcrumb"},"inLanguage":"pl-PL","potentialAction":[{"@type":"ReadAction","target":["https:\/\/www.empikfoto.sk\/blog\/personalizovany-obrazok-ku-dnu-matiek-je-to-jednoduchsie-ako-si-myslite\/"]}]},{"@type":"ImageObject","inLanguage":"pl-PL","@id":"https:\/\/www.empikfoto.sk\/blog\/personalizovany-obrazok-ku-dnu-matiek-je-to-jednoduchsie-ako-si-myslite\/#primaryimage","url":"https:\/\/www.empikfoto.sk\/blog\/empikfoto\/2025\/04\/obraz-na-dzien-mamy-750x375-1.jpg","contentUrl":"https:\/\/www.empikfoto.sk\/blog\/empikfoto\/2025\/04\/obraz-na-dzien-mamy-750x375-1.jpg","width":750,"height":375,"caption":"obr\u00e1zok ku d\u0148u matiek"},{"@type":"BreadcrumbList","@id":"https:\/\/www.empikfoto.sk\/blog\/personalizovany-obrazok-ku-dnu-matiek-je-to-jednoduchsie-ako-si-myslite\/#breadcrumb","itemListElement":[{"@type":"ListItem","position":1,"name":"Home","item":"https:\/\/www.empikfoto.sk\/blog\/"},{"@type":"ListItem","position":2,"name":"Personalizovan\u00fd obr\u00e1zok ku D\u0148u matiek? Je to jednoduch\u0161ie, ako si mysl\u00edte!"}]},{"@type":"WebSite","@id":"https:\/\/www.empikfoto.sk\/blog\/#website","url":"https:\/\/www.empikfoto.sk\/blog\/","name":"blog.empikfoto.sk","description":"Zozn\u00e1mte empikfoto.sk zvn\u00fatra! Z\u00edskajte viac inform\u00e1ci\u00ed o v\u00fdtla\u010dkoch, fotoknih\u00e1ch a fotografi\u00e1ch.","potentialAction":[{"@type":"SearchAction","target":{"@type":"EntryPoint","urlTemplate":"https:\/\/www.empikfoto.sk\/blog\/?s={search_term_string}"},"query-input":"required name=search_term_string"}],"inLanguage":"pl-PL"},{"@type":"Person","@id":"https:\/\/www.empikfoto.sk\/blog\/#\/schema\/person\/e1126ac5b53a7df5dd19887fe52b213a","name":"Aleksandra Patryn","image":{"@type":"ImageObject","inLanguage":"pl-PL","@id":"https:\/\/www.empikfoto.sk\/blog\/#\/schema\/person\/image\/","url":"https:\/\/secure.gravatar.com\/avatar\/5adbd8b2cc09bb8baefb52dc74bdbd37?s=96&d=identicon&r=g","contentUrl":"https:\/\/secure.gravatar.com\/avatar\/5adbd8b2cc09bb8baefb52dc74bdbd37?s=96&d=identicon&r=g","caption":"Aleksandra Patryn"},"url":"https:\/\/www.empikfoto.sk\/blog\/author\/apatryn\/"}]}},"_links":{"self":[{"href":"https:\/\/www.empikfoto.sk\/blog\/wp-json\/wp\/v2\/posts\/9247"}],"collection":[{"href":"https:\/\/www.empikfoto.sk\/blog\/wp-json\/wp\/v2\/posts"}],"about":[{"href":"https:\/\/www.empikfoto.sk\/blog\/wp-json\/wp\/v2\/types\/post"}],"author":[{"embeddable":true,"href":"https:\/\/www.empikfoto.sk\/blog\/wp-json\/wp\/v2\/users\/26"}],"replies":[{"embeddable":true,"href":"https:\/\/www.empikfoto.sk\/blog\/wp-json\/wp\/v2\/comments?post=9247"}],"version-history":[{"count":1,"href":"https:\/\/www.empikfoto.sk\/blog\/wp-json\/wp\/v2\/posts\/9247\/revisions"}],"predecessor-version":[{"id":9251,"href":"https:\/\/www.empikfoto.sk\/blog\/wp-json\/wp\/v2\/posts\/9247\/revisions\/9251"}],"wp:featuredmedia":[{"embeddable":true,"href":"https:\/\/www.empikfoto.sk\/blog\/wp-json\/wp\/v2\/media\/9248"}],"wp:attachment":[{"href":"https:\/\/www.empikfoto.sk\/blog\/wp-json\/wp\/v2\/media?parent=9247"}],"wp:term":[{"taxonomy":"category","embeddable":true,"href":"https:\/\/www.empikfoto.sk\/blog\/wp-json\/wp\/v2\/categories?post=9247"},{"taxonomy":"post_tag","embeddable":true,"href":"https:\/\/www.empikfoto.sk\/blog\/wp-json\/wp\/v2\/tags?post=9247"}],"curies":[{"name":"wp","href":"https:\/\/api.w.org\/{rel}","templated":true}]}}