{"id":9227,"date":"2025-01-23T11:52:50","date_gmt":"2025-01-23T10:52:50","guid":{"rendered":"https:\/\/www.empikfoto.sk\/blog\/?p=9227"},"modified":"2025-01-23T11:52:50","modified_gmt":"2025-01-23T10:52:50","slug":"valentinsky-darcek-pre-neho-aky-darcek-dat-svojmu-chlapcovi","status":"publish","type":"post","link":"https:\/\/www.empikfoto.sk\/blog\/valentinsky-darcek-pre-neho-aky-darcek-dat-svojmu-chlapcovi\/","title":{"rendered":"Valent\u00ednsky dar\u010dek pre neho &#8211; ak\u00fd dar\u010dek da\u0165 svojmu chlapcovi?"},"content":{"rendered":"<p><strong>\u010ci u\u017e je to v\u00e1\u0161 prv\u00fd, piaty alebo desiaty spolo\u010dn\u00fd Valent\u00edn &#8211; mal\u00fd dar\u010dek v de\u0148, ktor\u00fd oslavuje l\u00e1sku, v\u00e1s m\u00f4\u017ee roz\u017eiari\u0165! Aj po mnoh\u00fdch a mnoh\u00fdch spolo\u010dne str\u00e1ven\u00fdch rokoch sa Valent\u00edn oplat\u00ed osl\u00e1vi\u0165. Mal\u00e9 gesto, ob\u013e\u00faben\u00e1 k\u00e1va pod\u00e1van\u00e1 priamo do postele alebo starostlivo napl\u00e1novan\u00fd v\u00fdlet do kina daj\u00fa va\u0161ej druhej polovi\u010dke poc\u00edti\u0165, \u017ee v\u00e1m na nej st\u00e1le z\u00e1le\u017e\u00ed. Valent\u00edn je u\u017e 14. febru\u00e1ra, preto sme sa rozhodli in\u0161pirova\u0165 v\u00e1s nieko\u013ek\u00fdmi n\u00e1padmi na jeho oslavu&#8230;..<\/strong><\/p>\n<p>&nbsp;<\/p>\n<h2>Ako vybra\u0165 valent\u00ednsky dar\u010dek pre svojho chlapca?<\/h2>\n<p>V prvom rade za\u010dnite prem\u00fd\u0161\u013ea\u0165. <strong>\u010co va\u0161a polovi\u010dka rada rob\u00ed?<\/strong> \u010co by mohol jes\u0165 st\u00e1le? \u010co u\u017e spom\u00ednal, \u017ee by chcel ma\u0165, ale nec\u00edti sa dobre, ke\u010f si to m\u00e1 k\u00fapi\u0165? Ak\u00e9 z\u00e1ujmy m\u00e1 on alebo ona? Ak\u00e9 filmy m\u00e1 r\u00e1d? Ako najrad\u0161ej tr\u00e1vi svoj vo\u013en\u00fd \u010das? Ak\u00e9 hry hr\u00e1 naj\u010dastej\u0161ie? U\u017e <strong>prem\u00fd\u0161\u013eanie nad t\u00fdmito ot\u00e1zkami v\u00e1m m\u00f4\u017ee poskytn\u00fa\u0165 ur\u010dit\u00e9 ind\u00edcie<\/strong>. V\u00fdber dar\u010deka nemus\u00ed by\u0165 jednoduch\u00fd, ale v\u00e1\u0161 priate\u013e ur\u010dite viac ocen\u00ed premyslen\u00fd dar\u010dek prisp\u00f4soben\u00fd jeho z\u00e1ujmom ako \u010fal\u0161iu drobnos\u0165 v tvare srdca. Na Valent\u00edna sa m\u00f4\u017eete rozhodn\u00fa\u0165 aj pre praktick\u00fd dar\u010dek. St\u00e1le si spom\u00ednam na de\u0148, ke\u010f dar\u010dek m\u00f4jho sn\u00fabenca obsahoval&#8230; hasiaci pr\u00edstroj. Bol nevyhnutn\u00fd pre nov\u00e9 auto a zaka\u017ed\u00fdm sa mi zdalo d\u00f4le\u017eitej\u0161ie k\u00fapi\u0165 nie\u010do in\u00e9. Praktick\u00fd dar\u010dek je aj tak\u00fd, ktor\u00fd \u010dasto pou\u017e\u00edvame &#8211; \u010depele do elektrick\u00e9ho holiaceho stroj\u010deka, sada n\u00e1pln\u00ed do ob\u013e\u00faben\u00e9ho pera pre \u0161\u0165astie, kr\u00e1sny parfum, ktor\u00fd je na vy\u010derpanie, alebo<a href=\"https:\/\/www.empikfoto.sk\/fotodarceky\/fotohrnceky-druhy\"><strong> obrovsk\u00fd hrn\u010dek na na\u0161u rann\u00fa k\u00e1vu<\/strong><\/a> (mo\u017eno personalizovan\u00fd?).<\/p>\n<h2><strong>Personaliz\u00e1cia &#8211; najlep\u0161\u00ed n\u00e1pad na Valent\u00edna<\/strong><\/h2>\n<p>Na Valent\u00edna je najd\u00f4le\u017eitej\u0161ia<strong> va\u0161a l\u00e1ska<\/strong>! Jej prejav ste ur\u010dite zachytili na nejednej fotografii. Skromn\u00fd bozk, romantick\u00fd poh\u013ead alebo mo\u017eno&#8230; fotografia z va\u0161ej svadby (!) s\u00fa kr\u00e1sne momenty zachyten\u00e9 nav\u017edy. Namiesto toho, aby ste ich schov\u00e1vali do albumu, z\u00e1suvky alebo pam\u00e4te telef\u00f3nu, vytvorte z nich <a href=\"https:\/\/www.empikfoto.sk\/vyhladavac?q=valentyn\"><strong>personalizovan\u00fd valent\u00ednsky dar\u010dek <\/strong><\/a>pre neho. Tu je nieko\u013eko n\u00e1padov:<\/p>\n<p><strong>Fotokniha<\/strong><\/p>\n<p><a href=\"https:\/\/www.empikfoto.sk\/fotoknihy\">Fotokniha<\/a> je n\u00e1pad na Valent\u00edna, ktor\u00fd si vy\u017eaduje trochu pr\u00e1ce, ale v\u00fdsledky stoja za to! Proces navrhovania m\u00f4\u017eete ur\u00fdchli\u0165 v\u00fdberom <strong>jednej z predpripraven\u00fdch \u0161abl\u00f3n<\/strong> alebo sa m\u00f4\u017eete rozhodn\u00fa\u0165 vytvori\u0165 fotoknihu sami a vybra\u0165 si len farby, kliparty alebo rozlo\u017eenia, ktor\u00e9 v\u00e1s zauj\u00edmaj\u00fa. Kone\u010dn\u00fd v\u00fdsledok ur\u010dite pote\u0161\u00ed va\u0161u druh\u00fa polovi\u010dku!<\/p>\n<p>&nbsp;<\/p>\n<p><strong>Plag\u00e1t alebo obraz<\/strong><\/p>\n<p><a href=\"https:\/\/www.empikfoto.sk\/vyzdoba-interieru\/fotoplagaty\">Plag\u00e1t<\/a> alebo <a href=\"https:\/\/www.empikfoto.sk\/vyzdoba-interieru\/fotoobrazy-druhy\">obraz<\/a>, ktor\u00fd sa dokonale hod\u00ed do svetl\u00fdch, \u00fatuln\u00fdch rodinn\u00fdch interi\u00e9rov. Bude obsahova\u0165 va\u0161u spolo\u010dn\u00fa fotografiu, ktor\u00e1 v\u0161etk\u00fdm (v\u00e1m aj va\u0161im hos\u0165om) pripomenie va\u0161u trval\u00fa l\u00e1sku.<\/p>\n<p><img loading=\"lazy\" decoding=\"async\" class=\"alignnone wp-image-8833 size-full\" src=\"https:\/\/www.empikfoto.sk\/blog\/empikfoto\/2020\/07\/obraz-prezent-na-slub-min.jpg\" alt=\"\" width=\"1318\" height=\"879\" srcset=\"https:\/\/www.empikfoto.sk\/blog\/empikfoto\/2020\/07\/obraz-prezent-na-slub-min.jpg 1318w, https:\/\/www.empikfoto.sk\/blog\/empikfoto\/2020\/07\/obraz-prezent-na-slub-min-300x200.jpg 300w, https:\/\/www.empikfoto.sk\/blog\/empikfoto\/2020\/07\/obraz-prezent-na-slub-min-768x512.jpg 768w, https:\/\/www.empikfoto.sk\/blog\/empikfoto\/2020\/07\/obraz-prezent-na-slub-min-1024x683.jpg 1024w, https:\/\/www.empikfoto.sk\/blog\/empikfoto\/2020\/07\/obraz-prezent-na-slub-min-330x220.jpg 330w, https:\/\/www.empikfoto.sk\/blog\/empikfoto\/2020\/07\/obraz-prezent-na-slub-min-400x267.jpg 400w\" sizes=\"(max-width: 1318px) 100vw, 1318px\" \/><\/p>\n<p><strong>Puzzle<\/strong><\/p>\n<p><a href=\"https:\/\/www.empikfoto.sk\/fotodarceky\/fotoskladacka\">Puzzle s va\u0161ou fotografiou<\/a> je z\u00e1rukou z\u00e1bavy aspo\u0148 na nieko\u013eko spolo\u010dn\u00fdch ve\u010derov! Otvorte si lahodn\u00e9, sladk\u00e9 (na sladk\u00fa pr\u00edle\u017eitos\u0165!) v\u00edno a pri spomienkach na za\u010diatky v\u00e1\u0161ho vz\u0165ahu sa ponorte do z\u00e1bavy s a\u017e 1000 dielikmi.<\/p>\n<div id=\"attachment_2435\" style=\"width: 960px\" class=\"wp-caption alignnone\"><img loading=\"lazy\" decoding=\"async\" aria-describedby=\"caption-attachment-2435\" class=\"wp-image-2435 size-full\" src=\"https:\/\/www.empikfoto.sk\/blog\/empikfoto\/2012\/01\/ser_239_puz+rek-copy.jpg\" alt=\"puzzle serce\" width=\"950\" height=\"633\" \/><p id=\"caption-attachment-2435\" class=\"wp-caption-text\">Puzzle ze zdj\u0119ciem z walentynkowej kolekcji <a href=\"https:\/\/www.empikfoto.sk\/skladacka,you-and-me-forever\">Empik Foto \u201eYou and me forever\u201d<\/a> dostarcz\u0105 Wam mn\u00f3stwo zabawy i rado\u015bci! Po u\u0142o\u017ceniu mo\u017cecie je oprawi\u0107 w ramk\u0119 i powiesi\u0107 na \u015bcianie jako oryginaln\u0105 dekoracj\u0119 Waszego gniazdka.<\/p><\/div>\n<p><strong>Tri\u010dko<\/strong><\/p>\n<p><a href=\"https:\/\/www.empikfoto.sk\/fotodarceky\/fototricka\">Tri\u010dko,<\/a> najlep\u0161ie s <strong>milostnou tematikou<\/strong>, je valent\u00ednsky dar\u010dek pre mu\u017ea, ktor\u00fd v\u00e1s dok\u00e1\u017ee rozosmia\u0165 a\u017e k slz\u00e1m. V takto navrhnutom tri\u010dku v\u00e1s ur\u010dite pote\u0161\u00ed e\u0161te viac!<\/p>\n<p><strong>Vank\u00fa\u0161<\/strong><\/p>\n<p><a href=\"https:\/\/www.empikfoto.sk\/vankusik,i-love-you-cherry-much-verzia-2\">Vank\u00fa\u0161<\/a> je skvel\u00fd a praktick\u00fd valent\u00ednsky dar\u010dek pre mu\u017ea. Najm\u00e4 ak je to dobr\u00fd sp\u00e1\u010d! M\u00f4\u017eete tie\u017e navrhn\u00fa\u0165 zodpovedaj\u00face vank\u00fa\u0161e, kde vytla\u010den\u00e9 dve polovice srdca zaujm\u00fa svoje miesto v posteli. Na takomto dar\u010deku sa mu bude perfektne spa\u0165.<\/p>\n<div id=\"attachment_9200\" style=\"width: 1546px\" class=\"wp-caption alignnone\"><img loading=\"lazy\" decoding=\"async\" aria-describedby=\"caption-attachment-9200\" class=\"wp-image-9200 size-full\" src=\"https:\/\/www.empikfoto.sk\/blog\/empikfoto\/2024\/11\/DSC2885-1536x1058-1.jpg\" alt=\"vank\u00fa\u0161 s potla\u010dou\" width=\"1536\" height=\"1058\" srcset=\"https:\/\/www.empikfoto.sk\/blog\/empikfoto\/2024\/11\/DSC2885-1536x1058-1.jpg 1536w, https:\/\/www.empikfoto.sk\/blog\/empikfoto\/2024\/11\/DSC2885-1536x1058-1-300x207.jpg 300w, https:\/\/www.empikfoto.sk\/blog\/empikfoto\/2024\/11\/DSC2885-1536x1058-1-1024x705.jpg 1024w, https:\/\/www.empikfoto.sk\/blog\/empikfoto\/2024\/11\/DSC2885-1536x1058-1-768x529.jpg 768w, https:\/\/www.empikfoto.sk\/blog\/empikfoto\/2024\/11\/DSC2885-1536x1058-1-400x276.jpg 400w\" sizes=\"(max-width: 1536px) 100vw, 1536px\" \/><p id=\"caption-attachment-9200\" class=\"wp-caption-text\">\u010cierny vank\u00fa\u0161 s mot\u00edvom \u010dere\u0161n\u00ed z kolekcie Empik Foto \u201e<a href=\"https:\/\/www.empikfoto.sk\/vankusik,i-love-you-cherry-much-verzia-2\">I love you cherry much<\/a>\u201d s mo\u017enos\u0165ou personaliz\u00e1cie pridan\u00edm mien.<\/p><\/div>\n<p>Tieto a mnoh\u00e9 \u010fal\u0161ie polo\u017eky m\u00f4\u017eete navrhn\u00fa\u0165 v priebehu nieko\u013ek\u00fdch okamihov. Nov\u00e9 valent\u00ednske kolekcie od Empik Foto dodaj\u00fa va\u0161im valent\u00ednskym dar\u010dekom \u0161arm. <a href=\"https:\/\/www.empikfoto.sk\/vankusik,i-love-you-cherry-much-verzia-2\"><strong>\u201eI love you cherry much\u201d<\/strong><\/a> s\u00fa sladk\u00e9 n\u00e1vrhy pln\u00e9 ru\u017eovej farby s mot\u00edvom \u010dere\u0161n\u00ed. N\u00e1jdete ich a\u017e na 14 druhoch personalizovan\u00fdch v\u00fdrobkov. Valent\u00ednsky dar\u010dek pre v\u00e1\u0161ho priate\u013ea v disko \u010dere\u0161\u0148ovom rytme (\u00e1no, \u00e1no, ru\u017eov\u00e1 disko gu\u013ea v tejto kolekcii vyzer\u00e1 super sladko!) bude skvel\u00fdm n\u00e1padom pre mierne zvr\u00e1ten\u00e9, bl\u00e1zniv\u00e9 p\u00e1ry, ktor\u00e9 si navz\u00e1jom prejavuj\u00fa l\u00e1sku! <strong>Kolekcia \u201e<a href=\"https:\/\/www.empikfoto.sk\/fotopriania,you-and-me-forever\">You and me forever<\/a>\u201d<\/strong> je trochu tlmenej\u0161ia, modern\u00e1 kolekcia s minimalistick\u00fdm n\u00e1dychom. N\u00e1jdete v nej hrn\u010deky, karti\u010dky, k\u013e\u00fa\u010denky, fotoplag\u00e1ty a mnoho \u010fal\u0161\u00edch rozko\u0161n\u00fdch v\u00fdrobkov. <strong>Kolekcia \u201e<a href=\"https:\/\/www.empikfoto.sk\/vyhladavac?q=Love\">Love<\/a>\u201c<\/strong> je najtradi\u010dnej\u0161ia, pln\u00e1 mot\u00edvu srdca pre milovn\u00edkov jednoduchosti posolstva. Ke\u010f dostanete dar\u010dek z tejto kolekcie, nebude poch\u00fdb o tom, \u017ee niekto k v\u00e1m nie\u010do c\u00edti!<\/p>\n<h2>Extra n\u00e1pady na valent\u00ednsky dar\u010dek pre mu\u017ea<\/h2>\n<p>M\u00e1me pre v\u00e1s e\u0161te jeden pr\u00edsne tajn\u00fd n\u00e1pad na valent\u00ednsky dar\u010dek. Toti\u017e v tento de\u0148 oslavy va\u0161ej l\u00e1sky dbajte na<strong> vybudovanie spr\u00e1vnej atmosf\u00e9ry.<\/strong> Nap\u00ed\u0161te mu kr\u00e1tky list o tom, ako sa te\u0161\u00edte, \u017ee ho vid\u00edte. Pripravte mu prekvapenie a zostrihnite mu vlasy presne tak, ako to m\u00e1 r\u00e1d. Pri pr\u00edprave rann\u00fdch palaciniek pou\u017eite mot\u00edv srdca. V\u010faka t\u00fdmto mal\u00fdm gest\u00e1m va\u0161a druh\u00e1 polovi\u010dka ocen\u00ed va\u0161e \u00fasilie a <strong>udr\u017e\u00ed vo va\u0161om vz\u0165ahu bl\u00edzkos\u0165<\/strong> a nehu. M\u00f4\u017eete tie\u017e pou\u017ei\u0165 ob\u013e\u00faben\u00e9 karti\u010dky s ot\u00e1zkami pre p\u00e1ry, aby bol tento valent\u00ednsky ve\u010der e\u0161te v\u00fdnimo\u010dnej\u0161\u00ed!<\/p>\n<p>&nbsp;<\/p>\n","protected":false},"excerpt":{"rendered":"<p>\u010ci u\u017e je to v\u00e1\u0161 prv\u00fd, piaty alebo desiaty spolo\u010dn\u00fd Valent\u00edn &#8211; mal\u00fd dar\u010dek v de\u0148, ktor\u00fd oslavuje l\u00e1sku, v\u00e1s m\u00f4\u017ee roz\u017eiari\u0165! Aj po mnoh\u00fdch a mnoh\u00fdch spolo\u010dne str\u00e1ven\u00fdch rokoch sa Valent\u00edn oplat\u00ed osl\u00e1vi\u0165. Mal\u00e9 gesto, ob\u013e\u00faben\u00e1 k\u00e1va pod\u00e1van\u00e1 priamo do postele alebo starostlivo napl\u00e1novan\u00fd v\u00fdlet do kina daj\u00fa va\u0161ej druhej polovi\u010dke poc\u00edti\u0165, \u017ee v\u00e1m na nej st\u00e1le z\u00e1le\u017e\u00ed. Valent\u00edn je u\u017e 14. febru\u00e1ra, preto sme sa rozhodli in\u0161pirova\u0165 v\u00e1s nieko\u013ek\u00fdmi n\u00e1padmi na jeho oslavu&#8230;.. &nbsp; Ako vybra\u0165 valent\u00ednsky dar\u010dek pre svojho chlapca? V prvom rade za\u010dnite prem\u00fd\u0161\u013ea\u0165. \u010co va\u0161a polovi\u010dka rada rob\u00ed? \u010co by mohol jes\u0165 st\u00e1le? \u010co u\u017e spom\u00ednal, \u017ee by chcel ma\u0165, ale nec\u00edti sa dobre, ke\u010f si to m\u00e1 k\u00fapi\u0165? Ak\u00e9 z\u00e1ujmy m\u00e1 on alebo ona? Ak\u00e9 filmy m\u00e1 r\u00e1d? Ako najrad\u0161ej tr\u00e1vi svoj vo\u013en\u00fd \u010das? Ak\u00e9 hry hr\u00e1 naj\u010dastej\u0161ie? U\u017e prem\u00fd\u0161\u013eanie nad t\u00fdmito ot\u00e1zkami v\u00e1m m\u00f4\u017ee poskytn\u00fa\u0165 ur\u010dit\u00e9 ind\u00edcie. V\u00fdber dar\u010deka nemus\u00ed by\u0165 jednoduch\u00fd, ale v\u00e1\u0161 priate\u013e ur\u010dite viac ocen\u00ed premyslen\u00fd dar\u010dek prisp\u00f4soben\u00fd jeho z\u00e1ujmom ako \u010fal\u0161iu drobnos\u0165 v tvare srdca. Na Valent\u00edna sa m\u00f4\u017eete rozhodn\u00fa\u0165 aj pre praktick\u00fd dar\u010dek. St\u00e1le si spom\u00ednam na de\u0148, ke\u010f dar\u010dek m\u00f4jho sn\u00fabenca obsahoval&#8230; hasiaci pr\u00edstroj. Bol nevyhnutn\u00fd pre nov\u00e9 auto a zaka\u017ed\u00fdm sa mi zdalo d\u00f4le\u017eitej\u0161ie k\u00fapi\u0165 nie\u010do in\u00e9. Praktick\u00fd dar\u010dek je aj tak\u00fd, ktor\u00fd \u010dasto pou\u017e\u00edvame &#8211; \u010depele do elektrick\u00e9ho holiaceho stroj\u010deka, sada n\u00e1pln\u00ed do ob\u013e\u00faben\u00e9ho pera pre \u0161\u0165astie, kr\u00e1sny parfum, ktor\u00fd je na vy\u010derpanie, alebo obrovsk\u00fd hrn\u010dek na na\u0161u rann\u00fa k\u00e1vu (mo\u017eno personalizovan\u00fd?). Personaliz\u00e1cia &#8211; najlep\u0161\u00ed n\u00e1pad na Valent\u00edna Na Valent\u00edna je najd\u00f4le\u017eitej\u0161ia va\u0161a l\u00e1ska! Jej prejav ste ur\u010dite zachytili na nejednej fotografii. Skromn\u00fd bozk, romantick\u00fd poh\u013ead alebo mo\u017eno&#8230; fotografia z va\u0161ej svadby (!) s\u00fa kr\u00e1sne momenty zachyten\u00e9 nav\u017edy. Namiesto toho, aby ste ich schov\u00e1vali do albumu, z\u00e1suvky alebo pam\u00e4te telef\u00f3nu, vytvorte z nich personalizovan\u00fd valent\u00ednsky dar\u010dek pre neho. Tu je nieko\u013eko n\u00e1padov: Fotokniha Fotokniha je n\u00e1pad na Valent\u00edna, ktor\u00fd si vy\u017eaduje trochu pr\u00e1ce, ale v\u00fdsledky stoja za to! Proces navrhovania m\u00f4\u017eete ur\u00fdchli\u0165 v\u00fdberom jednej z predpripraven\u00fdch \u0161abl\u00f3n alebo sa m\u00f4\u017eete rozhodn\u00fa\u0165 vytvori\u0165 fotoknihu sami a vybra\u0165 si len farby, kliparty alebo rozlo\u017eenia, ktor\u00e9 v\u00e1s zauj\u00edmaj\u00fa. Kone\u010dn\u00fd v\u00fdsledok ur\u010dite pote\u0161\u00ed va\u0161u druh\u00fa polovi\u010dku! &nbsp; Plag\u00e1t alebo obraz Plag\u00e1t alebo obraz, ktor\u00fd sa dokonale hod\u00ed do svetl\u00fdch, \u00fatuln\u00fdch rodinn\u00fdch interi\u00e9rov. Bude obsahova\u0165 va\u0161u spolo\u010dn\u00fa fotografiu, ktor\u00e1 v\u0161etk\u00fdm (v\u00e1m aj va\u0161im hos\u0165om) pripomenie va\u0161u trval\u00fa l\u00e1sku. Puzzle Puzzle s va\u0161ou fotografiou je z\u00e1rukou z\u00e1bavy aspo\u0148 na nieko\u013eko spolo\u010dn\u00fdch ve\u010derov! Otvorte si lahodn\u00e9, sladk\u00e9 (na sladk\u00fa pr\u00edle\u017eitos\u0165!) v\u00edno a pri spomienkach na za\u010diatky v\u00e1\u0161ho vz\u0165ahu sa ponorte do z\u00e1bavy s a\u017e 1000 dielikmi. Tri\u010dko Tri\u010dko, najlep\u0161ie s milostnou tematikou, je valent\u00ednsky dar\u010dek pre mu\u017ea, ktor\u00fd v\u00e1s dok\u00e1\u017ee rozosmia\u0165 a\u017e k slz\u00e1m. V takto navrhnutom tri\u010dku v\u00e1s ur\u010dite pote\u0161\u00ed e\u0161te viac! Vank\u00fa\u0161 Vank\u00fa\u0161 je skvel\u00fd a praktick\u00fd valent\u00ednsky dar\u010dek pre mu\u017ea. Najm\u00e4 ak je to dobr\u00fd sp\u00e1\u010d! M\u00f4\u017eete tie\u017e navrhn\u00fa\u0165 zodpovedaj\u00face vank\u00fa\u0161e, kde vytla\u010den\u00e9 dve polovice srdca zaujm\u00fa svoje miesto v posteli. Na takomto dar\u010deku sa mu bude perfektne spa\u0165. Tieto a mnoh\u00e9 \u010fal\u0161ie polo\u017eky m\u00f4\u017eete navrhn\u00fa\u0165 v priebehu nieko\u013ek\u00fdch okamihov. Nov\u00e9 valent\u00ednske kolekcie od Empik Foto dodaj\u00fa va\u0161im valent\u00ednskym dar\u010dekom \u0161arm. \u201eI love you cherry much\u201d s\u00fa sladk\u00e9 n\u00e1vrhy pln\u00e9 ru\u017eovej farby s mot\u00edvom \u010dere\u0161n\u00ed. N\u00e1jdete ich a\u017e na 14 druhoch personalizovan\u00fdch v\u00fdrobkov. Valent\u00ednsky dar\u010dek pre v\u00e1\u0161ho priate\u013ea v disko \u010dere\u0161\u0148ovom rytme (\u00e1no, \u00e1no, ru\u017eov\u00e1 disko gu\u013ea v tejto kolekcii vyzer\u00e1 super sladko!) bude skvel\u00fdm n\u00e1padom pre mierne zvr\u00e1ten\u00e9, bl\u00e1zniv\u00e9 p\u00e1ry, ktor\u00e9 si navz\u00e1jom prejavuj\u00fa l\u00e1sku! Kolekcia \u201eYou and me forever\u201d je trochu tlmenej\u0161ia, modern\u00e1 kolekcia s minimalistick\u00fdm n\u00e1dychom. N\u00e1jdete v nej hrn\u010deky, karti\u010dky, k\u013e\u00fa\u010denky, fotoplag\u00e1ty a mnoho \u010fal\u0161\u00edch rozko\u0161n\u00fdch v\u00fdrobkov. Kolekcia \u201eLove\u201c je najtradi\u010dnej\u0161ia, pln\u00e1 mot\u00edvu srdca pre milovn\u00edkov jednoduchosti posolstva. Ke\u010f dostanete dar\u010dek z tejto kolekcie, nebude poch\u00fdb o tom, \u017ee niekto k v\u00e1m nie\u010do c\u00edti! Extra n\u00e1pady na valent\u00ednsky dar\u010dek pre mu\u017ea M\u00e1me pre v\u00e1s e\u0161te jeden pr\u00edsne tajn\u00fd n\u00e1pad na valent\u00ednsky dar\u010dek. Toti\u017e v tento de\u0148 oslavy va\u0161ej l\u00e1sky dbajte na vybudovanie spr\u00e1vnej atmosf\u00e9ry. Nap\u00ed\u0161te mu kr\u00e1tky list o tom, ako sa te\u0161\u00edte, \u017ee ho vid\u00edte. Pripravte mu prekvapenie a zostrihnite mu vlasy presne tak, ako to m\u00e1 r\u00e1d. Pri pr\u00edprave rann\u00fdch palaciniek pou\u017eite mot\u00edv srdca. V\u010faka t\u00fdmto mal\u00fdm gest\u00e1m va\u0161a druh\u00e1 polovi\u010dka ocen\u00ed va\u0161e \u00fasilie a udr\u017e\u00ed vo va\u0161om vz\u0165ahu bl\u00edzkos\u0165 a nehu. M\u00f4\u017eete tie\u017e pou\u017ei\u0165 ob\u013e\u00faben\u00e9 karti\u010dky s ot\u00e1zkami pre p\u00e1ry, aby bol tento valent\u00ednsky ve\u010der e\u0161te v\u00fdnimo\u010dnej\u0161\u00ed! &nbsp;<\/p>\n","protected":false},"author":27,"featured_media":9236,"comment_status":"closed","ping_status":"closed","sticky":false,"template":"","format":"standard","meta":{"footnotes":""},"categories":[1,786],"tags":[927,922,919,225,926,923,921],"yoast_head":"<!-- This site is optimized with the Yoast SEO plugin v23.0 - https:\/\/yoast.com\/wordpress\/plugins\/seo\/ -->\n<title>Valent\u00ednsky dar\u010dek pre mu\u017ea | Empik Foto<\/title>\n<meta name=\"description\" content=\"Valent\u00ednsky dar\u010dek pre mu\u017ea - v \u010dl\u00e1nku sme uviedli ipor\u00e1cie o tom, \u010do by mohol by\u0165 valent\u00ednsky dar\u010dek pre mu\u017ea\" \/>\n<meta name=\"robots\" content=\"index, follow, max-snippet:-1, max-image-preview:large, max-video-preview:-1\" \/>\n<link rel=\"canonical\" href=\"https:\/\/www.empikfoto.sk\/blog\/valentinsky-darcek-pre-neho-aky-darcek-dat-svojmu-chlapcovi\/\" \/>\n<meta property=\"og:locale\" content=\"pl_PL\" \/>\n<meta property=\"og:type\" content=\"article\" \/>\n<meta property=\"og:title\" content=\"Valent\u00ednsky dar\u010dek pre mu\u017ea | Empik Foto\" \/>\n<meta property=\"og:description\" content=\"Valent\u00ednsky dar\u010dek pre mu\u017ea - v \u010dl\u00e1nku sme uviedli ipor\u00e1cie o tom, \u010do by mohol by\u0165 valent\u00ednsky dar\u010dek pre mu\u017ea\" \/>\n<meta property=\"og:url\" content=\"https:\/\/www.empikfoto.sk\/blog\/valentinsky-darcek-pre-neho-aky-darcek-dat-svojmu-chlapcovi\/\" \/>\n<meta property=\"og:site_name\" content=\"blog.empikfoto.sk\" \/>\n<meta property=\"article:publisher\" content=\"https:\/\/www.facebook.com\/empikfotopl\/\" \/>\n<meta property=\"article:published_time\" content=\"2025-01-23T10:52:50+00:00\" \/>\n<meta property=\"og:image\" content=\"https:\/\/www.empikfoto.sk\/blog\/empikfoto\/2025\/01\/v.jpg\" \/>\n\t<meta property=\"og:image:width\" content=\"750\" \/>\n\t<meta property=\"og:image:height\" content=\"375\" \/>\n\t<meta property=\"og:image:type\" content=\"image\/jpeg\" \/>\n<meta name=\"author\" content=\"Petra Gorolova-Migdalska\" \/>\n<meta name=\"twitter:card\" content=\"summary_large_image\" \/>\n<meta name=\"twitter:creator\" content=\"@empikfoto\" \/>\n<meta name=\"twitter:site\" content=\"@empikfoto\" \/>\n<meta name=\"twitter:label1\" content=\"Napisane przez\" \/>\n\t<meta name=\"twitter:data1\" content=\"Petra Gorolova-Migdalska\" \/>\n\t<meta name=\"twitter:label2\" content=\"Szacowany czas czytania\" \/>\n\t<meta name=\"twitter:data2\" content=\"6 minut\" \/>\n<script type=\"application\/ld+json\" class=\"yoast-schema-graph\">{\"@context\":\"https:\/\/schema.org\",\"@graph\":[{\"@type\":\"WebPage\",\"@id\":\"https:\/\/www.empikfoto.sk\/blog\/valentinsky-darcek-pre-neho-aky-darcek-dat-svojmu-chlapcovi\/\",\"url\":\"https:\/\/www.empikfoto.sk\/blog\/valentinsky-darcek-pre-neho-aky-darcek-dat-svojmu-chlapcovi\/\",\"name\":\"Valent\u00ednsky dar\u010dek pre mu\u017ea | Empik Foto\",\"isPartOf\":{\"@id\":\"https:\/\/www.empikfoto.sk\/blog\/#website\"},\"primaryImageOfPage\":{\"@id\":\"https:\/\/www.empikfoto.sk\/blog\/valentinsky-darcek-pre-neho-aky-darcek-dat-svojmu-chlapcovi\/#primaryimage\"},\"image\":{\"@id\":\"https:\/\/www.empikfoto.sk\/blog\/valentinsky-darcek-pre-neho-aky-darcek-dat-svojmu-chlapcovi\/#primaryimage\"},\"thumbnailUrl\":\"https:\/\/www.empikfoto.sk\/blog\/empikfoto\/2025\/01\/v.jpg\",\"datePublished\":\"2025-01-23T10:52:50+00:00\",\"dateModified\":\"2025-01-23T10:52:50+00:00\",\"author\":{\"@id\":\"https:\/\/www.empikfoto.sk\/blog\/#\/schema\/person\/2091ee094e1efc2f03df65d34b7257fe\"},\"description\":\"Valent\u00ednsky dar\u010dek pre mu\u017ea - v \u010dl\u00e1nku sme uviedli ipor\u00e1cie o tom, \u010do by mohol by\u0165 valent\u00ednsky dar\u010dek pre mu\u017ea\",\"breadcrumb\":{\"@id\":\"https:\/\/www.empikfoto.sk\/blog\/valentinsky-darcek-pre-neho-aky-darcek-dat-svojmu-chlapcovi\/#breadcrumb\"},\"inLanguage\":\"pl-PL\",\"potentialAction\":[{\"@type\":\"ReadAction\",\"target\":[\"https:\/\/www.empikfoto.sk\/blog\/valentinsky-darcek-pre-neho-aky-darcek-dat-svojmu-chlapcovi\/\"]}]},{\"@type\":\"ImageObject\",\"inLanguage\":\"pl-PL\",\"@id\":\"https:\/\/www.empikfoto.sk\/blog\/valentinsky-darcek-pre-neho-aky-darcek-dat-svojmu-chlapcovi\/#primaryimage\",\"url\":\"https:\/\/www.empikfoto.sk\/blog\/empikfoto\/2025\/01\/v.jpg\",\"contentUrl\":\"https:\/\/www.empikfoto.sk\/blog\/empikfoto\/2025\/01\/v.jpg\",\"width\":750,\"height\":375},{\"@type\":\"BreadcrumbList\",\"@id\":\"https:\/\/www.empikfoto.sk\/blog\/valentinsky-darcek-pre-neho-aky-darcek-dat-svojmu-chlapcovi\/#breadcrumb\",\"itemListElement\":[{\"@type\":\"ListItem\",\"position\":1,\"name\":\"Home\",\"item\":\"https:\/\/www.empikfoto.sk\/blog\/\"},{\"@type\":\"ListItem\",\"position\":2,\"name\":\"Valent\u00ednsky dar\u010dek pre neho &#8211; ak\u00fd dar\u010dek da\u0165 svojmu chlapcovi?\"}]},{\"@type\":\"WebSite\",\"@id\":\"https:\/\/www.empikfoto.sk\/blog\/#website\",\"url\":\"https:\/\/www.empikfoto.sk\/blog\/\",\"name\":\"blog.empikfoto.sk\",\"description\":\"Zozn\u00e1mte empikfoto.sk zvn\u00fatra! Z\u00edskajte viac inform\u00e1ci\u00ed o v\u00fdtla\u010dkoch, fotoknih\u00e1ch a fotografi\u00e1ch.\",\"potentialAction\":[{\"@type\":\"SearchAction\",\"target\":{\"@type\":\"EntryPoint\",\"urlTemplate\":\"https:\/\/www.empikfoto.sk\/blog\/?s={search_term_string}\"},\"query-input\":\"required name=search_term_string\"}],\"inLanguage\":\"pl-PL\"},{\"@type\":\"Person\",\"@id\":\"https:\/\/www.empikfoto.sk\/blog\/#\/schema\/person\/2091ee094e1efc2f03df65d34b7257fe\",\"name\":\"Petra Gorolova-Migdalska\",\"image\":{\"@type\":\"ImageObject\",\"inLanguage\":\"pl-PL\",\"@id\":\"https:\/\/www.empikfoto.sk\/blog\/#\/schema\/person\/image\/\",\"url\":\"https:\/\/secure.gravatar.com\/avatar\/4c41f0b422731ea0ef9cac842d4a4410?s=96&d=identicon&r=g\",\"contentUrl\":\"https:\/\/secure.gravatar.com\/avatar\/4c41f0b422731ea0ef9cac842d4a4410?s=96&d=identicon&r=g\",\"caption\":\"Petra Gorolova-Migdalska\"},\"url\":\"https:\/\/www.empikfoto.sk\/blog\/author\/petra\/\"}]}<\/script>\n<!-- \/ Yoast SEO plugin. -->","yoast_head_json":{"title":"Valent\u00ednsky dar\u010dek pre mu\u017ea | Empik Foto","description":"Valent\u00ednsky dar\u010dek pre mu\u017ea - v \u010dl\u00e1nku sme uviedli ipor\u00e1cie o tom, \u010do by mohol by\u0165 valent\u00ednsky dar\u010dek pre mu\u017ea","robots":{"index":"index","follow":"follow","max-snippet":"max-snippet:-1","max-image-preview":"max-image-preview:large","max-video-preview":"max-video-preview:-1"},"canonical":"https:\/\/www.empikfoto.sk\/blog\/valentinsky-darcek-pre-neho-aky-darcek-dat-svojmu-chlapcovi\/","og_locale":"pl_PL","og_type":"article","og_title":"Valent\u00ednsky dar\u010dek pre mu\u017ea | Empik Foto","og_description":"Valent\u00ednsky dar\u010dek pre mu\u017ea - v \u010dl\u00e1nku sme uviedli ipor\u00e1cie o tom, \u010do by mohol by\u0165 valent\u00ednsky dar\u010dek pre mu\u017ea","og_url":"https:\/\/www.empikfoto.sk\/blog\/valentinsky-darcek-pre-neho-aky-darcek-dat-svojmu-chlapcovi\/","og_site_name":"blog.empikfoto.sk","article_publisher":"https:\/\/www.facebook.com\/empikfotopl\/","article_published_time":"2025-01-23T10:52:50+00:00","og_image":[{"width":750,"height":375,"url":"https:\/\/www.empikfoto.sk\/blog\/empikfoto\/2025\/01\/v.jpg","type":"image\/jpeg"}],"author":"Petra Gorolova-Migdalska","twitter_card":"summary_large_image","twitter_creator":"@empikfoto","twitter_site":"@empikfoto","twitter_misc":{"Napisane przez":"Petra Gorolova-Migdalska","Szacowany czas czytania":"6 minut"},"schema":{"@context":"https:\/\/schema.org","@graph":[{"@type":"WebPage","@id":"https:\/\/www.empikfoto.sk\/blog\/valentinsky-darcek-pre-neho-aky-darcek-dat-svojmu-chlapcovi\/","url":"https:\/\/www.empikfoto.sk\/blog\/valentinsky-darcek-pre-neho-aky-darcek-dat-svojmu-chlapcovi\/","name":"Valent\u00ednsky dar\u010dek pre mu\u017ea | Empik Foto","isPartOf":{"@id":"https:\/\/www.empikfoto.sk\/blog\/#website"},"primaryImageOfPage":{"@id":"https:\/\/www.empikfoto.sk\/blog\/valentinsky-darcek-pre-neho-aky-darcek-dat-svojmu-chlapcovi\/#primaryimage"},"image":{"@id":"https:\/\/www.empikfoto.sk\/blog\/valentinsky-darcek-pre-neho-aky-darcek-dat-svojmu-chlapcovi\/#primaryimage"},"thumbnailUrl":"https:\/\/www.empikfoto.sk\/blog\/empikfoto\/2025\/01\/v.jpg","datePublished":"2025-01-23T10:52:50+00:00","dateModified":"2025-01-23T10:52:50+00:00","author":{"@id":"https:\/\/www.empikfoto.sk\/blog\/#\/schema\/person\/2091ee094e1efc2f03df65d34b7257fe"},"description":"Valent\u00ednsky dar\u010dek pre mu\u017ea - v \u010dl\u00e1nku sme uviedli ipor\u00e1cie o tom, \u010do by mohol by\u0165 valent\u00ednsky dar\u010dek pre mu\u017ea","breadcrumb":{"@id":"https:\/\/www.empikfoto.sk\/blog\/valentinsky-darcek-pre-neho-aky-darcek-dat-svojmu-chlapcovi\/#breadcrumb"},"inLanguage":"pl-PL","potentialAction":[{"@type":"ReadAction","target":["https:\/\/www.empikfoto.sk\/blog\/valentinsky-darcek-pre-neho-aky-darcek-dat-svojmu-chlapcovi\/"]}]},{"@type":"ImageObject","inLanguage":"pl-PL","@id":"https:\/\/www.empikfoto.sk\/blog\/valentinsky-darcek-pre-neho-aky-darcek-dat-svojmu-chlapcovi\/#primaryimage","url":"https:\/\/www.empikfoto.sk\/blog\/empikfoto\/2025\/01\/v.jpg","contentUrl":"https:\/\/www.empikfoto.sk\/blog\/empikfoto\/2025\/01\/v.jpg","width":750,"height":375},{"@type":"BreadcrumbList","@id":"https:\/\/www.empikfoto.sk\/blog\/valentinsky-darcek-pre-neho-aky-darcek-dat-svojmu-chlapcovi\/#breadcrumb","itemListElement":[{"@type":"ListItem","position":1,"name":"Home","item":"https:\/\/www.empikfoto.sk\/blog\/"},{"@type":"ListItem","position":2,"name":"Valent\u00ednsky dar\u010dek pre neho &#8211; ak\u00fd dar\u010dek da\u0165 svojmu chlapcovi?"}]},{"@type":"WebSite","@id":"https:\/\/www.empikfoto.sk\/blog\/#website","url":"https:\/\/www.empikfoto.sk\/blog\/","name":"blog.empikfoto.sk","description":"Zozn\u00e1mte empikfoto.sk zvn\u00fatra! Z\u00edskajte viac inform\u00e1ci\u00ed o v\u00fdtla\u010dkoch, fotoknih\u00e1ch a fotografi\u00e1ch.","potentialAction":[{"@type":"SearchAction","target":{"@type":"EntryPoint","urlTemplate":"https:\/\/www.empikfoto.sk\/blog\/?s={search_term_string}"},"query-input":"required name=search_term_string"}],"inLanguage":"pl-PL"},{"@type":"Person","@id":"https:\/\/www.empikfoto.sk\/blog\/#\/schema\/person\/2091ee094e1efc2f03df65d34b7257fe","name":"Petra Gorolova-Migdalska","image":{"@type":"ImageObject","inLanguage":"pl-PL","@id":"https:\/\/www.empikfoto.sk\/blog\/#\/schema\/person\/image\/","url":"https:\/\/secure.gravatar.com\/avatar\/4c41f0b422731ea0ef9cac842d4a4410?s=96&d=identicon&r=g","contentUrl":"https:\/\/secure.gravatar.com\/avatar\/4c41f0b422731ea0ef9cac842d4a4410?s=96&d=identicon&r=g","caption":"Petra Gorolova-Migdalska"},"url":"https:\/\/www.empikfoto.sk\/blog\/author\/petra\/"}]}},"_links":{"self":[{"href":"https:\/\/www.empikfoto.sk\/blog\/wp-json\/wp\/v2\/posts\/9227"}],"collection":[{"href":"https:\/\/www.empikfoto.sk\/blog\/wp-json\/wp\/v2\/posts"}],"about":[{"href":"https:\/\/www.empikfoto.sk\/blog\/wp-json\/wp\/v2\/types\/post"}],"author":[{"embeddable":true,"href":"https:\/\/www.empikfoto.sk\/blog\/wp-json\/wp\/v2\/users\/27"}],"replies":[{"embeddable":true,"href":"https:\/\/www.empikfoto.sk\/blog\/wp-json\/wp\/v2\/comments?post=9227"}],"version-history":[{"count":2,"href":"https:\/\/www.empikfoto.sk\/blog\/wp-json\/wp\/v2\/posts\/9227\/revisions"}],"predecessor-version":[{"id":9237,"href":"https:\/\/www.empikfoto.sk\/blog\/wp-json\/wp\/v2\/posts\/9227\/revisions\/9237"}],"wp:featuredmedia":[{"embeddable":true,"href":"https:\/\/www.empikfoto.sk\/blog\/wp-json\/wp\/v2\/media\/9236"}],"wp:attachment":[{"href":"https:\/\/www.empikfoto.sk\/blog\/wp-json\/wp\/v2\/media?parent=9227"}],"wp:term":[{"taxonomy":"category","embeddable":true,"href":"https:\/\/www.empikfoto.sk\/blog\/wp-json\/wp\/v2\/categories?post=9227"},{"taxonomy":"post_tag","embeddable":true,"href":"https:\/\/www.empikfoto.sk\/blog\/wp-json\/wp\/v2\/tags?post=9227"}],"curies":[{"name":"wp","href":"https:\/\/api.w.org\/{rel}","templated":true}]}}