{"id":9206,"date":"2024-11-20T10:07:27","date_gmt":"2024-11-20T09:07:27","guid":{"rendered":"https:\/\/www.empikfoto.sk\/blog\/?p=9206"},"modified":"2024-11-20T10:07:27","modified_gmt":"2024-11-20T09:07:27","slug":"fotoramceky-ktore-zvolit-aby-ladili-s-interierom","status":"publish","type":"post","link":"https:\/\/www.empikfoto.sk\/blog\/fotoramceky-ktore-zvolit-aby-ladili-s-interierom\/","title":{"rendered":"Fotor\u00e1m\u010deky \u2013 ktor\u00e9 zvoli\u0165, aby ladili s interi\u00e9rom?"},"content":{"rendered":"<p><span data-contrast=\"auto\"><a href=\"https:\/\/www.empikfoto.sk\/fotodarceky\/fotoramceky\">Fotor\u00e1m\u010deky<\/a> u n\u00e1s doma plnia nielen \u00fa\u017eitkov\u00fa funkciu \u2013 umo\u017e\u0148uj\u00fa n\u00e1m vystavi\u0165 na\u0161e ob\u013e\u00faben\u00e9 spomienky \u2013 ale s\u00fa aj v\u00fdbornou dekor\u00e1ciou a dekor\u00e1ciou interi\u00e9ru. Pod\u013ea toho, ak\u00e9 r\u00e1m\u010deky si vyberieme a v akej \u00faprave sa ich rozhodneme zavesi\u0165, <strong>dok\u00e1\u017eu radik\u00e1lne zmeni\u0165 priestor a sta\u0165 sa ob\u013e\u00faben\u00fdm doplnkom<\/strong> n\u00e1\u0161ho milovan\u00e9ho domova. Ak V\u00e1m ch\u00fdbaj\u00fa n\u00e1pady, ako vyu\u017ei\u0165 tento lacn\u00fd prvok vo Va\u0161om byte a rie\u0161ite be\u017en\u00fa dilemu \u201eak\u00e9 fotor\u00e1m\u010deky vybra\u0165?\u201c, pozrite si <strong>niektor\u00e9 z na\u0161ich in\u0161pir\u00e1ci\u00ed<\/strong>.<\/span><span data-ccp-props=\"{}\">\u00a0<\/span><\/p>\n<h2><b><span data-contrast=\"auto\">Fotor\u00e1m\u010deky \u2013 typy a pou\u017eitie<\/span><\/b><span data-ccp-props=\"{}\">\u00a0<\/span><\/h2>\n<p><span data-contrast=\"auto\">Pri v\u00fdbere r\u00e1m\u010dekov nezab\u00fadajte, \u017ee okrem ceny sa l\u00ed\u0161ia aj <strong>form\u00e1tom, ve\u013ekos\u0165ou, materi\u00e1lom a pou\u017eit\u00edm<\/strong>.<\/span><span data-ccp-props=\"{}\">\u00a0<\/span><\/p>\n<p><span data-contrast=\"auto\">T\u00fdmto sp\u00f4sobom sa mno\u017estvo mo\u017enost\u00ed st\u00e1va skuto\u010dne ohromuj\u00facim. Sk\u00fasme to sp\u00edsa\u0165 v bodoch:<\/span><span data-ccp-props=\"{}\">\u00a0<\/span><\/p>\n<ul>\n<li data-leveltext=\"\uf0b7\" data-font=\"Symbol\" data-listid=\"1\" data-list-defn-props=\"{&quot;335551671&quot;:0,&quot;335552541&quot;:1,&quot;335559685&quot;:720,&quot;335559991&quot;:360,&quot;469769226&quot;:&quot;Symbol&quot;,&quot;469769242&quot;:[8226],&quot;469777803&quot;:&quot;left&quot;,&quot;469777804&quot;:&quot;\uf0b7&quot;,&quot;469777815&quot;:&quot;hybridMultilevel&quot;}\" aria-setsize=\"-1\" data-aria-posinset=\"0\" data-aria-level=\"1\"><span data-contrast=\"auto\"><strong>Ve\u013ekos\u0165<\/strong> \u2013 najob\u013e\u00fabenej\u0161\u00edm rozmerom s\u00fa <a href=\"https:\/\/www.empikfoto.sk\/fotodarceky\/fotoramceky\">klasick\u00e9 fotor\u00e1m\u010deky<\/a> <strong>10\u00d715, 20\u00d730 alebo 13\u00d720<\/strong>. V z\u00e1vislosti od form\u00e1tu na\u0161ej fotografie vieme zak\u00fapi\u0165 vhodn\u00fd r\u00e1m\u010dek, ktor\u00fd dokonale reprodukuje proporcie fotografie. Ob\u013eubu si z\u00edskavaj\u00fa aj <a href=\"https:\/\/www.empikfoto.sk\/fotodarceky\/fotoramceky\">r\u00e1m\u010deky v ne\u0161tandardn\u00fdch ve\u013ekostiach<\/a>, ale aj r\u00e1m\u010deky XXL \u2013 \u010dasto zaberaj\u00fa obrovsk\u00fa \u010das\u0165 predt\u00fdm pr\u00e1zdnej steny. S\u00fa ide\u00e1lne do dlhej chodby kon\u010diacej malou stenou a do minimalistick\u00fdch interi\u00e9rov. Pam\u00e4tajte v\u0161ak, \u017ee ve\u013ekos\u0165 r\u00e1m\u010deku nemus\u00ed nevyhnutne zodpoveda\u0165 fotografii v \u0148om. V\u010faka pasparte, ktor\u00e1 je ak\u00fdmsi okrajom alebo r\u00e1mom na fotografiu, z\u00edska Va\u0161a fotografia elegantn\u00fd vzh\u013ead.<\/span><span data-ccp-props=\"{}\">\u00a0<\/span><\/li>\n<\/ul>\n<p><img loading=\"lazy\" decoding=\"async\" class=\"alignnone size-full wp-image-9208\" src=\"https:\/\/www.empikfoto.sk\/blog\/empikfoto\/2024\/11\/young-couple-moving-new-home-1536x1024-1.jpg\" alt=\"Fotor\u00e1m\u010deky \" width=\"1536\" height=\"1024\" srcset=\"https:\/\/www.empikfoto.sk\/blog\/empikfoto\/2024\/11\/young-couple-moving-new-home-1536x1024-1.jpg 1536w, https:\/\/www.empikfoto.sk\/blog\/empikfoto\/2024\/11\/young-couple-moving-new-home-1536x1024-1-300x200.jpg 300w, https:\/\/www.empikfoto.sk\/blog\/empikfoto\/2024\/11\/young-couple-moving-new-home-1536x1024-1-1024x683.jpg 1024w, https:\/\/www.empikfoto.sk\/blog\/empikfoto\/2024\/11\/young-couple-moving-new-home-1536x1024-1-768x512.jpg 768w, https:\/\/www.empikfoto.sk\/blog\/empikfoto\/2024\/11\/young-couple-moving-new-home-1536x1024-1-330x220.jpg 330w, https:\/\/www.empikfoto.sk\/blog\/empikfoto\/2024\/11\/young-couple-moving-new-home-1536x1024-1-400x267.jpg 400w\" sizes=\"(max-width: 1536px) 100vw, 1536px\" \/><\/p>\n<ul>\n<li data-leveltext=\"\uf0b7\" data-font=\"Symbol\" data-listid=\"1\" data-list-defn-props=\"{&quot;335551671&quot;:0,&quot;335552541&quot;:1,&quot;335559685&quot;:720,&quot;335559991&quot;:360,&quot;469769226&quot;:&quot;Symbol&quot;,&quot;469769242&quot;:[8226],&quot;469777803&quot;:&quot;left&quot;,&quot;469777804&quot;:&quot;\uf0b7&quot;,&quot;469777815&quot;:&quot;hybridMultilevel&quot;}\" aria-setsize=\"-1\" data-aria-posinset=\"1\" data-aria-level=\"1\"><span data-contrast=\"auto\"><strong>Form\u00e1t<\/strong> \u2013 form\u00e1t je ove\u013ea zlo\u017eitej\u0161ia z\u00e1le\u017eitos\u0165. Samozrejme, \u017ee v ob\u013e\u00faben\u00fdch predajniach interi\u00e9rov\u00fdch dekor\u00e1ci\u00ed m\u00f4\u017eeme zak\u00fapi\u0165 r\u00e1m\u010deky v tradi\u010dn\u00fdch ve\u013ekostiach &#8211; <strong>\u0161tvorec\/obd\u013a\u017enik\/kruh<\/strong>. T\u00fdm sa v\u0161ak svet r\u00e1m\u010deky nekon\u010d\u00ed! Aby v\u00fdrobcovia splnili o\u010dak\u00e1vania svojich z\u00e1kazn\u00edkov, navrhuj\u00fa nov\u00e9, sofistikovan\u00e9 tvary a navrhuj\u00fa <a href=\"https:\/\/www.empikfoto.sk\/fotodarceky\/fotoramceky\">viacr\u00e1m\u010deky<\/a> \u2013 skvel\u00e1 alternat\u00edva ku kol\u00e1\u017ei nieko\u013ek\u00fdch rovnak\u00fdch r\u00e1m\u010dekov. Viacn\u00e1sobn\u00e9 r\u00e1m\u010deky vyzeraj\u00fa takmer ako lepen\u00e9, prekr\u00fdvaj\u00face sa r\u00e1m\u010deky, ktor\u00e9 <strong>vytv\u00e1raj\u00fa jeden s\u00favisl\u00fd celok<\/strong> (a vy\u017eaduj\u00fa len jeden klinec!). Popul\u00e1rne sa st\u00e1va aj vytv\u00e1ranie r\u00e1m\u010dekov v \u010dastiach n\u00e1pisu (napr. vlo\u017een\u00edm fotografie do p\u00edsmena \u201eO\u201c v slove \u201edomov\u201c alebo \u201erodina\u201c). Ide o zauj\u00edmav\u00fd doplnok, ktor\u00fd dod\u00e1 interi\u00e9ru osobn\u00fd, tepl\u00fd a rodinn\u00fd charakter.<\/span><span data-ccp-props=\"{}\">\u00a0<\/span><\/li>\n<\/ul>\n<ul>\n<li data-leveltext=\"\uf0b7\" data-font=\"Symbol\" data-listid=\"1\" data-list-defn-props=\"{&quot;335551671&quot;:0,&quot;335552541&quot;:1,&quot;335559685&quot;:720,&quot;335559991&quot;:360,&quot;469769226&quot;:&quot;Symbol&quot;,&quot;469769242&quot;:[8226],&quot;469777803&quot;:&quot;left&quot;,&quot;469777804&quot;:&quot;\uf0b7&quot;,&quot;469777815&quot;:&quot;hybridMultilevel&quot;}\" aria-setsize=\"-1\" data-aria-posinset=\"2\" data-aria-level=\"1\"><span data-contrast=\"auto\"><strong>Materi\u00e1l<\/strong> \u2013 <strong>drevo, plast, sklo, hlin\u00edk a kov<\/strong> s\u00fa len niektor\u00e9 z materi\u00e1lov pou\u017e\u00edvan\u00fdch na v\u00fdrobu r\u00e1m\u010dekov. Ka\u017ed\u00fd z t\u00fdchto materi\u00e1lov bude vyzera\u0165 kr\u00e1sne v trochu inom interi\u00e9ri. <a href=\"https:\/\/www.empikfoto.sk\/fotodarceky\/fotoramceky\">Dreven\u00e9 r\u00e1m\u010deky<\/a> bud\u00fa preto dokonale ladi\u0165 s interi\u00e9rom v \u0161kandin\u00e1vskom \u0161t\u00fdle s mno\u017estvom dreven\u00fdch prvkov, k\u00fdm kovov\u00e9 v stroh\u00fdch interi\u00e9roch podkrovn\u00e9ho typu. Kovov\u00e9, minimalistick\u00e9 r\u00e1m\u010deky v zlatej farbe skvele zapadn\u00fa do minimalistick\u00e9ho interi\u00e9ru s mno\u017estvom bielej farby a ich ozdobnej\u0161ie, \u0161perkov\u00e9 a zdoben\u00e9 verzie bud\u00fa lep\u0161ie p\u00f4sobi\u0165 v glamour interi\u00e9roch.<\/span><span data-ccp-props=\"{}\">\u00a0<\/span><\/li>\n<\/ul>\n<ul>\n<li data-leveltext=\"\uf0b7\" data-font=\"Symbol\" data-listid=\"1\" data-list-defn-props=\"{&quot;335551671&quot;:0,&quot;335552541&quot;:1,&quot;335559685&quot;:720,&quot;335559991&quot;:360,&quot;469769226&quot;:&quot;Symbol&quot;,&quot;469769242&quot;:[8226],&quot;469777803&quot;:&quot;left&quot;,&quot;469777804&quot;:&quot;\uf0b7&quot;,&quot;469777815&quot;:&quot;hybridMultilevel&quot;}\" aria-setsize=\"-1\" data-aria-posinset=\"3\" data-aria-level=\"1\"><span data-contrast=\"auto\"><strong>Pou\u017eitie<\/strong> &#8211; rozli\u0161ujeme n\u00e1stenn\u00e9 fotor\u00e1m\u010deky, ktor\u00e9 maj\u00fa <strong>vyhraden\u00fd dr\u017eiak na h\u00e1\u010diky<\/strong>, <strong>stojace fotor\u00e1m\u010dek<\/strong>y &#8211; so zabudovan\u00fdm &#8222;jazykom&#8221; na umiestnenie n\u00e1\u0161ho r\u00e1m\u010deka na skrinku\/poli\u010dku a origin\u00e1lne fotor\u00e1m\u010deky ur\u010den\u00e9 pre konkr\u00e9tne form\u00e1ty, napr. <strong>r\u00e1m\u010deky s podsvieten\u00edm<\/strong>, elektronick\u00e9 fotor\u00e1m\u010deky (ktor\u00e9 po pripojen\u00ed k telef\u00f3nu maj\u00fa zapnut\u00fa nepretr\u017eit\u00fa prezent\u00e1ciu).<\/span><span data-ccp-props=\"{}\">\u00a0<\/span><\/li>\n<\/ul>\n<ul>\n<li data-leveltext=\"\uf0b7\" data-font=\"Symbol\" data-listid=\"1\" data-list-defn-props=\"{&quot;335551671&quot;:0,&quot;335552541&quot;:1,&quot;335559685&quot;:720,&quot;335559991&quot;:360,&quot;469769226&quot;:&quot;Symbol&quot;,&quot;469769242&quot;:[8226],&quot;469777803&quot;:&quot;left&quot;,&quot;469777804&quot;:&quot;\uf0b7&quot;,&quot;469777815&quot;:&quot;hybridMultilevel&quot;}\" aria-setsize=\"-1\" data-aria-posinset=\"4\" data-aria-level=\"1\"><span data-contrast=\"auto\"><strong>Farba<\/strong> \u2013 tento bod asi netreba vysvet\u013eova\u0165 \u2013 hoci najpred\u00e1vanej\u0161ie r\u00e1m\u010deky s\u00fa st\u00e1le biele, \u010dierne alebo zlat\u00e9, odpor\u00fa\u010dame V\u00e1m vnies\u0165 do V\u00e1\u0161ho interi\u00e9ru trochu \u0161ialenstva a zabavi\u0165 sa farbou!<\/span><span data-ccp-props=\"{}\">\u00a0<\/span><\/li>\n<\/ul>\n<p><span data-ccp-props=\"{&quot;335559685&quot;:720}\">\u00a0<\/span><\/p>\n<h2><b><span data-contrast=\"auto\">Fotor\u00e1m\u010dek \u2013 e\u0161te viac vyu\u017eit\u00ed<\/span><\/b><span data-ccp-props=\"{&quot;335559685&quot;:720}\">\u00a0<\/span><\/h2>\n<p><span data-contrast=\"auto\">Hoci n\u00e1zov m\u00f4\u017ee napoveda\u0165, fotor\u00e1m\u010deky nemusia obsahova\u0165&#8230; fotografie. S\u00fa ide\u00e1lnym sp\u00f4sobom na ulo\u017eenie <strong>l\u00edstkov, pozn\u00e1mok, upomienok, cit\u00e1tov, motiva\u010dn\u00fdch hesiel, kresieb \u010di malieb<\/strong>. Kol\u00e1\u017e fotografi\u00ed si m\u00f4\u017eete vytvori\u0165 aj sami tak, \u017ee ich naaran\u017eujete do ve\u013ek\u00e9ho r\u00e1m\u010deku. Vybl\u00e1znite sa a pridajte doplnky ako washi tape, kresby, pozadia zo star\u00e9ho \u010dasopisu alebo dar\u010dekov\u00fd baliaci papier. Zachy\u0165te v\u0161etky svoje prv\u00e9 rande, v\u00fdlety do kina, spomienky na medov\u00e9 t\u00fd\u017edne \u2013 to v\u0161etko netradi\u010dn\u00fdm sp\u00f4sobom pomocou r\u00e1m\u010dekov. Takto vytvoren\u00e9 origin\u00e1lne fotor\u00e1m\u010deky s\u00fa dokonal\u00fdm doplnkom V\u00e1\u0161ho rodinn\u00e9ho domu!<\/span><span data-ccp-props=\"{&quot;335559685&quot;:720}\">\u00a0<\/span><\/p>\n<p><span data-contrast=\"auto\">Ale \u010do je najd\u00f4le\u017eitej\u0161ie, bez oh\u013eadu na to, \u010di h\u013ead\u00e1te fotor\u00e1m\u010deky na stenu, poli\u010dku alebo na dekor\u00e1ciu\u2013 v Empik Foto na V\u00e1s \u010dak\u00e1 obrovsk\u00fd v\u00fdber fantastick\u00fdch n\u00e1vrhov!<\/span><span data-ccp-props=\"{&quot;335559685&quot;:720}\">\u00a0<\/span><\/p>\n","protected":false},"excerpt":{"rendered":"<p>Fotor\u00e1m\u010deky u n\u00e1s doma plnia nielen \u00fa\u017eitkov\u00fa funkciu \u2013 umo\u017e\u0148uj\u00fa n\u00e1m vystavi\u0165 na\u0161e ob\u013e\u00faben\u00e9 spomienky \u2013 ale s\u00fa aj v\u00fdbornou dekor\u00e1ciou a dekor\u00e1ciou interi\u00e9ru. Pod\u013ea toho, ak\u00e9 r\u00e1m\u010deky si vyberieme a v akej \u00faprave sa ich rozhodneme zavesi\u0165, dok\u00e1\u017eu radik\u00e1lne zmeni\u0165 priestor a sta\u0165 sa ob\u013e\u00faben\u00fdm doplnkom n\u00e1\u0161ho milovan\u00e9ho domova. Ak V\u00e1m ch\u00fdbaj\u00fa n\u00e1pady, ako vyu\u017ei\u0165 tento lacn\u00fd prvok vo Va\u0161om byte a rie\u0161ite be\u017en\u00fa dilemu \u201eak\u00e9 fotor\u00e1m\u010deky vybra\u0165?\u201c, pozrite si niektor\u00e9 z na\u0161ich in\u0161pir\u00e1ci\u00ed.\u00a0 Fotor\u00e1m\u010deky \u2013 typy a pou\u017eitie\u00a0 Pri v\u00fdbere r\u00e1m\u010dekov nezab\u00fadajte, \u017ee okrem ceny sa l\u00ed\u0161ia aj form\u00e1tom, ve\u013ekos\u0165ou, materi\u00e1lom a pou\u017eit\u00edm.\u00a0 T\u00fdmto sp\u00f4sobom sa mno\u017estvo mo\u017enost\u00ed st\u00e1va skuto\u010dne ohromuj\u00facim. Sk\u00fasme to sp\u00edsa\u0165 v bodoch:\u00a0 Ve\u013ekos\u0165 \u2013 najob\u013e\u00fabenej\u0161\u00edm rozmerom s\u00fa klasick\u00e9 fotor\u00e1m\u010deky 10\u00d715, 20\u00d730 alebo 13\u00d720. V z\u00e1vislosti od form\u00e1tu na\u0161ej fotografie vieme zak\u00fapi\u0165 vhodn\u00fd r\u00e1m\u010dek, ktor\u00fd dokonale reprodukuje proporcie fotografie. Ob\u013eubu si z\u00edskavaj\u00fa aj r\u00e1m\u010deky v ne\u0161tandardn\u00fdch ve\u013ekostiach, ale aj r\u00e1m\u010deky XXL \u2013 \u010dasto zaberaj\u00fa obrovsk\u00fa \u010das\u0165 predt\u00fdm pr\u00e1zdnej steny. S\u00fa ide\u00e1lne do dlhej chodby kon\u010diacej malou stenou a do minimalistick\u00fdch interi\u00e9rov. Pam\u00e4tajte v\u0161ak, \u017ee ve\u013ekos\u0165 r\u00e1m\u010deku nemus\u00ed nevyhnutne zodpoveda\u0165 fotografii v \u0148om. V\u010faka pasparte, ktor\u00e1 je ak\u00fdmsi okrajom alebo r\u00e1mom na fotografiu, z\u00edska Va\u0161a fotografia elegantn\u00fd vzh\u013ead.\u00a0 Form\u00e1t \u2013 form\u00e1t je ove\u013ea zlo\u017eitej\u0161ia z\u00e1le\u017eitos\u0165. Samozrejme, \u017ee v ob\u013e\u00faben\u00fdch predajniach interi\u00e9rov\u00fdch dekor\u00e1ci\u00ed m\u00f4\u017eeme zak\u00fapi\u0165 r\u00e1m\u010deky v tradi\u010dn\u00fdch ve\u013ekostiach &#8211; \u0161tvorec\/obd\u013a\u017enik\/kruh. T\u00fdm sa v\u0161ak svet r\u00e1m\u010deky nekon\u010d\u00ed! Aby v\u00fdrobcovia splnili o\u010dak\u00e1vania svojich z\u00e1kazn\u00edkov, navrhuj\u00fa nov\u00e9, sofistikovan\u00e9 tvary a navrhuj\u00fa viacr\u00e1m\u010deky \u2013 skvel\u00e1 alternat\u00edva ku kol\u00e1\u017ei nieko\u013ek\u00fdch rovnak\u00fdch r\u00e1m\u010dekov. Viacn\u00e1sobn\u00e9 r\u00e1m\u010deky vyzeraj\u00fa takmer ako lepen\u00e9, prekr\u00fdvaj\u00face sa r\u00e1m\u010deky, ktor\u00e9 vytv\u00e1raj\u00fa jeden s\u00favisl\u00fd celok (a vy\u017eaduj\u00fa len jeden klinec!). Popul\u00e1rne sa st\u00e1va aj vytv\u00e1ranie r\u00e1m\u010dekov v \u010dastiach n\u00e1pisu (napr. vlo\u017een\u00edm fotografie do p\u00edsmena \u201eO\u201c v slove \u201edomov\u201c alebo \u201erodina\u201c). Ide o zauj\u00edmav\u00fd doplnok, ktor\u00fd dod\u00e1 interi\u00e9ru osobn\u00fd, tepl\u00fd a rodinn\u00fd charakter.\u00a0 Materi\u00e1l \u2013 drevo, plast, sklo, hlin\u00edk a kov s\u00fa len niektor\u00e9 z materi\u00e1lov pou\u017e\u00edvan\u00fdch na v\u00fdrobu r\u00e1m\u010dekov. Ka\u017ed\u00fd z t\u00fdchto materi\u00e1lov bude vyzera\u0165 kr\u00e1sne v trochu inom interi\u00e9ri. Dreven\u00e9 r\u00e1m\u010deky bud\u00fa preto dokonale ladi\u0165 s interi\u00e9rom v \u0161kandin\u00e1vskom \u0161t\u00fdle s mno\u017estvom dreven\u00fdch prvkov, k\u00fdm kovov\u00e9 v stroh\u00fdch interi\u00e9roch podkrovn\u00e9ho typu. Kovov\u00e9, minimalistick\u00e9 r\u00e1m\u010deky v zlatej farbe skvele zapadn\u00fa do minimalistick\u00e9ho interi\u00e9ru s mno\u017estvom bielej farby a ich ozdobnej\u0161ie, \u0161perkov\u00e9 a zdoben\u00e9 verzie bud\u00fa lep\u0161ie p\u00f4sobi\u0165 v glamour interi\u00e9roch.\u00a0 Pou\u017eitie &#8211; rozli\u0161ujeme n\u00e1stenn\u00e9 fotor\u00e1m\u010deky, ktor\u00e9 maj\u00fa vyhraden\u00fd dr\u017eiak na h\u00e1\u010diky, stojace fotor\u00e1m\u010deky &#8211; so zabudovan\u00fdm &#8222;jazykom&#8221; na umiestnenie n\u00e1\u0161ho r\u00e1m\u010deka na skrinku\/poli\u010dku a origin\u00e1lne fotor\u00e1m\u010deky ur\u010den\u00e9 pre konkr\u00e9tne form\u00e1ty, napr. r\u00e1m\u010deky s podsvieten\u00edm, elektronick\u00e9 fotor\u00e1m\u010deky (ktor\u00e9 po pripojen\u00ed k telef\u00f3nu maj\u00fa zapnut\u00fa nepretr\u017eit\u00fa prezent\u00e1ciu).\u00a0 Farba \u2013 tento bod asi netreba vysvet\u013eova\u0165 \u2013 hoci najpred\u00e1vanej\u0161ie r\u00e1m\u010deky s\u00fa st\u00e1le biele, \u010dierne alebo zlat\u00e9, odpor\u00fa\u010dame V\u00e1m vnies\u0165 do V\u00e1\u0161ho interi\u00e9ru trochu \u0161ialenstva a zabavi\u0165 sa farbou!\u00a0 \u00a0 Fotor\u00e1m\u010dek \u2013 e\u0161te viac vyu\u017eit\u00ed\u00a0 Hoci n\u00e1zov m\u00f4\u017ee napoveda\u0165, fotor\u00e1m\u010deky nemusia obsahova\u0165&#8230; fotografie. S\u00fa ide\u00e1lnym sp\u00f4sobom na ulo\u017eenie l\u00edstkov, pozn\u00e1mok, upomienok, cit\u00e1tov, motiva\u010dn\u00fdch hesiel, kresieb \u010di malieb. Kol\u00e1\u017e fotografi\u00ed si m\u00f4\u017eete vytvori\u0165 aj sami tak, \u017ee ich naaran\u017eujete do ve\u013ek\u00e9ho r\u00e1m\u010deku. Vybl\u00e1znite sa a pridajte doplnky ako washi tape, kresby, pozadia zo star\u00e9ho \u010dasopisu alebo dar\u010dekov\u00fd baliaci papier. Zachy\u0165te v\u0161etky svoje prv\u00e9 rande, v\u00fdlety do kina, spomienky na medov\u00e9 t\u00fd\u017edne \u2013 to v\u0161etko netradi\u010dn\u00fdm sp\u00f4sobom pomocou r\u00e1m\u010dekov. Takto vytvoren\u00e9 origin\u00e1lne fotor\u00e1m\u010deky s\u00fa dokonal\u00fdm doplnkom V\u00e1\u0161ho rodinn\u00e9ho domu!\u00a0 Ale \u010do je najd\u00f4le\u017eitej\u0161ie, bez oh\u013eadu na to, \u010di h\u013ead\u00e1te fotor\u00e1m\u010deky na stenu, poli\u010dku alebo na dekor\u00e1ciu\u2013 v Empik Foto na V\u00e1s \u010dak\u00e1 obrovsk\u00fd v\u00fdber fantastick\u00fdch n\u00e1vrhov!\u00a0<\/p>\n","protected":false},"author":26,"featured_media":9207,"comment_status":"closed","ping_status":"closed","sticky":false,"template":"","format":"standard","meta":{"footnotes":""},"categories":[786],"tags":[847,932,930],"yoast_head":"<!-- This site is optimized with the Yoast SEO plugin v23.0 - https:\/\/yoast.com\/wordpress\/plugins\/seo\/ -->\n<title>Fotor\u00e1m\u010deky \u2013 ktor\u00e9 zvoli\u0165, aby ladili s interi\u00e9rom? | blog.empikfoto.sk<\/title>\n<meta name=\"description\" content=\"Na Empik Foto n\u00e1jdete skvel\u00fd v\u00fdber fotor\u00e1m\u010dekov. Ne\u010dakajte a spravte si objedn\u00e1vku u\u017e teraz. Zar\u00e1mujte Va\u0161e spomienky!\" \/>\n<meta name=\"robots\" content=\"index, follow, max-snippet:-1, max-image-preview:large, max-video-preview:-1\" \/>\n<link rel=\"canonical\" href=\"https:\/\/www.empikfoto.sk\/blog\/fotoramceky-ktore-zvolit-aby-ladili-s-interierom\/\" \/>\n<meta property=\"og:locale\" content=\"pl_PL\" \/>\n<meta property=\"og:type\" content=\"article\" \/>\n<meta property=\"og:title\" content=\"Fotor\u00e1m\u010deky \u2013 ktor\u00e9 zvoli\u0165, aby ladili s interi\u00e9rom? | blog.empikfoto.sk\" \/>\n<meta property=\"og:description\" content=\"Na Empik Foto n\u00e1jdete skvel\u00fd v\u00fdber fotor\u00e1m\u010dekov. Ne\u010dakajte a spravte si objedn\u00e1vku u\u017e teraz. Zar\u00e1mujte Va\u0161e spomienky!\" \/>\n<meta property=\"og:url\" content=\"https:\/\/www.empikfoto.sk\/blog\/fotoramceky-ktore-zvolit-aby-ladili-s-interierom\/\" \/>\n<meta property=\"og:site_name\" content=\"blog.empikfoto.sk\" \/>\n<meta property=\"article:publisher\" content=\"https:\/\/www.facebook.com\/empikfotopl\/\" \/>\n<meta property=\"article:published_time\" content=\"2024-11-20T09:07:27+00:00\" \/>\n<meta property=\"og:image\" content=\"https:\/\/www.empikfoto.sk\/blog\/empikfoto\/2024\/11\/full-shot-woman-watering-plant.jpg\" \/>\n\t<meta property=\"og:image:width\" content=\"1024\" \/>\n\t<meta property=\"og:image:height\" content=\"512\" \/>\n\t<meta property=\"og:image:type\" content=\"image\/jpeg\" \/>\n<meta name=\"author\" content=\"Aleksandra Patryn\" \/>\n<meta name=\"twitter:card\" content=\"summary_large_image\" \/>\n<meta name=\"twitter:creator\" content=\"@empikfoto\" \/>\n<meta name=\"twitter:site\" content=\"@empikfoto\" \/>\n<meta name=\"twitter:label1\" content=\"Napisane przez\" \/>\n\t<meta name=\"twitter:data1\" content=\"Aleksandra Patryn\" \/>\n\t<meta name=\"twitter:label2\" content=\"Szacowany czas czytania\" \/>\n\t<meta name=\"twitter:data2\" content=\"4 minuty\" \/>\n<script type=\"application\/ld+json\" class=\"yoast-schema-graph\">{\"@context\":\"https:\/\/schema.org\",\"@graph\":[{\"@type\":\"WebPage\",\"@id\":\"https:\/\/www.empikfoto.sk\/blog\/fotoramceky-ktore-zvolit-aby-ladili-s-interierom\/\",\"url\":\"https:\/\/www.empikfoto.sk\/blog\/fotoramceky-ktore-zvolit-aby-ladili-s-interierom\/\",\"name\":\"Fotor\u00e1m\u010deky \u2013 ktor\u00e9 zvoli\u0165, aby ladili s interi\u00e9rom? | blog.empikfoto.sk\",\"isPartOf\":{\"@id\":\"https:\/\/www.empikfoto.sk\/blog\/#website\"},\"primaryImageOfPage\":{\"@id\":\"https:\/\/www.empikfoto.sk\/blog\/fotoramceky-ktore-zvolit-aby-ladili-s-interierom\/#primaryimage\"},\"image\":{\"@id\":\"https:\/\/www.empikfoto.sk\/blog\/fotoramceky-ktore-zvolit-aby-ladili-s-interierom\/#primaryimage\"},\"thumbnailUrl\":\"https:\/\/www.empikfoto.sk\/blog\/empikfoto\/2024\/11\/full-shot-woman-watering-plant.jpg\",\"datePublished\":\"2024-11-20T09:07:27+00:00\",\"dateModified\":\"2024-11-20T09:07:27+00:00\",\"author\":{\"@id\":\"https:\/\/www.empikfoto.sk\/blog\/#\/schema\/person\/e1126ac5b53a7df5dd19887fe52b213a\"},\"description\":\"Na Empik Foto n\u00e1jdete skvel\u00fd v\u00fdber fotor\u00e1m\u010dekov. Ne\u010dakajte a spravte si objedn\u00e1vku u\u017e teraz. Zar\u00e1mujte Va\u0161e spomienky!\",\"breadcrumb\":{\"@id\":\"https:\/\/www.empikfoto.sk\/blog\/fotoramceky-ktore-zvolit-aby-ladili-s-interierom\/#breadcrumb\"},\"inLanguage\":\"pl-PL\",\"potentialAction\":[{\"@type\":\"ReadAction\",\"target\":[\"https:\/\/www.empikfoto.sk\/blog\/fotoramceky-ktore-zvolit-aby-ladili-s-interierom\/\"]}]},{\"@type\":\"ImageObject\",\"inLanguage\":\"pl-PL\",\"@id\":\"https:\/\/www.empikfoto.sk\/blog\/fotoramceky-ktore-zvolit-aby-ladili-s-interierom\/#primaryimage\",\"url\":\"https:\/\/www.empikfoto.sk\/blog\/empikfoto\/2024\/11\/full-shot-woman-watering-plant.jpg\",\"contentUrl\":\"https:\/\/www.empikfoto.sk\/blog\/empikfoto\/2024\/11\/full-shot-woman-watering-plant.jpg\",\"width\":1024,\"height\":512,\"caption\":\"Fotor\u00e1m\u010deky\"},{\"@type\":\"BreadcrumbList\",\"@id\":\"https:\/\/www.empikfoto.sk\/blog\/fotoramceky-ktore-zvolit-aby-ladili-s-interierom\/#breadcrumb\",\"itemListElement\":[{\"@type\":\"ListItem\",\"position\":1,\"name\":\"Home\",\"item\":\"https:\/\/www.empikfoto.sk\/blog\/\"},{\"@type\":\"ListItem\",\"position\":2,\"name\":\"Fotor\u00e1m\u010deky \u2013 ktor\u00e9 zvoli\u0165, aby ladili s interi\u00e9rom?\"}]},{\"@type\":\"WebSite\",\"@id\":\"https:\/\/www.empikfoto.sk\/blog\/#website\",\"url\":\"https:\/\/www.empikfoto.sk\/blog\/\",\"name\":\"blog.empikfoto.sk\",\"description\":\"Zozn\u00e1mte empikfoto.sk zvn\u00fatra! Z\u00edskajte viac inform\u00e1ci\u00ed o v\u00fdtla\u010dkoch, fotoknih\u00e1ch a fotografi\u00e1ch.\",\"potentialAction\":[{\"@type\":\"SearchAction\",\"target\":{\"@type\":\"EntryPoint\",\"urlTemplate\":\"https:\/\/www.empikfoto.sk\/blog\/?s={search_term_string}\"},\"query-input\":\"required name=search_term_string\"}],\"inLanguage\":\"pl-PL\"},{\"@type\":\"Person\",\"@id\":\"https:\/\/www.empikfoto.sk\/blog\/#\/schema\/person\/e1126ac5b53a7df5dd19887fe52b213a\",\"name\":\"Aleksandra Patryn\",\"image\":{\"@type\":\"ImageObject\",\"inLanguage\":\"pl-PL\",\"@id\":\"https:\/\/www.empikfoto.sk\/blog\/#\/schema\/person\/image\/\",\"url\":\"https:\/\/secure.gravatar.com\/avatar\/5adbd8b2cc09bb8baefb52dc74bdbd37?s=96&d=identicon&r=g\",\"contentUrl\":\"https:\/\/secure.gravatar.com\/avatar\/5adbd8b2cc09bb8baefb52dc74bdbd37?s=96&d=identicon&r=g\",\"caption\":\"Aleksandra Patryn\"},\"url\":\"https:\/\/www.empikfoto.sk\/blog\/author\/apatryn\/\"}]}<\/script>\n<!-- \/ Yoast SEO plugin. -->","yoast_head_json":{"title":"Fotor\u00e1m\u010deky \u2013 ktor\u00e9 zvoli\u0165, aby ladili s interi\u00e9rom? | blog.empikfoto.sk","description":"Na Empik Foto n\u00e1jdete skvel\u00fd v\u00fdber fotor\u00e1m\u010dekov. Ne\u010dakajte a spravte si objedn\u00e1vku u\u017e teraz. Zar\u00e1mujte Va\u0161e spomienky!","robots":{"index":"index","follow":"follow","max-snippet":"max-snippet:-1","max-image-preview":"max-image-preview:large","max-video-preview":"max-video-preview:-1"},"canonical":"https:\/\/www.empikfoto.sk\/blog\/fotoramceky-ktore-zvolit-aby-ladili-s-interierom\/","og_locale":"pl_PL","og_type":"article","og_title":"Fotor\u00e1m\u010deky \u2013 ktor\u00e9 zvoli\u0165, aby ladili s interi\u00e9rom? | blog.empikfoto.sk","og_description":"Na Empik Foto n\u00e1jdete skvel\u00fd v\u00fdber fotor\u00e1m\u010dekov. Ne\u010dakajte a spravte si objedn\u00e1vku u\u017e teraz. Zar\u00e1mujte Va\u0161e spomienky!","og_url":"https:\/\/www.empikfoto.sk\/blog\/fotoramceky-ktore-zvolit-aby-ladili-s-interierom\/","og_site_name":"blog.empikfoto.sk","article_publisher":"https:\/\/www.facebook.com\/empikfotopl\/","article_published_time":"2024-11-20T09:07:27+00:00","og_image":[{"width":1024,"height":512,"url":"https:\/\/www.empikfoto.sk\/blog\/empikfoto\/2024\/11\/full-shot-woman-watering-plant.jpg","type":"image\/jpeg"}],"author":"Aleksandra Patryn","twitter_card":"summary_large_image","twitter_creator":"@empikfoto","twitter_site":"@empikfoto","twitter_misc":{"Napisane przez":"Aleksandra Patryn","Szacowany czas czytania":"4 minuty"},"schema":{"@context":"https:\/\/schema.org","@graph":[{"@type":"WebPage","@id":"https:\/\/www.empikfoto.sk\/blog\/fotoramceky-ktore-zvolit-aby-ladili-s-interierom\/","url":"https:\/\/www.empikfoto.sk\/blog\/fotoramceky-ktore-zvolit-aby-ladili-s-interierom\/","name":"Fotor\u00e1m\u010deky \u2013 ktor\u00e9 zvoli\u0165, aby ladili s interi\u00e9rom? | blog.empikfoto.sk","isPartOf":{"@id":"https:\/\/www.empikfoto.sk\/blog\/#website"},"primaryImageOfPage":{"@id":"https:\/\/www.empikfoto.sk\/blog\/fotoramceky-ktore-zvolit-aby-ladili-s-interierom\/#primaryimage"},"image":{"@id":"https:\/\/www.empikfoto.sk\/blog\/fotoramceky-ktore-zvolit-aby-ladili-s-interierom\/#primaryimage"},"thumbnailUrl":"https:\/\/www.empikfoto.sk\/blog\/empikfoto\/2024\/11\/full-shot-woman-watering-plant.jpg","datePublished":"2024-11-20T09:07:27+00:00","dateModified":"2024-11-20T09:07:27+00:00","author":{"@id":"https:\/\/www.empikfoto.sk\/blog\/#\/schema\/person\/e1126ac5b53a7df5dd19887fe52b213a"},"description":"Na Empik Foto n\u00e1jdete skvel\u00fd v\u00fdber fotor\u00e1m\u010dekov. Ne\u010dakajte a spravte si objedn\u00e1vku u\u017e teraz. Zar\u00e1mujte Va\u0161e spomienky!","breadcrumb":{"@id":"https:\/\/www.empikfoto.sk\/blog\/fotoramceky-ktore-zvolit-aby-ladili-s-interierom\/#breadcrumb"},"inLanguage":"pl-PL","potentialAction":[{"@type":"ReadAction","target":["https:\/\/www.empikfoto.sk\/blog\/fotoramceky-ktore-zvolit-aby-ladili-s-interierom\/"]}]},{"@type":"ImageObject","inLanguage":"pl-PL","@id":"https:\/\/www.empikfoto.sk\/blog\/fotoramceky-ktore-zvolit-aby-ladili-s-interierom\/#primaryimage","url":"https:\/\/www.empikfoto.sk\/blog\/empikfoto\/2024\/11\/full-shot-woman-watering-plant.jpg","contentUrl":"https:\/\/www.empikfoto.sk\/blog\/empikfoto\/2024\/11\/full-shot-woman-watering-plant.jpg","width":1024,"height":512,"caption":"Fotor\u00e1m\u010deky"},{"@type":"BreadcrumbList","@id":"https:\/\/www.empikfoto.sk\/blog\/fotoramceky-ktore-zvolit-aby-ladili-s-interierom\/#breadcrumb","itemListElement":[{"@type":"ListItem","position":1,"name":"Home","item":"https:\/\/www.empikfoto.sk\/blog\/"},{"@type":"ListItem","position":2,"name":"Fotor\u00e1m\u010deky \u2013 ktor\u00e9 zvoli\u0165, aby ladili s interi\u00e9rom?"}]},{"@type":"WebSite","@id":"https:\/\/www.empikfoto.sk\/blog\/#website","url":"https:\/\/www.empikfoto.sk\/blog\/","name":"blog.empikfoto.sk","description":"Zozn\u00e1mte empikfoto.sk zvn\u00fatra! Z\u00edskajte viac inform\u00e1ci\u00ed o v\u00fdtla\u010dkoch, fotoknih\u00e1ch a fotografi\u00e1ch.","potentialAction":[{"@type":"SearchAction","target":{"@type":"EntryPoint","urlTemplate":"https:\/\/www.empikfoto.sk\/blog\/?s={search_term_string}"},"query-input":"required name=search_term_string"}],"inLanguage":"pl-PL"},{"@type":"Person","@id":"https:\/\/www.empikfoto.sk\/blog\/#\/schema\/person\/e1126ac5b53a7df5dd19887fe52b213a","name":"Aleksandra Patryn","image":{"@type":"ImageObject","inLanguage":"pl-PL","@id":"https:\/\/www.empikfoto.sk\/blog\/#\/schema\/person\/image\/","url":"https:\/\/secure.gravatar.com\/avatar\/5adbd8b2cc09bb8baefb52dc74bdbd37?s=96&d=identicon&r=g","contentUrl":"https:\/\/secure.gravatar.com\/avatar\/5adbd8b2cc09bb8baefb52dc74bdbd37?s=96&d=identicon&r=g","caption":"Aleksandra Patryn"},"url":"https:\/\/www.empikfoto.sk\/blog\/author\/apatryn\/"}]}},"_links":{"self":[{"href":"https:\/\/www.empikfoto.sk\/blog\/wp-json\/wp\/v2\/posts\/9206"}],"collection":[{"href":"https:\/\/www.empikfoto.sk\/blog\/wp-json\/wp\/v2\/posts"}],"about":[{"href":"https:\/\/www.empikfoto.sk\/blog\/wp-json\/wp\/v2\/types\/post"}],"author":[{"embeddable":true,"href":"https:\/\/www.empikfoto.sk\/blog\/wp-json\/wp\/v2\/users\/26"}],"replies":[{"embeddable":true,"href":"https:\/\/www.empikfoto.sk\/blog\/wp-json\/wp\/v2\/comments?post=9206"}],"version-history":[{"count":1,"href":"https:\/\/www.empikfoto.sk\/blog\/wp-json\/wp\/v2\/posts\/9206\/revisions"}],"predecessor-version":[{"id":9209,"href":"https:\/\/www.empikfoto.sk\/blog\/wp-json\/wp\/v2\/posts\/9206\/revisions\/9209"}],"wp:featuredmedia":[{"embeddable":true,"href":"https:\/\/www.empikfoto.sk\/blog\/wp-json\/wp\/v2\/media\/9207"}],"wp:attachment":[{"href":"https:\/\/www.empikfoto.sk\/blog\/wp-json\/wp\/v2\/media?parent=9206"}],"wp:term":[{"taxonomy":"category","embeddable":true,"href":"https:\/\/www.empikfoto.sk\/blog\/wp-json\/wp\/v2\/categories?post=9206"},{"taxonomy":"post_tag","embeddable":true,"href":"https:\/\/www.empikfoto.sk\/blog\/wp-json\/wp\/v2\/tags?post=9206"}],"curies":[{"name":"wp","href":"https:\/\/api.w.org\/{rel}","templated":true}]}}