{"id":9159,"date":"2024-08-29T12:56:09","date_gmt":"2024-08-29T10:56:09","guid":{"rendered":"https:\/\/www.empikfoto.sk\/blog\/?p=9159"},"modified":"2024-09-03T09:51:47","modified_gmt":"2024-09-03T07:51:47","slug":"ako-urobit-obraz-na-platne-z-fotografie","status":"publish","type":"post","link":"https:\/\/www.empikfoto.sk\/blog\/ako-urobit-obraz-na-platne-z-fotografie\/","title":{"rendered":"Ako urobi\u0165 obraz na pl\u00e1tne z fotografie?"},"content":{"rendered":"<p><span data-contrast=\"auto\"><strong>Uk\u00e1\u017e mi kde b\u00fdva\u0161 a ja ti poviem kto si.<\/strong> N\u00e1\u0161 domov je priestor, ktor\u00fd o svojich \u010dlenoch dom\u00e1cnosti m\u00f4\u017ee poveda\u0165 naozaj ve\u013ea. Interi\u00e9r zariaden\u00fd v \u0161pecifickom \u0161t\u00fdle, predmety \u201epo ruke\u201c, ozdobn\u00e9 detaily a rodinn\u00e9 fotografie bud\u00fa odr\u00e1\u017ea\u0165 V\u00e1\u0161 charakter lep\u0161ie ako tis\u00edc slov. Preto\u017ee domov je bezpe\u010dn\u00fd priestor, je on aj ve\u013emi osobn\u00fd, s\u00fakromn\u00fd a int\u00edmny. Rozhliadnite sa po svojom dome \u2013 \u010do by o V\u00e1s povedal?<\/span><span data-ccp-props=\"{&quot;201341983&quot;:0,&quot;335559739&quot;:160,&quot;335559740&quot;:278}\">\u00a0<\/span><\/p>\n<h2><b><span data-contrast=\"auto\">Obraz na pl\u00e1tne z fotografie \u2013 oplat\u00ed sa?<\/span><\/b><span data-ccp-props=\"{&quot;201341983&quot;:0,&quot;335559739&quot;:160,&quot;335559740&quot;:278}\">\u00a0<\/span><\/h2>\n<p><span data-contrast=\"auto\"><strong>Obrazy a plag\u00e1ty<\/strong> s\u00fa dekora\u010dn\u00fdmi prvkami, ktor\u00e9 prin\u00e1\u0161aj\u00fa ve\u013ea tepla a dod\u00e1vaj\u00fa n\u00e1\u0161mu interi\u00e9ru <strong>osobit\u00fd charakter<\/strong>. Ich v\u00fdber nie je nikdy n\u00e1hodn\u00fd \u2013 ve\u010f pri v\u00fdbere sa riadime svoj\u00edm vkusom a preferenciami. Bez oh\u013eadu na to, \u010di je Va\u0161a rodina slobodn\u00e1 alebo \u017eijete v skuto\u010dnej skupine, <a href=\"https:\/\/www.empikfoto.sk\/vyzdoba-interieru\">obraz na pl\u00e1tne<\/a> z fotografie je skvel\u00fdm dekorat\u00edvnym prvkom, ktor\u00fd V\u00e1m pripomenie n\u00e1dhern\u00e9 chv\u00edle a symbolizuje Va\u0161u vz\u00e1jomn\u00fa l\u00e1sku. Tak\u00fdto fotoobraz na pl\u00e1tne je ve\u013emi jednoduch\u00fd na objedn\u00e1vku a v\u017edy, ke\u010f vis\u00ed na stene, vytvor\u00ed efekt &#8222;wow&#8221;. Personalizovan\u00fd fotoobraz je <strong>skvelou spomienkou<\/strong> na najd\u00f4le\u017eitej\u0161ie momentky zo \u017eivota Va\u0161ej rodiny a z\u00e1rove\u0148 aj <strong>kr\u00e1snym dar\u010dekom<\/strong> pre milovan\u00fa osobu. Ako urobi\u0165 obraz na pl\u00e1tne? Tu s\u00fa na\u0161e tipy.<\/span><span data-ccp-props=\"{&quot;201341983&quot;:0,&quot;335559739&quot;:160,&quot;335559740&quot;:278}\">\u00a0<\/span><\/p>\n<p><img loading=\"lazy\" decoding=\"async\" class=\"alignnone wp-image-9169 size-full\" src=\"https:\/\/www.empikfoto.sk\/blog\/empikfoto\/2024\/08\/obraz-na-plotnie-ze-zdjecia-2-1024x804-1.jpg\" alt=\"obraz na pl\u00e1tne\" width=\"1024\" height=\"804\" srcset=\"https:\/\/www.empikfoto.sk\/blog\/empikfoto\/2024\/08\/obraz-na-plotnie-ze-zdjecia-2-1024x804-1.jpg 1024w, https:\/\/www.empikfoto.sk\/blog\/empikfoto\/2024\/08\/obraz-na-plotnie-ze-zdjecia-2-1024x804-1-300x236.jpg 300w, https:\/\/www.empikfoto.sk\/blog\/empikfoto\/2024\/08\/obraz-na-plotnie-ze-zdjecia-2-1024x804-1-768x603.jpg 768w, https:\/\/www.empikfoto.sk\/blog\/empikfoto\/2024\/08\/obraz-na-plotnie-ze-zdjecia-2-1024x804-1-400x314.jpg 400w\" sizes=\"(max-width: 1024px) 100vw, 1024px\" \/><\/p>\n<h2><b><span data-contrast=\"auto\">Ako urobi\u0165 obraz z fotografie?<\/span><\/b><span data-ccp-props=\"{&quot;201341983&quot;:0,&quot;335559739&quot;:160,&quot;335559740&quot;:278}\">\u00a0<\/span><\/h2>\n<p><span data-contrast=\"auto\">V prvom rade si premyslite, <strong>ktor\u00e9 fotografie by ste chceli premeni\u0165 na svoj vlastn\u00fd <\/strong><a href=\"https:\/\/www.empikfoto.sk\/vyzdoba-interieru\/fotoobrazy-druhy\">personalizovan\u00fd obraz na pl\u00e1tne<\/a>. Je to d\u00f4le\u017eit\u00fd de\u0148 v \u017eivote rodiny? Stretli ste na svojej ceste \u00fachvatn\u00fa krajinu? Alebo mo\u017eno jednoduch\u00e1, roztomil\u00e1 selfie so svoj\u00edm bl\u00edzkym uroben\u00e1 po\u010das leniv\u00e9ho sobotn\u00e9ho popoludnia? V\u0161etky tieto fotografie by mali ma\u0165 jedno spolo\u010dn\u00e9 \u2013 <strong>dobr\u00fa kvalitu, teda vysok\u00e9 rozl\u00ed\u0161enie<\/strong>. Obraz na pl\u00e1tne z fotografie je v tomto smere n\u00e1ro\u010dn\u00fdm produktom, preto\u017ee ostr\u00e9 fotografie s vysok\u00fdm rozl\u00ed\u0161en\u00edm je mo\u017en\u00e9 roz\u0161\u00edri\u0165 na form\u00e1ty XL a XXL bez v\u00fdraznej straty kvality. Preto je najlep\u0161ie si vopred skontrolova\u0165, ak\u00e9 minim\u00e1lne rozmery mus\u00ed ma\u0165 fotografia, aby n\u00e1s v\u00fdsledn\u00fd produkt zaujal svojou kvalitou.<\/span><span data-ccp-props=\"{&quot;201341983&quot;:0,&quot;335559739&quot;:160,&quot;335559740&quot;:278}\">\u00a0<\/span><\/p>\n<p><span data-contrast=\"auto\">Predt\u00fdm, ne\u017e si v\u0161ak objedn\u00e1te svoj vysn\u00edvan\u00fd\u00a0 obraz na pl\u00e1tne, <strong>vyu\u017eite dostupn\u00e9 bezplatn\u00e9 n\u00e1stroje na \u00fapravu fotografi\u00ed<\/strong>, aby momentky zachyten\u00e9 fotoapar\u00e1tom vyzerali na sten\u00e1ch V\u00e1\u0161ho interi\u00e9ru e\u0161te lep\u0161ie. Experimentujte s jasom, farbami, kontrastom a efektmi filtra, aby boli Va\u0161e fotografie \u00fa\u017easn\u00e9, ako keby ich nasn\u00edmal skuto\u010dn\u00fd profesion\u00e1l! Najpopul\u00e1rnej\u0161ie n\u00e1stroje, ktor\u00e9 m\u00f4\u017eete na tento \u00fa\u010del pou\u017ei\u0165, s\u00fa Photoshop online, Lightroom v bezplatnej verzii, editor fotografi\u00ed v Canva, aplik\u00e1cie pre telef\u00f3n (napr. PicsArt, VSCO, Snapseed), ako aj vstavan\u00fd editor v telef\u00f3ne, ktor\u00fd m\u00f4\u017eete n\u00e1js\u0165 \u00fapravou fotografi\u00ed umiestnen\u00fdch v gal\u00e9rii fotoapar\u00e1tu. Podniknite kroky, posu\u0148te nastavenia a objavte nov\u00e9 formy skryt\u00e9 vo Va\u0161ej fotografii!<\/span><span data-ccp-props=\"{&quot;201341983&quot;:0,&quot;335559739&quot;:160,&quot;335559740&quot;:278}\">\u00a0<\/span><\/p>\n<p><img loading=\"lazy\" decoding=\"async\" class=\"alignnone size-full wp-image-9170\" src=\"https:\/\/www.empikfoto.sk\/blog\/empikfoto\/2024\/08\/obraz-na-plotnie-ze-zdjecia-3-1024x657-1.jpg\" alt=\"obraz na pl\u00e1tne\" width=\"1024\" height=\"657\" srcset=\"https:\/\/www.empikfoto.sk\/blog\/empikfoto\/2024\/08\/obraz-na-plotnie-ze-zdjecia-3-1024x657-1.jpg 1024w, https:\/\/www.empikfoto.sk\/blog\/empikfoto\/2024\/08\/obraz-na-plotnie-ze-zdjecia-3-1024x657-1-300x192.jpg 300w, https:\/\/www.empikfoto.sk\/blog\/empikfoto\/2024\/08\/obraz-na-plotnie-ze-zdjecia-3-1024x657-1-768x493.jpg 768w, https:\/\/www.empikfoto.sk\/blog\/empikfoto\/2024\/08\/obraz-na-plotnie-ze-zdjecia-3-1024x657-1-400x257.jpg 400w\" sizes=\"(max-width: 1024px) 100vw, 1024px\" \/><\/p>\n<h2><b><span data-contrast=\"auto\">Fotoobraz na pl\u00e1tne od Empik Foto<\/span><\/b><span data-ccp-props=\"{&quot;201341983&quot;:0,&quot;335559739&quot;:160,&quot;335559740&quot;:278}\">\u00a0<\/span><\/h2>\n<p><span data-contrast=\"auto\">Ke\u010f ste si vybrali svoje ob\u013e\u00faben\u00e9 fotografie, rozhodli sa, kam ich zaves\u00edte, a spracovali ste ich tak, aby z nich vyniklo to najlep\u0161ie \u2013 zost\u00e1va u\u017e len t\u00e1 najjednoduch\u0161ia a najpr\u00edjemnej\u0161ia \u010das\u0165: zadanie objedn\u00e1vky. Pou\u017eite <a href=\"https:\/\/www.empikfoto.sk\/vyzdoba-interieru\">pripraven\u00fa \u0161abl\u00f3nu<\/a> (jeden zo stoviek n\u00e1vrhov vytvoren\u00fdch na\u0161imi grafick\u00fdmi dizajn\u00e9rmi \u0161peci\u00e1lne pre V\u00e1s) alebo <a href=\"https:\/\/www.empikfoto.sk\/obrazy,tvoj-projekt?hrubka=20&amp;rozmery=20x30-18315\">vytvorte svoj projekt \u00faplne od za\u010diatku<\/a> pridan\u00edm pozad\u00ed, klipartov, textov\u00fdch pol\u00ed alebo r\u00e1mov. Vyberte <strong>jednu fotografiu<\/strong>, ktor\u00e1 vypln\u00ed cel\u00fa oblas\u0165 tla\u010de, alebo <strong>navrhnite kol\u00e1\u017e<\/strong>, ktor\u00e1 spoj\u00ed fotografie do jedine\u010dn\u00e9ho celku.<\/span><span data-ccp-props=\"{&quot;201341983&quot;:0,&quot;335559739&quot;:160,&quot;335559740&quot;:278}\">\u00a0<\/span><\/p>\n<p><span data-contrast=\"auto\">Tu je <strong>nieko\u013eko d\u00f4le\u017eit\u00fdch tipov<\/strong>, ktor\u00e9 m\u00f4\u017eu by\u0165 u\u017eito\u010dn\u00e9 pri navrhovan\u00ed obrazu na pl\u00e1tne:<\/span><span data-ccp-props=\"{&quot;201341983&quot;:0,&quot;335559739&quot;:160,&quot;335559740&quot;:278}\">\u00a0<\/span><\/p>\n<ul>\n<li data-leveltext=\"\uf0b7\" data-font=\"Symbol\" data-listid=\"1\" data-list-defn-props=\"{&quot;335551671&quot;:0,&quot;335552541&quot;:1,&quot;335559685&quot;:720,&quot;335559991&quot;:360,&quot;469769226&quot;:&quot;Symbol&quot;,&quot;469769242&quot;:[8226],&quot;469777803&quot;:&quot;left&quot;,&quot;469777804&quot;:&quot;\uf0b7&quot;,&quot;469777815&quot;:&quot;hybridMultilevel&quot;}\" aria-setsize=\"-1\" data-aria-posinset=\"0\" data-aria-level=\"1\"><span data-contrast=\"auto\">Nezabudnite, \u017ee ka\u017ed\u00e1 fotografia vlo\u017een\u00e1 do editora by mala by\u0165 <strong>kvalitn\u00e1<\/strong>.<\/span><span data-ccp-props=\"{&quot;201341983&quot;:0,&quot;335559739&quot;:160,&quot;335559740&quot;:278}\">\u00a0<\/span><\/li>\n<\/ul>\n<ul>\n<li data-leveltext=\"\uf0b7\" data-font=\"Symbol\" data-listid=\"1\" data-list-defn-props=\"{&quot;335551671&quot;:0,&quot;335552541&quot;:1,&quot;335559685&quot;:720,&quot;335559991&quot;:360,&quot;469769226&quot;:&quot;Symbol&quot;,&quot;469769242&quot;:[8226],&quot;469777803&quot;:&quot;left&quot;,&quot;469777804&quot;:&quot;\uf0b7&quot;,&quot;469777815&quot;:&quot;hybridMultilevel&quot;}\" aria-setsize=\"-1\" data-aria-posinset=\"1\" data-aria-level=\"1\"><span data-contrast=\"auto\">V editore n\u00e1jdete zelen\u00e9, preru\u0161ovan\u00e9 \u010diary ozna\u010duj\u00face oblas\u0165 tla\u010de na prednej strane fotografie. Pri navrhovan\u00ed <strong>nezabudnite na vyu\u017eitie priestoru za nimi<\/strong> &#8211; tieto miesta bud\u00fa vidite\u013en\u00e9 na fotografii, ale bud\u00fa tvori\u0165 jej strany. Do t\u00fdchto pol\u00ed nezah\u0155\u0148ajte d\u00f4le\u017eit\u00e9 prvky, ako s\u00fa tv\u00e1re alebo text, preto\u017ee m\u00f4\u017eu by\u0165 skreslen\u00e9.<\/span><span data-ccp-props=\"{&quot;201341983&quot;:0,&quot;335559739&quot;:160,&quot;335559740&quot;:278}\">\u00a0<\/span><\/li>\n<\/ul>\n<ul>\n<li data-leveltext=\"\uf0b7\" data-font=\"Symbol\" data-listid=\"1\" data-list-defn-props=\"{&quot;335551671&quot;:0,&quot;335552541&quot;:1,&quot;335559685&quot;:720,&quot;335559991&quot;:360,&quot;469769226&quot;:&quot;Symbol&quot;,&quot;469769242&quot;:[8226],&quot;469777803&quot;:&quot;left&quot;,&quot;469777804&quot;:&quot;\uf0b7&quot;,&quot;469777815&quot;:&quot;hybridMultilevel&quot;}\" aria-setsize=\"-1\" data-aria-posinset=\"2\" data-aria-level=\"1\"><span data-contrast=\"auto\"><strong>Pravidelne ukladajte projekt do svojho \u00fa\u010dtu<\/strong>. Ak pracujete na jednom projekte dlh\u0161\u00ed \u010das, rel\u00e1cia m\u00f4\u017ee vypr\u0161a\u0165 a Va\u0161e s\u00fabory m\u00f4\u017eu zmizn\u00fa\u0165. Jeho zap\u00edsan\u00edm si u\u0161etr\u00edte stres a na projekte za\u010dnete pracova\u0165 napr\u00edklad na druh\u00fd de\u0148.<\/span><span data-ccp-props=\"{&quot;201341983&quot;:0,&quot;335559739&quot;:160,&quot;335559740&quot;:278}\">\u00a0<\/span><\/li>\n<\/ul>\n<ul>\n<li data-leveltext=\"\uf0b7\" data-font=\"Symbol\" data-listid=\"1\" data-list-defn-props=\"{&quot;335551671&quot;:0,&quot;335552541&quot;:1,&quot;335559685&quot;:720,&quot;335559991&quot;:360,&quot;469769226&quot;:&quot;Symbol&quot;,&quot;469769242&quot;:[8226],&quot;469777803&quot;:&quot;left&quot;,&quot;469777804&quot;:&quot;\uf0b7&quot;,&quot;469777815&quot;:&quot;hybridMultilevel&quot;}\" aria-setsize=\"-1\" data-aria-posinset=\"3\" data-aria-level=\"1\"><span data-contrast=\"auto\">Ak chcete prida\u0165 fotografiu do editora, aby ste ju zahrnuli do projektu, ale z nejak\u00e9ho d\u00f4vodu sa nezobrazuje v zozname pridania \u2013 overte si, \u010di ste webovej str\u00e1nke empikfoto.sk <strong>poskytli pr\u00edstup ku v\u0161etk\u00fdm fotografi\u00e1m<\/strong> obsiahnut\u00fdm vo Va\u0161om zariaden\u00ed.<\/span><span data-ccp-props=\"{&quot;201341983&quot;:0,&quot;335559739&quot;:160,&quot;335559740&quot;:278}\">\u00a0<\/span><\/li>\n<\/ul>\n<ul>\n<li data-leveltext=\"\uf0b7\" data-font=\"Symbol\" data-listid=\"1\" data-list-defn-props=\"{&quot;335551671&quot;:0,&quot;335552541&quot;:1,&quot;335559685&quot;:720,&quot;335559991&quot;:360,&quot;469769226&quot;:&quot;Symbol&quot;,&quot;469769242&quot;:[8226],&quot;469777803&quot;:&quot;left&quot;,&quot;469777804&quot;:&quot;\uf0b7&quot;,&quot;469777815&quot;:&quot;hybridMultilevel&quot;}\" aria-setsize=\"-1\" data-aria-posinset=\"4\" data-aria-level=\"1\"><span data-contrast=\"auto\"><strong>Pred zadan\u00edm objedn\u00e1vky si pozorne prezrite dizajn<\/strong>. S\u00fa fotografie oto\u010den\u00e9 spr\u00e1vnym smerom? Neobsahuj\u00fa zadan\u00e9 texty preklepy? Pohol sa klipart po\u010das \u00fapravy a zakryl d\u00f4le\u017eit\u00e9 prvky obr\u00e1zka?<\/span><span data-ccp-props=\"{&quot;201341983&quot;:0,&quot;335559739&quot;:160,&quot;335559740&quot;:278}\">\u00a0<\/span><\/li>\n<\/ul>\n<p><span data-contrast=\"auto\">Po dokon\u010den\u00ed navrhovania obrazu na pl\u00e1tne sta\u010d\u00ed klikn\u00fa\u0165 na \u201e<strong>Objedna\u0165<\/strong>\u201c a dokon\u010di\u0165 proces objedn\u00e1vky pod\u013ea pokynov na webovej str\u00e1nke. A trpezlivo \u010dakajte na hotov\u00fd, kone\u010dn\u00fd v\u00fdsledok!<\/span><span data-ccp-props=\"{&quot;201341983&quot;:0,&quot;335559739&quot;:160,&quot;335559740&quot;:278}\">\u00a0<\/span><\/p>\n<p><span data-ccp-props=\"{&quot;201341983&quot;:0,&quot;335559739&quot;:160,&quot;335559740&quot;:278}\">\u00a0<\/span><\/p>\n","protected":false},"excerpt":{"rendered":"<p>Uk\u00e1\u017e mi kde b\u00fdva\u0161 a ja ti poviem kto si. N\u00e1\u0161 domov je priestor, ktor\u00fd o svojich \u010dlenoch dom\u00e1cnosti m\u00f4\u017ee poveda\u0165 naozaj ve\u013ea. Interi\u00e9r zariaden\u00fd v \u0161pecifickom \u0161t\u00fdle, predmety \u201epo ruke\u201c, ozdobn\u00e9 detaily a rodinn\u00e9 fotografie bud\u00fa odr\u00e1\u017ea\u0165 V\u00e1\u0161 charakter lep\u0161ie ako tis\u00edc slov. Preto\u017ee domov je bezpe\u010dn\u00fd priestor, je on aj ve\u013emi osobn\u00fd, s\u00fakromn\u00fd a int\u00edmny. Rozhliadnite sa po svojom dome \u2013 \u010do by o V\u00e1s povedal?\u00a0 Obraz na pl\u00e1tne z fotografie \u2013 oplat\u00ed sa?\u00a0 Obrazy a plag\u00e1ty s\u00fa dekora\u010dn\u00fdmi prvkami, ktor\u00e9 prin\u00e1\u0161aj\u00fa ve\u013ea tepla a dod\u00e1vaj\u00fa n\u00e1\u0161mu interi\u00e9ru osobit\u00fd charakter. Ich v\u00fdber nie je nikdy n\u00e1hodn\u00fd \u2013 ve\u010f pri v\u00fdbere sa riadime svoj\u00edm vkusom a preferenciami. Bez oh\u013eadu na to, \u010di je Va\u0161a rodina slobodn\u00e1 alebo \u017eijete v skuto\u010dnej skupine, obraz na pl\u00e1tne z fotografie je skvel\u00fdm dekorat\u00edvnym prvkom, ktor\u00fd V\u00e1m pripomenie n\u00e1dhern\u00e9 chv\u00edle a symbolizuje Va\u0161u vz\u00e1jomn\u00fa l\u00e1sku. Tak\u00fdto fotoobraz na pl\u00e1tne je ve\u013emi jednoduch\u00fd na objedn\u00e1vku a v\u017edy, ke\u010f vis\u00ed na stene, vytvor\u00ed efekt &#8222;wow&#8221;. Personalizovan\u00fd fotoobraz je skvelou spomienkou na najd\u00f4le\u017eitej\u0161ie momentky zo \u017eivota Va\u0161ej rodiny a z\u00e1rove\u0148 aj kr\u00e1snym dar\u010dekom pre milovan\u00fa osobu. Ako urobi\u0165 obraz na pl\u00e1tne? Tu s\u00fa na\u0161e tipy.\u00a0 Ako urobi\u0165 obraz z fotografie?\u00a0 V prvom rade si premyslite, ktor\u00e9 fotografie by ste chceli premeni\u0165 na svoj vlastn\u00fd personalizovan\u00fd obraz na pl\u00e1tne. Je to d\u00f4le\u017eit\u00fd de\u0148 v \u017eivote rodiny? Stretli ste na svojej ceste \u00fachvatn\u00fa krajinu? Alebo mo\u017eno jednoduch\u00e1, roztomil\u00e1 selfie so svoj\u00edm bl\u00edzkym uroben\u00e1 po\u010das leniv\u00e9ho sobotn\u00e9ho popoludnia? V\u0161etky tieto fotografie by mali ma\u0165 jedno spolo\u010dn\u00e9 \u2013 dobr\u00fa kvalitu, teda vysok\u00e9 rozl\u00ed\u0161enie. Obraz na pl\u00e1tne z fotografie je v tomto smere n\u00e1ro\u010dn\u00fdm produktom, preto\u017ee ostr\u00e9 fotografie s vysok\u00fdm rozl\u00ed\u0161en\u00edm je mo\u017en\u00e9 roz\u0161\u00edri\u0165 na form\u00e1ty XL a XXL bez v\u00fdraznej straty kvality. Preto je najlep\u0161ie si vopred skontrolova\u0165, ak\u00e9 minim\u00e1lne rozmery mus\u00ed ma\u0165 fotografia, aby n\u00e1s v\u00fdsledn\u00fd produkt zaujal svojou kvalitou.\u00a0 Predt\u00fdm, ne\u017e si v\u0161ak objedn\u00e1te svoj vysn\u00edvan\u00fd\u00a0 obraz na pl\u00e1tne, vyu\u017eite dostupn\u00e9 bezplatn\u00e9 n\u00e1stroje na \u00fapravu fotografi\u00ed, aby momentky zachyten\u00e9 fotoapar\u00e1tom vyzerali na sten\u00e1ch V\u00e1\u0161ho interi\u00e9ru e\u0161te lep\u0161ie. Experimentujte s jasom, farbami, kontrastom a efektmi filtra, aby boli Va\u0161e fotografie \u00fa\u017easn\u00e9, ako keby ich nasn\u00edmal skuto\u010dn\u00fd profesion\u00e1l! Najpopul\u00e1rnej\u0161ie n\u00e1stroje, ktor\u00e9 m\u00f4\u017eete na tento \u00fa\u010del pou\u017ei\u0165, s\u00fa Photoshop online, Lightroom v bezplatnej verzii, editor fotografi\u00ed v Canva, aplik\u00e1cie pre telef\u00f3n (napr. PicsArt, VSCO, Snapseed), ako aj vstavan\u00fd editor v telef\u00f3ne, ktor\u00fd m\u00f4\u017eete n\u00e1js\u0165 \u00fapravou fotografi\u00ed umiestnen\u00fdch v gal\u00e9rii fotoapar\u00e1tu. Podniknite kroky, posu\u0148te nastavenia a objavte nov\u00e9 formy skryt\u00e9 vo Va\u0161ej fotografii!\u00a0 Fotoobraz na pl\u00e1tne od Empik Foto\u00a0 Ke\u010f ste si vybrali svoje ob\u013e\u00faben\u00e9 fotografie, rozhodli sa, kam ich zaves\u00edte, a spracovali ste ich tak, aby z nich vyniklo to najlep\u0161ie \u2013 zost\u00e1va u\u017e len t\u00e1 najjednoduch\u0161ia a najpr\u00edjemnej\u0161ia \u010das\u0165: zadanie objedn\u00e1vky. Pou\u017eite pripraven\u00fa \u0161abl\u00f3nu (jeden zo stoviek n\u00e1vrhov vytvoren\u00fdch na\u0161imi grafick\u00fdmi dizajn\u00e9rmi \u0161peci\u00e1lne pre V\u00e1s) alebo vytvorte svoj projekt \u00faplne od za\u010diatku pridan\u00edm pozad\u00ed, klipartov, textov\u00fdch pol\u00ed alebo r\u00e1mov. Vyberte jednu fotografiu, ktor\u00e1 vypln\u00ed cel\u00fa oblas\u0165 tla\u010de, alebo navrhnite kol\u00e1\u017e, ktor\u00e1 spoj\u00ed fotografie do jedine\u010dn\u00e9ho celku.\u00a0 Tu je nieko\u013eko d\u00f4le\u017eit\u00fdch tipov, ktor\u00e9 m\u00f4\u017eu by\u0165 u\u017eito\u010dn\u00e9 pri navrhovan\u00ed obrazu na pl\u00e1tne:\u00a0 Nezabudnite, \u017ee ka\u017ed\u00e1 fotografia vlo\u017een\u00e1 do editora by mala by\u0165 kvalitn\u00e1.\u00a0 V editore n\u00e1jdete zelen\u00e9, preru\u0161ovan\u00e9 \u010diary ozna\u010duj\u00face oblas\u0165 tla\u010de na prednej strane fotografie. Pri navrhovan\u00ed nezabudnite na vyu\u017eitie priestoru za nimi &#8211; tieto miesta bud\u00fa vidite\u013en\u00e9 na fotografii, ale bud\u00fa tvori\u0165 jej strany. Do t\u00fdchto pol\u00ed nezah\u0155\u0148ajte d\u00f4le\u017eit\u00e9 prvky, ako s\u00fa tv\u00e1re alebo text, preto\u017ee m\u00f4\u017eu by\u0165 skreslen\u00e9.\u00a0 Pravidelne ukladajte projekt do svojho \u00fa\u010dtu. Ak pracujete na jednom projekte dlh\u0161\u00ed \u010das, rel\u00e1cia m\u00f4\u017ee vypr\u0161a\u0165 a Va\u0161e s\u00fabory m\u00f4\u017eu zmizn\u00fa\u0165. Jeho zap\u00edsan\u00edm si u\u0161etr\u00edte stres a na projekte za\u010dnete pracova\u0165 napr\u00edklad na druh\u00fd de\u0148.\u00a0 Ak chcete prida\u0165 fotografiu do editora, aby ste ju zahrnuli do projektu, ale z nejak\u00e9ho d\u00f4vodu sa nezobrazuje v zozname pridania \u2013 overte si, \u010di ste webovej str\u00e1nke empikfoto.sk poskytli pr\u00edstup ku v\u0161etk\u00fdm fotografi\u00e1m obsiahnut\u00fdm vo Va\u0161om zariaden\u00ed.\u00a0 Pred zadan\u00edm objedn\u00e1vky si pozorne prezrite dizajn. S\u00fa fotografie oto\u010den\u00e9 spr\u00e1vnym smerom? Neobsahuj\u00fa zadan\u00e9 texty preklepy? Pohol sa klipart po\u010das \u00fapravy a zakryl d\u00f4le\u017eit\u00e9 prvky obr\u00e1zka?\u00a0 Po dokon\u010den\u00ed navrhovania obrazu na pl\u00e1tne sta\u010d\u00ed klikn\u00fa\u0165 na \u201eObjedna\u0165\u201c a dokon\u010di\u0165 proces objedn\u00e1vky pod\u013ea pokynov na webovej str\u00e1nke. A trpezlivo \u010dakajte na hotov\u00fd, kone\u010dn\u00fd v\u00fdsledok!\u00a0 \u00a0<\/p>\n","protected":false},"author":26,"featured_media":9164,"comment_status":"closed","ping_status":"closed","sticky":false,"template":"","format":"standard","meta":{"footnotes":""},"categories":[786],"tags":[225,926,924],"yoast_head":"<!-- This site is optimized with the Yoast SEO plugin v23.0 - https:\/\/yoast.com\/wordpress\/plugins\/seo\/ -->\n<title>Ako urobi\u0165 obraz na pl\u00e1tne z fotografie? | blog.empikfoto.sk<\/title>\n<meta name=\"description\" content=\"Chcete zmeni\u0165 v\u00fdzdobu interi\u00e9ru? Pozrite si na\u0161e n\u00e1pady na obraz na pl\u00e1tne. Na Empik Foto v\u0161etko v najlep\u0161ej cene.\" \/>\n<meta name=\"robots\" content=\"index, follow, max-snippet:-1, max-image-preview:large, max-video-preview:-1\" \/>\n<link rel=\"canonical\" href=\"https:\/\/www.empikfoto.sk\/blog\/ako-urobit-obraz-na-platne-z-fotografie\/\" \/>\n<meta property=\"og:locale\" content=\"pl_PL\" \/>\n<meta property=\"og:type\" content=\"article\" \/>\n<meta property=\"og:title\" content=\"Ako urobi\u0165 obraz na pl\u00e1tne z fotografie? | blog.empikfoto.sk\" \/>\n<meta property=\"og:description\" content=\"Chcete zmeni\u0165 v\u00fdzdobu interi\u00e9ru? Pozrite si na\u0161e n\u00e1pady na obraz na pl\u00e1tne. Na Empik Foto v\u0161etko v najlep\u0161ej cene.\" \/>\n<meta property=\"og:url\" content=\"https:\/\/www.empikfoto.sk\/blog\/ako-urobit-obraz-na-platne-z-fotografie\/\" \/>\n<meta property=\"og:site_name\" content=\"blog.empikfoto.sk\" \/>\n<meta property=\"article:publisher\" content=\"https:\/\/www.facebook.com\/empikfotopl\/\" \/>\n<meta property=\"article:published_time\" content=\"2024-08-29T10:56:09+00:00\" \/>\n<meta property=\"article:modified_time\" content=\"2024-09-03T07:51:47+00:00\" \/>\n<meta property=\"og:image\" content=\"https:\/\/www.empikfoto.sk\/blog\/empikfoto\/2024\/08\/obraz-na-plotnie-ze-zdjecia-1-750x375-1.jpg\" \/>\n\t<meta property=\"og:image:width\" content=\"750\" \/>\n\t<meta property=\"og:image:height\" content=\"375\" \/>\n\t<meta property=\"og:image:type\" content=\"image\/jpeg\" \/>\n<meta name=\"author\" content=\"Aleksandra Patryn\" \/>\n<meta name=\"twitter:card\" content=\"summary_large_image\" \/>\n<meta name=\"twitter:creator\" content=\"@empikfoto\" \/>\n<meta name=\"twitter:site\" content=\"@empikfoto\" \/>\n<meta name=\"twitter:label1\" content=\"Napisane przez\" \/>\n\t<meta name=\"twitter:data1\" content=\"Aleksandra Patryn\" \/>\n\t<meta name=\"twitter:label2\" content=\"Szacowany czas czytania\" \/>\n\t<meta name=\"twitter:data2\" content=\"5 minut\" \/>\n<script type=\"application\/ld+json\" class=\"yoast-schema-graph\">{\"@context\":\"https:\/\/schema.org\",\"@graph\":[{\"@type\":\"WebPage\",\"@id\":\"https:\/\/www.empikfoto.sk\/blog\/ako-urobit-obraz-na-platne-z-fotografie\/\",\"url\":\"https:\/\/www.empikfoto.sk\/blog\/ako-urobit-obraz-na-platne-z-fotografie\/\",\"name\":\"Ako urobi\u0165 obraz na pl\u00e1tne z fotografie? | blog.empikfoto.sk\",\"isPartOf\":{\"@id\":\"https:\/\/www.empikfoto.sk\/blog\/#website\"},\"primaryImageOfPage\":{\"@id\":\"https:\/\/www.empikfoto.sk\/blog\/ako-urobit-obraz-na-platne-z-fotografie\/#primaryimage\"},\"image\":{\"@id\":\"https:\/\/www.empikfoto.sk\/blog\/ako-urobit-obraz-na-platne-z-fotografie\/#primaryimage\"},\"thumbnailUrl\":\"https:\/\/www.empikfoto.sk\/blog\/empikfoto\/2024\/08\/obraz-na-plotnie-ze-zdjecia-1-750x375-1.jpg\",\"datePublished\":\"2024-08-29T10:56:09+00:00\",\"dateModified\":\"2024-09-03T07:51:47+00:00\",\"author\":{\"@id\":\"https:\/\/www.empikfoto.sk\/blog\/#\/schema\/person\/e1126ac5b53a7df5dd19887fe52b213a\"},\"description\":\"Chcete zmeni\u0165 v\u00fdzdobu interi\u00e9ru? Pozrite si na\u0161e n\u00e1pady na obraz na pl\u00e1tne. Na Empik Foto v\u0161etko v najlep\u0161ej cene.\",\"breadcrumb\":{\"@id\":\"https:\/\/www.empikfoto.sk\/blog\/ako-urobit-obraz-na-platne-z-fotografie\/#breadcrumb\"},\"inLanguage\":\"pl-PL\",\"potentialAction\":[{\"@type\":\"ReadAction\",\"target\":[\"https:\/\/www.empikfoto.sk\/blog\/ako-urobit-obraz-na-platne-z-fotografie\/\"]}]},{\"@type\":\"ImageObject\",\"inLanguage\":\"pl-PL\",\"@id\":\"https:\/\/www.empikfoto.sk\/blog\/ako-urobit-obraz-na-platne-z-fotografie\/#primaryimage\",\"url\":\"https:\/\/www.empikfoto.sk\/blog\/empikfoto\/2024\/08\/obraz-na-plotnie-ze-zdjecia-1-750x375-1.jpg\",\"contentUrl\":\"https:\/\/www.empikfoto.sk\/blog\/empikfoto\/2024\/08\/obraz-na-plotnie-ze-zdjecia-1-750x375-1.jpg\",\"width\":750,\"height\":375},{\"@type\":\"BreadcrumbList\",\"@id\":\"https:\/\/www.empikfoto.sk\/blog\/ako-urobit-obraz-na-platne-z-fotografie\/#breadcrumb\",\"itemListElement\":[{\"@type\":\"ListItem\",\"position\":1,\"name\":\"Home\",\"item\":\"https:\/\/www.empikfoto.sk\/blog\/\"},{\"@type\":\"ListItem\",\"position\":2,\"name\":\"Ako urobi\u0165 obraz na pl\u00e1tne z fotografie?\"}]},{\"@type\":\"WebSite\",\"@id\":\"https:\/\/www.empikfoto.sk\/blog\/#website\",\"url\":\"https:\/\/www.empikfoto.sk\/blog\/\",\"name\":\"blog.empikfoto.sk\",\"description\":\"Zozn\u00e1mte empikfoto.sk zvn\u00fatra! Z\u00edskajte viac inform\u00e1ci\u00ed o v\u00fdtla\u010dkoch, fotoknih\u00e1ch a fotografi\u00e1ch.\",\"potentialAction\":[{\"@type\":\"SearchAction\",\"target\":{\"@type\":\"EntryPoint\",\"urlTemplate\":\"https:\/\/www.empikfoto.sk\/blog\/?s={search_term_string}\"},\"query-input\":\"required name=search_term_string\"}],\"inLanguage\":\"pl-PL\"},{\"@type\":\"Person\",\"@id\":\"https:\/\/www.empikfoto.sk\/blog\/#\/schema\/person\/e1126ac5b53a7df5dd19887fe52b213a\",\"name\":\"Aleksandra Patryn\",\"image\":{\"@type\":\"ImageObject\",\"inLanguage\":\"pl-PL\",\"@id\":\"https:\/\/www.empikfoto.sk\/blog\/#\/schema\/person\/image\/\",\"url\":\"https:\/\/secure.gravatar.com\/avatar\/5adbd8b2cc09bb8baefb52dc74bdbd37?s=96&d=identicon&r=g\",\"contentUrl\":\"https:\/\/secure.gravatar.com\/avatar\/5adbd8b2cc09bb8baefb52dc74bdbd37?s=96&d=identicon&r=g\",\"caption\":\"Aleksandra Patryn\"},\"url\":\"https:\/\/www.empikfoto.sk\/blog\/author\/apatryn\/\"}]}<\/script>\n<!-- \/ Yoast SEO plugin. -->","yoast_head_json":{"title":"Ako urobi\u0165 obraz na pl\u00e1tne z fotografie? | blog.empikfoto.sk","description":"Chcete zmeni\u0165 v\u00fdzdobu interi\u00e9ru? Pozrite si na\u0161e n\u00e1pady na obraz na pl\u00e1tne. Na Empik Foto v\u0161etko v najlep\u0161ej cene.","robots":{"index":"index","follow":"follow","max-snippet":"max-snippet:-1","max-image-preview":"max-image-preview:large","max-video-preview":"max-video-preview:-1"},"canonical":"https:\/\/www.empikfoto.sk\/blog\/ako-urobit-obraz-na-platne-z-fotografie\/","og_locale":"pl_PL","og_type":"article","og_title":"Ako urobi\u0165 obraz na pl\u00e1tne z fotografie? | blog.empikfoto.sk","og_description":"Chcete zmeni\u0165 v\u00fdzdobu interi\u00e9ru? Pozrite si na\u0161e n\u00e1pady na obraz na pl\u00e1tne. Na Empik Foto v\u0161etko v najlep\u0161ej cene.","og_url":"https:\/\/www.empikfoto.sk\/blog\/ako-urobit-obraz-na-platne-z-fotografie\/","og_site_name":"blog.empikfoto.sk","article_publisher":"https:\/\/www.facebook.com\/empikfotopl\/","article_published_time":"2024-08-29T10:56:09+00:00","article_modified_time":"2024-09-03T07:51:47+00:00","og_image":[{"width":750,"height":375,"url":"https:\/\/www.empikfoto.sk\/blog\/empikfoto\/2024\/08\/obraz-na-plotnie-ze-zdjecia-1-750x375-1.jpg","type":"image\/jpeg"}],"author":"Aleksandra Patryn","twitter_card":"summary_large_image","twitter_creator":"@empikfoto","twitter_site":"@empikfoto","twitter_misc":{"Napisane przez":"Aleksandra Patryn","Szacowany czas czytania":"5 minut"},"schema":{"@context":"https:\/\/schema.org","@graph":[{"@type":"WebPage","@id":"https:\/\/www.empikfoto.sk\/blog\/ako-urobit-obraz-na-platne-z-fotografie\/","url":"https:\/\/www.empikfoto.sk\/blog\/ako-urobit-obraz-na-platne-z-fotografie\/","name":"Ako urobi\u0165 obraz na pl\u00e1tne z fotografie? | blog.empikfoto.sk","isPartOf":{"@id":"https:\/\/www.empikfoto.sk\/blog\/#website"},"primaryImageOfPage":{"@id":"https:\/\/www.empikfoto.sk\/blog\/ako-urobit-obraz-na-platne-z-fotografie\/#primaryimage"},"image":{"@id":"https:\/\/www.empikfoto.sk\/blog\/ako-urobit-obraz-na-platne-z-fotografie\/#primaryimage"},"thumbnailUrl":"https:\/\/www.empikfoto.sk\/blog\/empikfoto\/2024\/08\/obraz-na-plotnie-ze-zdjecia-1-750x375-1.jpg","datePublished":"2024-08-29T10:56:09+00:00","dateModified":"2024-09-03T07:51:47+00:00","author":{"@id":"https:\/\/www.empikfoto.sk\/blog\/#\/schema\/person\/e1126ac5b53a7df5dd19887fe52b213a"},"description":"Chcete zmeni\u0165 v\u00fdzdobu interi\u00e9ru? Pozrite si na\u0161e n\u00e1pady na obraz na pl\u00e1tne. Na Empik Foto v\u0161etko v najlep\u0161ej cene.","breadcrumb":{"@id":"https:\/\/www.empikfoto.sk\/blog\/ako-urobit-obraz-na-platne-z-fotografie\/#breadcrumb"},"inLanguage":"pl-PL","potentialAction":[{"@type":"ReadAction","target":["https:\/\/www.empikfoto.sk\/blog\/ako-urobit-obraz-na-platne-z-fotografie\/"]}]},{"@type":"ImageObject","inLanguage":"pl-PL","@id":"https:\/\/www.empikfoto.sk\/blog\/ako-urobit-obraz-na-platne-z-fotografie\/#primaryimage","url":"https:\/\/www.empikfoto.sk\/blog\/empikfoto\/2024\/08\/obraz-na-plotnie-ze-zdjecia-1-750x375-1.jpg","contentUrl":"https:\/\/www.empikfoto.sk\/blog\/empikfoto\/2024\/08\/obraz-na-plotnie-ze-zdjecia-1-750x375-1.jpg","width":750,"height":375},{"@type":"BreadcrumbList","@id":"https:\/\/www.empikfoto.sk\/blog\/ako-urobit-obraz-na-platne-z-fotografie\/#breadcrumb","itemListElement":[{"@type":"ListItem","position":1,"name":"Home","item":"https:\/\/www.empikfoto.sk\/blog\/"},{"@type":"ListItem","position":2,"name":"Ako urobi\u0165 obraz na pl\u00e1tne z fotografie?"}]},{"@type":"WebSite","@id":"https:\/\/www.empikfoto.sk\/blog\/#website","url":"https:\/\/www.empikfoto.sk\/blog\/","name":"blog.empikfoto.sk","description":"Zozn\u00e1mte empikfoto.sk zvn\u00fatra! Z\u00edskajte viac inform\u00e1ci\u00ed o v\u00fdtla\u010dkoch, fotoknih\u00e1ch a fotografi\u00e1ch.","potentialAction":[{"@type":"SearchAction","target":{"@type":"EntryPoint","urlTemplate":"https:\/\/www.empikfoto.sk\/blog\/?s={search_term_string}"},"query-input":"required name=search_term_string"}],"inLanguage":"pl-PL"},{"@type":"Person","@id":"https:\/\/www.empikfoto.sk\/blog\/#\/schema\/person\/e1126ac5b53a7df5dd19887fe52b213a","name":"Aleksandra Patryn","image":{"@type":"ImageObject","inLanguage":"pl-PL","@id":"https:\/\/www.empikfoto.sk\/blog\/#\/schema\/person\/image\/","url":"https:\/\/secure.gravatar.com\/avatar\/5adbd8b2cc09bb8baefb52dc74bdbd37?s=96&d=identicon&r=g","contentUrl":"https:\/\/secure.gravatar.com\/avatar\/5adbd8b2cc09bb8baefb52dc74bdbd37?s=96&d=identicon&r=g","caption":"Aleksandra Patryn"},"url":"https:\/\/www.empikfoto.sk\/blog\/author\/apatryn\/"}]}},"_links":{"self":[{"href":"https:\/\/www.empikfoto.sk\/blog\/wp-json\/wp\/v2\/posts\/9159"}],"collection":[{"href":"https:\/\/www.empikfoto.sk\/blog\/wp-json\/wp\/v2\/posts"}],"about":[{"href":"https:\/\/www.empikfoto.sk\/blog\/wp-json\/wp\/v2\/types\/post"}],"author":[{"embeddable":true,"href":"https:\/\/www.empikfoto.sk\/blog\/wp-json\/wp\/v2\/users\/26"}],"replies":[{"embeddable":true,"href":"https:\/\/www.empikfoto.sk\/blog\/wp-json\/wp\/v2\/comments?post=9159"}],"version-history":[{"count":2,"href":"https:\/\/www.empikfoto.sk\/blog\/wp-json\/wp\/v2\/posts\/9159\/revisions"}],"predecessor-version":[{"id":9184,"href":"https:\/\/www.empikfoto.sk\/blog\/wp-json\/wp\/v2\/posts\/9159\/revisions\/9184"}],"wp:featuredmedia":[{"embeddable":true,"href":"https:\/\/www.empikfoto.sk\/blog\/wp-json\/wp\/v2\/media\/9164"}],"wp:attachment":[{"href":"https:\/\/www.empikfoto.sk\/blog\/wp-json\/wp\/v2\/media?parent=9159"}],"wp:term":[{"taxonomy":"category","embeddable":true,"href":"https:\/\/www.empikfoto.sk\/blog\/wp-json\/wp\/v2\/categories?post=9159"},{"taxonomy":"post_tag","embeddable":true,"href":"https:\/\/www.empikfoto.sk\/blog\/wp-json\/wp\/v2\/tags?post=9159"}],"curies":[{"name":"wp","href":"https:\/\/api.w.org\/{rel}","templated":true}]}}