{"id":9120,"date":"2024-07-26T13:57:48","date_gmt":"2024-07-26T11:57:48","guid":{"rendered":"https:\/\/www.empikfoto.sk\/blog\/?p=9120"},"modified":"2024-07-31T13:19:08","modified_gmt":"2024-07-31T11:19:08","slug":"navody-na-vyvolanie-fotiek-nestratte-spomienky-z-minuleho-roka","status":"publish","type":"post","link":"https:\/\/www.empikfoto.sk\/blog\/navody-na-vyvolanie-fotiek-nestratte-spomienky-z-minuleho-roka\/","title":{"rendered":"N\u00e1vody na vyvolanie fotiek \u2013 nestra\u0165te spomienky z minul\u00e9ho roka"},"content":{"rendered":"<p><span data-contrast=\"auto\">Ak\u00fdch to bolo 365 dn\u00ed! Tak\u00e9to veci sa u\u017e nikdy nebud\u00fa opakova\u0165! Keby len existoval sp\u00f4sob, v\u010faka ktor\u00e9mu by ste si ich nav\u017edy zapam\u00e4tali. \u017de do konca \u017eivota budete spomienky na uplynul\u00fd rok vidie\u0165 tak \u017eivo, ako ke\u010f ste ich pre\u017e\u00edvali. Na\u0161\u0165astie na to nie je potrebn\u00fd \u010darovn\u00fd pr\u00fatik a dokonca ani \u0161tipka m\u00e1gie. <strong>Sta\u010d\u00ed spusti\u0165 spomienky na <\/strong><\/span><span data-contrast=\"auto\"><strong>Empik Foto<\/strong>. A ako za\u010da\u0165? Pon\u00e1h\u013eame sa s vysvetleniami. Vytv\u00e1ranie fotografi\u00ed a ich organizovanie \u2013 nestra\u0165te svoje spomienky z minul\u00e9ho roka!<\/span><span data-ccp-props=\"{&quot;201341983&quot;:0,&quot;335559739&quot;:160,&quot;335559740&quot;:279}\">\u00a0<\/span><\/p>\n<h2><span data-contrast=\"auto\">Vyvolanie fotiek \u2013 prechodn\u00fd v\u00fdstrelok alebo ka\u017edoro\u010dn\u00e1 aktivita?<\/span><span data-ccp-props=\"{&quot;201341983&quot;:0,&quot;335559739&quot;:160,&quot;335559740&quot;:279}\">\u00a0<\/span><\/h2>\n<p><span data-contrast=\"auto\">V \u00e9re digit\u00e1lneho \u017eivota, kde je cel\u00fd n\u00e1\u0161 svet obmedzen\u00fd na zariadenie, ktor\u00e9 sa zmest\u00ed do vrecka nohav\u00edc, <strong>stoj\u00ed za to sa na chv\u00ed\u013eu zastavi\u0165 a zachyti\u0165 to, \u010do tak r\u00fdchlo mizne v ka\u017edodennom zhone<\/strong>. Na\u0161a 100% oddanos\u0165 a d\u00f4vera v elektroniku na jednej strane te\u0161\u00ed, no na druhej strane des\u00ed star\u0161ie gener\u00e1cie. D\u00f4verova\u0165 v\u0161etky na\u0161e spomienky nejak\u00e9mu zariadeniu m\u00f4\u017ee by\u0165 skuto\u010dne katastrof\u00e1lne a m\u00f4\u017ee vies\u0165 k smrte\u013enej trag\u00e9dii \u2013 ich zmiznutiu. Preto sa oplat\u00ed myslie\u0165 na to vopred a venova\u0165 <strong>pravideln\u00e9mu vyvol\u00e1vaniu fotografi\u00ed len p\u00e1r chv\u00ed\u013e<\/strong>.<\/span><span data-ccp-props=\"{&quot;201341983&quot;:0,&quot;335559739&quot;:160,&quot;335559740&quot;:279}\">\u00a0<\/span><\/p>\n<p><span data-contrast=\"auto\">Ak to urob\u00edme z \u010dasu na \u010das, napr. ka\u017ed\u00fd \u0161tvr\u0165rok, v\u017edy po sviatkoch alebo v novom roku, zaberie n\u00e1m to ove\u013ea menej \u010dasu. Naj\u0165a\u017e\u0161ie je nazbiera\u0165 silu a motiv\u00e1ciu zorganizova\u0165 tis\u00edce fotiek z nieko\u013ek\u00fdch rokov \u2013 nie je to v\u0161ak nemo\u017en\u00e9. Sta\u010d\u00ed si <strong>rozdeli\u0165 gal\u00e9riu telef\u00f3nu na konkr\u00e9tne obdobia<\/strong> a ako alternat\u00edvu k ve\u010dern\u00e9mu prehliadaniu soci\u00e1lnych siet\u00ed si do prie\u010dinka \u201eob\u013e\u00faben\u00e9\u201c alebo \u201ena prezeranie\u201c prida\u0165 iba fotografie z tohto obdobia. Ani si nev\u0161imnete, ako r\u00fdchlo prejdete tis\u00edckami fotografi\u00ed a z\u00e1rove\u0148 za\u017eijete skuto\u010dn\u00fd z\u00e1\u017eitok zo stroja \u010dasu!<\/span><span data-ccp-props=\"{&quot;201341983&quot;:0,&quot;335559739&quot;:160,&quot;335559740&quot;:279}\">\u00a0<\/span><\/p>\n<p><span data-ccp-props=\"{&quot;201341983&quot;:0,&quot;335559739&quot;:160,&quot;335559740&quot;:279}\"> <img loading=\"lazy\" decoding=\"async\" class=\"alignnone size-full wp-image-9122\" src=\"https:\/\/www.empikfoto.sk\/blog\/empikfoto\/2024\/07\/DSC1202-1536x1024-1.jpg\" alt=\"Vyvolanie fotiek\" width=\"1536\" height=\"1024\" srcset=\"https:\/\/www.empikfoto.sk\/blog\/empikfoto\/2024\/07\/DSC1202-1536x1024-1.jpg 1536w, https:\/\/www.empikfoto.sk\/blog\/empikfoto\/2024\/07\/DSC1202-1536x1024-1-300x200.jpg 300w, https:\/\/www.empikfoto.sk\/blog\/empikfoto\/2024\/07\/DSC1202-1536x1024-1-1024x683.jpg 1024w, https:\/\/www.empikfoto.sk\/blog\/empikfoto\/2024\/07\/DSC1202-1536x1024-1-768x512.jpg 768w, https:\/\/www.empikfoto.sk\/blog\/empikfoto\/2024\/07\/DSC1202-1536x1024-1-330x220.jpg 330w, https:\/\/www.empikfoto.sk\/blog\/empikfoto\/2024\/07\/DSC1202-1536x1024-1-400x267.jpg 400w\" sizes=\"(max-width: 1536px) 100vw, 1536px\" \/><\/span><\/p>\n<h2><span data-contrast=\"auto\">Ako usporiada\u0165 vyvolan\u00e9 fotografie?<\/span><span data-ccp-props=\"{&quot;201341983&quot;:0,&quot;335559739&quot;:160,&quot;335559740&quot;:279}\">\u00a0<\/span><\/h2>\n<p><span data-contrast=\"auto\">Existuje nieko\u013eko sp\u00f4sobov ukladania fotografi\u00ed a v\u00fdber z\u00e1vis\u00ed od va\u0161ich o\u010dak\u00e1van\u00ed. Tu je nieko\u013eko z nich:<\/span><span data-ccp-props=\"{&quot;201341983&quot;:0,&quot;335559739&quot;:160,&quot;335559740&quot;:279}\">\u00a0<\/span><\/p>\n<p><strong>Fotoalbum<\/strong><span data-ccp-props=\"{&quot;201341983&quot;:0,&quot;335559739&quot;:160,&quot;335559740&quot;:279}\">\u00a0<\/span><\/p>\n<p><span data-contrast=\"auto\">Tradi\u010dn\u00e9 fotoalbumy s\u00fa, dalo by sa poveda\u0165, spomienkou samy o sebe! U\u017e len pri predstave zapr\u00e1\u0161en\u00fdch, \u0165a\u017ek\u00fdch albumov naplnen\u00fdch po okraj (doslova po okraj!) rodinn\u00fdmi fotkami sa n\u00e1m rozb\u00facha srdce. <a href=\"https:\/\/www.empikfoto.sk\/fotodarceky\/albumy-na-zasuvanie\">Fotoalbum<\/a> je najjednoduch\u0161\u00ed a najefekt\u00edvnej\u0161\u00ed sp\u00f4sob, ako zobrazi\u0165 <a href=\"https:\/\/www.empikfoto.sk\/fotky\">fotky<\/a>, najm\u00e4 ke\u010f ich je ve\u013ea a chceme uk\u00e1za\u0165 ka\u017ed\u00fa z nich. Nespornou v\u00fdhodou albumov je jednoduchos\u0165 udr\u017eiavania chronol\u00f3gie. Usporiadanie fotografi\u00ed zaberie len p\u00e1r chv\u00ed\u013e a umo\u017en\u00ed V\u00e1m spomen\u00fa\u0165 si na tie najkraj\u0161ie spomienky.<\/span><span data-ccp-props=\"{&quot;201341983&quot;:0,&quot;335559739&quot;:160,&quot;335559740&quot;:279}\">\u00a0<\/span><\/p>\n<p><span data-contrast=\"auto\">Aj s <strong>fotoalbumom<\/strong> m\u00f4\u017eete zaobch\u00e1dza\u0165 \u00faplne inak a usporiada\u0165 ho nie nevyhnutne chronologicky, ale&#8230; <strong>tematicky<\/strong>. A takto m\u00f4\u017eeme ma\u0165 fotoalbum <strong>venovan\u00fd cestovaniu, rodine \u010di v\u00e1\u0161\u0148am<\/strong>. Ide o zauj\u00edmav\u00fa formu usporiadania fotografi\u00ed, ktor\u00e1 m\u00f4\u017ee oslovi\u0165 v\u0161etk\u00fdch, ktor\u00ed maj\u00fa poriadok a perfekcionizmus vo svojej DNA!<\/span><span data-ccp-props=\"{&quot;201341983&quot;:0,&quot;335559739&quot;:160,&quot;335559740&quot;:279}\">\u00a0<\/span><\/p>\n<p><strong>Krabice na fotografie\u00a0<\/strong><\/p>\n<p><span data-contrast=\"auto\"><a href=\"https:\/\/www.empikfoto.sk\/fotodarceky\/krabicky\">Fotoboxy<\/a> s\u00fa univerz\u00e1lnou formou ukladania fotografi\u00ed, ktor\u00e1 umo\u017e\u0148uje skroti\u0165 neporiadok, ktor\u00fd vznik\u00e1 pri vyvolan\u00fdch <a href=\"https:\/\/www.empikfoto.sk\/fotky\">fotk\u00e1ch<\/a>. Ukryt\u00e9 vo vkusnej \u0161katu\u013eke, aj ke\u010f umiestnen\u00e9 mimo chronologick\u00e9ho poradia, bez ak\u00e9hoko\u013evek poradia, kompoz\u00edcie \u010di my\u0161lienky, vyzeraj\u00fa \u00fa\u017easne a chcete sa na ne pozera\u0165 znova a znova! \u0160tyri r\u00f4zne typy krab\u00edc: <strong>dreven\u00e9, kart\u00f3nov\u00e9, l\u00e1tkov\u00e9 a ekoko\u017ee<\/strong> s\u00fa perfektn\u00fdm n\u00e1padom na dar\u010dek pre z\u00e1visl\u00e9ho v\u00fdvoj\u00e1ra fotografi\u00ed! Fotky ukryt\u00e9 v kr\u00e1snej krabi\u010dke s\u00fa navy\u0161e doj\u00edmav\u00fdm dar\u010dekom na ka\u017ed\u00fa pr\u00edle\u017eitos\u0165, preto\u017ee V\u00e1m aj obdarovan\u00e9mu umo\u017enia zaspom\u00edna\u0165 si na spolo\u010dne str\u00e1ven\u00fd \u010das.<\/span><span data-ccp-props=\"{&quot;201341983&quot;:0,&quot;335559739&quot;:160,&quot;335559740&quot;:279}\">\u00a0<\/span><\/p>\n<p><strong>Fotoknihy<\/strong><span data-ccp-props=\"{&quot;201341983&quot;:0,&quot;335559739&quot;:160,&quot;335559740&quot;:279}\">\u00a0<\/span><\/p>\n<p><span data-contrast=\"auto\">T\u00e1to podsekcia je venovan\u00e1 skuto\u010dn\u00fdm umeleck\u00fdm du\u0161iam! <a href=\"https:\/\/www.empikfoto.sk\/fotoknihy\">Fotoknihy<\/a> si ka\u017ed\u00fdm rokom z\u00edskavaj\u00fa na popularite a dokazuj\u00fa, \u017ee nemus\u00edte by\u0165 profesion\u00e1lnym po\u010d\u00edta\u010dov\u00fdm grafikom, aby ste vytvorili \u00fa\u017easn\u00e9 n\u00e1vrhy. <strong>Jednoduchos\u0165 editora<\/strong> fotoknihy sp\u00f4sob\u00ed, \u017ee sa ka\u017ed\u00fd bude c\u00edti\u0165 ako umelec a umo\u017en\u00ed V\u00e1m navrhn\u00fa\u0165 kr\u00e1sny fotosuven\u00edr v priebehu nieko\u013ek\u00fdch okamihov. Vyberte si z <strong>hotov\u00fdch n\u00e1vrhov<\/strong> alebo si vytvorte <strong>vlastn\u00fd dizajn od za\u010diatku<\/strong>, aby ste pote\u0161ili cel\u00fa rodinu!<\/span><span data-ccp-props=\"{&quot;201341983&quot;:0,&quot;335559739&quot;:160,&quot;335559740&quot;:279}\">\u00a0<\/span><\/p>\n<p><span data-ccp-props=\"{&quot;201341983&quot;:0,&quot;335559739&quot;:160,&quot;335559740&quot;:279}\"> <img loading=\"lazy\" decoding=\"async\" class=\"alignnone size-full wp-image-9123\" src=\"https:\/\/www.empikfoto.sk\/blog\/empikfoto\/2024\/07\/DSC5532-1536x1024-1.jpg\" alt=\"Vyvolanie fotiek\" width=\"1536\" height=\"1024\" srcset=\"https:\/\/www.empikfoto.sk\/blog\/empikfoto\/2024\/07\/DSC5532-1536x1024-1.jpg 1536w, https:\/\/www.empikfoto.sk\/blog\/empikfoto\/2024\/07\/DSC5532-1536x1024-1-300x200.jpg 300w, https:\/\/www.empikfoto.sk\/blog\/empikfoto\/2024\/07\/DSC5532-1536x1024-1-1024x683.jpg 1024w, https:\/\/www.empikfoto.sk\/blog\/empikfoto\/2024\/07\/DSC5532-1536x1024-1-768x512.jpg 768w, https:\/\/www.empikfoto.sk\/blog\/empikfoto\/2024\/07\/DSC5532-1536x1024-1-330x220.jpg 330w, https:\/\/www.empikfoto.sk\/blog\/empikfoto\/2024\/07\/DSC5532-1536x1024-1-400x267.jpg 400w\" sizes=\"(max-width: 1536px) 100vw, 1536px\" \/><\/span><\/p>\n<p><strong>Fotor\u00e1m\u010deky<\/strong><span data-ccp-props=\"{&quot;201341983&quot;:0,&quot;335559739&quot;:160,&quot;335559740&quot;:279}\">\u00a0<\/span><\/p>\n<p><span data-contrast=\"auto\">Ak vyvol\u00e1vate fotografie sk\u00f4r striedmo a albumy s\u00fa pre V\u00e1s \u010diernou m\u00e1giou \u2013 zvo\u013ete minimalizmus. Vyberte si svoje ob\u013e\u00faben\u00e9 r\u00e1my a uchovajte si spomienky na dlh\u00fa dobu prostredn\u00edctvom <a href=\"https:\/\/www.empikfoto.sk\/fotodarceky\/fotoramceky\">fotor\u00e1mikov<\/a>. Ich jedine\u010dnos\u0165 spo\u010d\u00edva predov\u0161etk\u00fdm v ich <strong>v\u0161estrannosti<\/strong>. V s\u00fa\u010dasnosti m\u00e1me v predajniach na v\u00fdber tis\u00edce vzorov, ve\u013ekost\u00ed a farieb, ktor\u00e9 vieme dokonale zladi\u0165 do n\u00e1\u0161ho interi\u00e9ru. Navy\u0161e, ke\u010f n\u00e1s po ur\u010ditom \u010dase omrz\u00ed ich vzh\u013ead, sta\u010d\u00ed vymeni\u0165 fotografiu, ktor\u00fa obsahuj\u00fa, \u010do im okam\u017eite vd\u00fdchne nov\u00fd \u017eivot! Stojacie, z\u00e1vesn\u00e9, farebn\u00e9, minimalistick\u00e9, s pozl\u00e1ten\u00edm, vyrez\u00e1van\u00e9, dreven\u00e9, kovov\u00e9 alebo aj keramick\u00e9 &#8211; r\u00e1my s\u00fa nielen met\u00f3dou na ukladanie a organizovanie fotografi\u00ed, ale aj <strong>kr\u00e1snym doplnkom do Va\u0161ej dom\u00e1cnosti<\/strong>. Ni\u010d viac ni\u010d menej!<\/span><span data-ccp-props=\"{&quot;201341983&quot;:0,&quot;335559739&quot;:160,&quot;335559740&quot;:279}\">\u00a0<\/span><\/p>\n<p><strong>Personalizovan\u00e9 fotoprodukty\u00a0<\/strong><\/p>\n<p><span data-contrast=\"auto\">Ch\u00e1peme, \u017ee vyvolanie fotiek nemus\u00ed by\u0165 pre niektor\u00fdch \u013eud\u00ed pr\u00edjemn\u00e1 a r\u00fdchla z\u00e1le\u017eitos\u0165. Z tohto d\u00f4vodu sa oplat\u00ed vybera\u0165 si <strong>fotoprodukty<\/strong>, ktor\u00e9 sa \u013eahko navrhuj\u00fa a splnia svoju \u00falohu uchova\u0165 tie najd\u00f4le\u017eitej\u0161ie spomienky. M\u00f4\u017eete si tak vytvori\u0165 kolekciu<a href=\"https:\/\/www.empikfoto.sk\/fotodarceky\/fotohrnceky-druhy\"> hrn\u010dekov s fotografiami<\/a> z ka\u017edoro\u010dn\u00fdch sviatkov alebo <a href=\"https:\/\/www.empikfoto.sk\/fotokalendare\">kalend\u00e1r s Va\u0161ou ob\u013e\u00fabenou fotografiou<\/a> z ka\u017ed\u00e9ho mesiaca minul\u00e9ho roka. Hotov\u00e9 \u0161abl\u00f3ny v\u00fdrazne ur\u00fdchlia pr\u00e1cu na projekte a u\u017e o p\u00e1r dn\u00ed sa budete m\u00f4c\u0165 te\u0161i\u0165 z n\u00e1dhern\u00e9ho fotosuven\u00edru!<\/span><span data-ccp-props=\"{&quot;201341983&quot;:0,&quot;335559739&quot;:160,&quot;335559740&quot;:279}\">\u00a0<\/span><\/p>\n<p><span data-ccp-props=\"{&quot;201341983&quot;:0,&quot;335559739&quot;:160,&quot;335559740&quot;:279}\"> <img loading=\"lazy\" decoding=\"async\" class=\"alignnone size-full wp-image-9124\" src=\"https:\/\/www.empikfoto.sk\/blog\/empikfoto\/2024\/07\/DSC1405-1536x1024-1.jpg\" alt=\"\" width=\"1536\" height=\"1024\" srcset=\"https:\/\/www.empikfoto.sk\/blog\/empikfoto\/2024\/07\/DSC1405-1536x1024-1.jpg 1536w, https:\/\/www.empikfoto.sk\/blog\/empikfoto\/2024\/07\/DSC1405-1536x1024-1-300x200.jpg 300w, https:\/\/www.empikfoto.sk\/blog\/empikfoto\/2024\/07\/DSC1405-1536x1024-1-1024x683.jpg 1024w, https:\/\/www.empikfoto.sk\/blog\/empikfoto\/2024\/07\/DSC1405-1536x1024-1-768x512.jpg 768w, https:\/\/www.empikfoto.sk\/blog\/empikfoto\/2024\/07\/DSC1405-1536x1024-1-330x220.jpg 330w, https:\/\/www.empikfoto.sk\/blog\/empikfoto\/2024\/07\/DSC1405-1536x1024-1-400x267.jpg 400w\" sizes=\"(max-width: 1536px) 100vw, 1536px\" \/><\/span><\/p>\n<h2><span data-contrast=\"auto\">Fotopr\u00edslu\u0161enstvo &#8211; ako diverzifikova\u0165 vyvolanie fotiek?<\/span><span data-ccp-props=\"{&quot;201341983&quot;:0,&quot;335559739&quot;:160,&quot;335559740&quot;:279}\">\u00a0<\/span><\/h2>\n<p><span data-contrast=\"auto\">A ak V\u00e1m to nesta\u010d\u00ed, nechajte si trochu pom\u00f4c\u0165. Fotodoplnky, ako s\u00fa \u0161peci\u00e1lne per\u00e1, n\u00e1lepky alebo fixky, s\u00fa produkty, ktor\u00e9 V\u00e1m pom\u00f4\u017eu vytvori\u0165 album na fotografie. Ide o vytvorenie vlastn\u00e9ho albumu, ktor\u00fd \u010dasto obsahuje reli\u00e9fne prvky, po\u010detn\u00e9 v\u00fdstri\u017eky z nov\u00edn alebo nalepen\u00e9 suven\u00edry z cesty. Tak\u00fdto album je suven\u00edrom, ktor\u00fd je ur\u010dite \u010dasovo n\u00e1ro\u010dn\u00fd, ale aj uspokojuj\u00faci. V tejto verzii to bude fotoalbum \u010do najviac prisp\u00f4soben\u00fd!<\/span><span data-ccp-props=\"{&quot;201341983&quot;:0,&quot;335559739&quot;:160,&quot;335559740&quot;:279}\">\u00a0<\/span><\/p>\n","protected":false},"excerpt":{"rendered":"<p>Ak\u00fdch to bolo 365 dn\u00ed! Tak\u00e9to veci sa u\u017e nikdy nebud\u00fa opakova\u0165! Keby len existoval sp\u00f4sob, v\u010faka ktor\u00e9mu by ste si ich nav\u017edy zapam\u00e4tali. \u017de do konca \u017eivota budete spomienky na uplynul\u00fd rok vidie\u0165 tak \u017eivo, ako ke\u010f ste ich pre\u017e\u00edvali. Na\u0161\u0165astie na to nie je potrebn\u00fd \u010darovn\u00fd pr\u00fatik a dokonca ani \u0161tipka m\u00e1gie. Sta\u010d\u00ed spusti\u0165 spomienky na Empik Foto. A ako za\u010da\u0165? Pon\u00e1h\u013eame sa s vysvetleniami. Vytv\u00e1ranie fotografi\u00ed a ich organizovanie \u2013 nestra\u0165te svoje spomienky z minul\u00e9ho roka!\u00a0 Vyvolanie fotiek \u2013 prechodn\u00fd v\u00fdstrelok alebo ka\u017edoro\u010dn\u00e1 aktivita?\u00a0 V \u00e9re digit\u00e1lneho \u017eivota, kde je cel\u00fd n\u00e1\u0161 svet obmedzen\u00fd na zariadenie, ktor\u00e9 sa zmest\u00ed do vrecka nohav\u00edc, stoj\u00ed za to sa na chv\u00ed\u013eu zastavi\u0165 a zachyti\u0165 to, \u010do tak r\u00fdchlo mizne v ka\u017edodennom zhone. Na\u0161a 100% oddanos\u0165 a d\u00f4vera v elektroniku na jednej strane te\u0161\u00ed, no na druhej strane des\u00ed star\u0161ie gener\u00e1cie. D\u00f4verova\u0165 v\u0161etky na\u0161e spomienky nejak\u00e9mu zariadeniu m\u00f4\u017ee by\u0165 skuto\u010dne katastrof\u00e1lne a m\u00f4\u017ee vies\u0165 k smrte\u013enej trag\u00e9dii \u2013 ich zmiznutiu. Preto sa oplat\u00ed myslie\u0165 na to vopred a venova\u0165 pravideln\u00e9mu vyvol\u00e1vaniu fotografi\u00ed len p\u00e1r chv\u00ed\u013e.\u00a0 Ak to urob\u00edme z \u010dasu na \u010das, napr. ka\u017ed\u00fd \u0161tvr\u0165rok, v\u017edy po sviatkoch alebo v novom roku, zaberie n\u00e1m to ove\u013ea menej \u010dasu. Naj\u0165a\u017e\u0161ie je nazbiera\u0165 silu a motiv\u00e1ciu zorganizova\u0165 tis\u00edce fotiek z nieko\u013ek\u00fdch rokov \u2013 nie je to v\u0161ak nemo\u017en\u00e9. Sta\u010d\u00ed si rozdeli\u0165 gal\u00e9riu telef\u00f3nu na konkr\u00e9tne obdobia a ako alternat\u00edvu k ve\u010dern\u00e9mu prehliadaniu soci\u00e1lnych siet\u00ed si do prie\u010dinka \u201eob\u013e\u00faben\u00e9\u201c alebo \u201ena prezeranie\u201c prida\u0165 iba fotografie z tohto obdobia. Ani si nev\u0161imnete, ako r\u00fdchlo prejdete tis\u00edckami fotografi\u00ed a z\u00e1rove\u0148 za\u017eijete skuto\u010dn\u00fd z\u00e1\u017eitok zo stroja \u010dasu!\u00a0 Ako usporiada\u0165 vyvolan\u00e9 fotografie?\u00a0 Existuje nieko\u013eko sp\u00f4sobov ukladania fotografi\u00ed a v\u00fdber z\u00e1vis\u00ed od va\u0161ich o\u010dak\u00e1van\u00ed. Tu je nieko\u013eko z nich:\u00a0 Fotoalbum\u00a0 Tradi\u010dn\u00e9 fotoalbumy s\u00fa, dalo by sa poveda\u0165, spomienkou samy o sebe! U\u017e len pri predstave zapr\u00e1\u0161en\u00fdch, \u0165a\u017ek\u00fdch albumov naplnen\u00fdch po okraj (doslova po okraj!) rodinn\u00fdmi fotkami sa n\u00e1m rozb\u00facha srdce. Fotoalbum je najjednoduch\u0161\u00ed a najefekt\u00edvnej\u0161\u00ed sp\u00f4sob, ako zobrazi\u0165 fotky, najm\u00e4 ke\u010f ich je ve\u013ea a chceme uk\u00e1za\u0165 ka\u017ed\u00fa z nich. Nespornou v\u00fdhodou albumov je jednoduchos\u0165 udr\u017eiavania chronol\u00f3gie. Usporiadanie fotografi\u00ed zaberie len p\u00e1r chv\u00ed\u013e a umo\u017en\u00ed V\u00e1m spomen\u00fa\u0165 si na tie najkraj\u0161ie spomienky.\u00a0 Aj s fotoalbumom m\u00f4\u017eete zaobch\u00e1dza\u0165 \u00faplne inak a usporiada\u0165 ho nie nevyhnutne chronologicky, ale&#8230; tematicky. A takto m\u00f4\u017eeme ma\u0165 fotoalbum venovan\u00fd cestovaniu, rodine \u010di v\u00e1\u0161\u0148am. Ide o zauj\u00edmav\u00fa formu usporiadania fotografi\u00ed, ktor\u00e1 m\u00f4\u017ee oslovi\u0165 v\u0161etk\u00fdch, ktor\u00ed maj\u00fa poriadok a perfekcionizmus vo svojej DNA!\u00a0 Krabice na fotografie\u00a0 Fotoboxy s\u00fa univerz\u00e1lnou formou ukladania fotografi\u00ed, ktor\u00e1 umo\u017e\u0148uje skroti\u0165 neporiadok, ktor\u00fd vznik\u00e1 pri vyvolan\u00fdch fotk\u00e1ch. Ukryt\u00e9 vo vkusnej \u0161katu\u013eke, aj ke\u010f umiestnen\u00e9 mimo chronologick\u00e9ho poradia, bez ak\u00e9hoko\u013evek poradia, kompoz\u00edcie \u010di my\u0161lienky, vyzeraj\u00fa \u00fa\u017easne a chcete sa na ne pozera\u0165 znova a znova! \u0160tyri r\u00f4zne typy krab\u00edc: dreven\u00e9, kart\u00f3nov\u00e9, l\u00e1tkov\u00e9 a ekoko\u017ee s\u00fa perfektn\u00fdm n\u00e1padom na dar\u010dek pre z\u00e1visl\u00e9ho v\u00fdvoj\u00e1ra fotografi\u00ed! Fotky ukryt\u00e9 v kr\u00e1snej krabi\u010dke s\u00fa navy\u0161e doj\u00edmav\u00fdm dar\u010dekom na ka\u017ed\u00fa pr\u00edle\u017eitos\u0165, preto\u017ee V\u00e1m aj obdarovan\u00e9mu umo\u017enia zaspom\u00edna\u0165 si na spolo\u010dne str\u00e1ven\u00fd \u010das.\u00a0 Fotoknihy\u00a0 T\u00e1to podsekcia je venovan\u00e1 skuto\u010dn\u00fdm umeleck\u00fdm du\u0161iam! Fotoknihy si ka\u017ed\u00fdm rokom z\u00edskavaj\u00fa na popularite a dokazuj\u00fa, \u017ee nemus\u00edte by\u0165 profesion\u00e1lnym po\u010d\u00edta\u010dov\u00fdm grafikom, aby ste vytvorili \u00fa\u017easn\u00e9 n\u00e1vrhy. Jednoduchos\u0165 editora fotoknihy sp\u00f4sob\u00ed, \u017ee sa ka\u017ed\u00fd bude c\u00edti\u0165 ako umelec a umo\u017en\u00ed V\u00e1m navrhn\u00fa\u0165 kr\u00e1sny fotosuven\u00edr v priebehu nieko\u013ek\u00fdch okamihov. Vyberte si z hotov\u00fdch n\u00e1vrhov alebo si vytvorte vlastn\u00fd dizajn od za\u010diatku, aby ste pote\u0161ili cel\u00fa rodinu!\u00a0 Fotor\u00e1m\u010deky\u00a0 Ak vyvol\u00e1vate fotografie sk\u00f4r striedmo a albumy s\u00fa pre V\u00e1s \u010diernou m\u00e1giou \u2013 zvo\u013ete minimalizmus. Vyberte si svoje ob\u013e\u00faben\u00e9 r\u00e1my a uchovajte si spomienky na dlh\u00fa dobu prostredn\u00edctvom fotor\u00e1mikov. Ich jedine\u010dnos\u0165 spo\u010d\u00edva predov\u0161etk\u00fdm v ich v\u0161estrannosti. V s\u00fa\u010dasnosti m\u00e1me v predajniach na v\u00fdber tis\u00edce vzorov, ve\u013ekost\u00ed a farieb, ktor\u00e9 vieme dokonale zladi\u0165 do n\u00e1\u0161ho interi\u00e9ru. Navy\u0161e, ke\u010f n\u00e1s po ur\u010ditom \u010dase omrz\u00ed ich vzh\u013ead, sta\u010d\u00ed vymeni\u0165 fotografiu, ktor\u00fa obsahuj\u00fa, \u010do im okam\u017eite vd\u00fdchne nov\u00fd \u017eivot! Stojacie, z\u00e1vesn\u00e9, farebn\u00e9, minimalistick\u00e9, s pozl\u00e1ten\u00edm, vyrez\u00e1van\u00e9, dreven\u00e9, kovov\u00e9 alebo aj keramick\u00e9 &#8211; r\u00e1my s\u00fa nielen met\u00f3dou na ukladanie a organizovanie fotografi\u00ed, ale aj kr\u00e1snym doplnkom do Va\u0161ej dom\u00e1cnosti. Ni\u010d viac ni\u010d menej!\u00a0 Personalizovan\u00e9 fotoprodukty\u00a0 Ch\u00e1peme, \u017ee vyvolanie fotiek nemus\u00ed by\u0165 pre niektor\u00fdch \u013eud\u00ed pr\u00edjemn\u00e1 a r\u00fdchla z\u00e1le\u017eitos\u0165. Z tohto d\u00f4vodu sa oplat\u00ed vybera\u0165 si fotoprodukty, ktor\u00e9 sa \u013eahko navrhuj\u00fa a splnia svoju \u00falohu uchova\u0165 tie najd\u00f4le\u017eitej\u0161ie spomienky. M\u00f4\u017eete si tak vytvori\u0165 kolekciu hrn\u010dekov s fotografiami z ka\u017edoro\u010dn\u00fdch sviatkov alebo kalend\u00e1r s Va\u0161ou ob\u013e\u00fabenou fotografiou z ka\u017ed\u00e9ho mesiaca minul\u00e9ho roka. Hotov\u00e9 \u0161abl\u00f3ny v\u00fdrazne ur\u00fdchlia pr\u00e1cu na projekte a u\u017e o p\u00e1r dn\u00ed sa budete m\u00f4c\u0165 te\u0161i\u0165 z n\u00e1dhern\u00e9ho fotosuven\u00edru!\u00a0 Fotopr\u00edslu\u0161enstvo &#8211; ako diverzifikova\u0165 vyvolanie fotiek?\u00a0 A ak V\u00e1m to nesta\u010d\u00ed, nechajte si trochu pom\u00f4c\u0165. Fotodoplnky, ako s\u00fa \u0161peci\u00e1lne per\u00e1, n\u00e1lepky alebo fixky, s\u00fa produkty, ktor\u00e9 V\u00e1m pom\u00f4\u017eu vytvori\u0165 album na fotografie. Ide o vytvorenie vlastn\u00e9ho albumu, ktor\u00fd \u010dasto obsahuje reli\u00e9fne prvky, po\u010detn\u00e9 v\u00fdstri\u017eky z nov\u00edn alebo nalepen\u00e9 suven\u00edry z cesty. Tak\u00fdto album je suven\u00edrom, ktor\u00fd je ur\u010dite \u010dasovo n\u00e1ro\u010dn\u00fd, ale aj uspokojuj\u00faci. V tejto verzii to bude fotoalbum \u010do najviac prisp\u00f4soben\u00fd!\u00a0<\/p>\n","protected":false},"author":26,"featured_media":9121,"comment_status":"closed","ping_status":"closed","sticky":false,"template":"","format":"standard","meta":{"footnotes":""},"categories":[783],"tags":[921],"yoast_head":"<!-- This site is optimized with the Yoast SEO plugin v23.0 - https:\/\/yoast.com\/wordpress\/plugins\/seo\/ -->\n<title>N\u00e1vody na vyvolanie fotiek \u2013 nestra\u0165te spomienky z minul\u00e9ho roka | blog.empikfoto.sk<\/title>\n<meta name=\"description\" content=\"Vyvolanie fotiek na Empik Foto je tak\u00e9 jednoduch\u00e9. Postarajte sa o poriadok vo Va\u0161ich fotk\u00e1ch a objedn\u00e1jte si nov\u00fd fotoalbum.\" \/>\n<meta name=\"robots\" content=\"index, follow, max-snippet:-1, max-image-preview:large, max-video-preview:-1\" \/>\n<link rel=\"canonical\" href=\"https:\/\/www.empikfoto.sk\/blog\/navody-na-vyvolanie-fotiek-nestratte-spomienky-z-minuleho-roka\/\" \/>\n<meta property=\"og:locale\" content=\"pl_PL\" \/>\n<meta property=\"og:type\" content=\"article\" \/>\n<meta property=\"og:title\" content=\"N\u00e1vody na vyvolanie fotiek \u2013 nestra\u0165te spomienky z minul\u00e9ho roka | blog.empikfoto.sk\" \/>\n<meta property=\"og:description\" content=\"Vyvolanie fotiek na Empik Foto je tak\u00e9 jednoduch\u00e9. Postarajte sa o poriadok vo Va\u0161ich fotk\u00e1ch a objedn\u00e1jte si nov\u00fd fotoalbum.\" \/>\n<meta property=\"og:url\" content=\"https:\/\/www.empikfoto.sk\/blog\/navody-na-vyvolanie-fotiek-nestratte-spomienky-z-minuleho-roka\/\" \/>\n<meta property=\"og:site_name\" content=\"blog.empikfoto.sk\" \/>\n<meta property=\"article:publisher\" content=\"https:\/\/www.facebook.com\/empikfotopl\/\" \/>\n<meta property=\"article:published_time\" content=\"2024-07-26T11:57:48+00:00\" \/>\n<meta property=\"article:modified_time\" content=\"2024-07-31T11:19:08+00:00\" \/>\n<meta property=\"og:image\" content=\"https:\/\/www.empikfoto.sk\/blog\/empikfoto\/2024\/07\/DSC5314-1024x512-1.jpg\" \/>\n\t<meta property=\"og:image:width\" content=\"1024\" \/>\n\t<meta property=\"og:image:height\" content=\"512\" \/>\n\t<meta property=\"og:image:type\" content=\"image\/jpeg\" \/>\n<meta name=\"author\" content=\"Aleksandra Patryn\" \/>\n<meta name=\"twitter:card\" content=\"summary_large_image\" \/>\n<meta name=\"twitter:creator\" content=\"@empikfoto\" \/>\n<meta name=\"twitter:site\" content=\"@empikfoto\" \/>\n<meta name=\"twitter:label1\" content=\"Napisane przez\" \/>\n\t<meta name=\"twitter:data1\" content=\"Aleksandra Patryn\" \/>\n\t<meta name=\"twitter:label2\" content=\"Szacowany czas czytania\" \/>\n\t<meta name=\"twitter:data2\" content=\"6 minut\" \/>\n<script type=\"application\/ld+json\" class=\"yoast-schema-graph\">{\"@context\":\"https:\/\/schema.org\",\"@graph\":[{\"@type\":\"WebPage\",\"@id\":\"https:\/\/www.empikfoto.sk\/blog\/navody-na-vyvolanie-fotiek-nestratte-spomienky-z-minuleho-roka\/\",\"url\":\"https:\/\/www.empikfoto.sk\/blog\/navody-na-vyvolanie-fotiek-nestratte-spomienky-z-minuleho-roka\/\",\"name\":\"N\u00e1vody na vyvolanie fotiek \u2013 nestra\u0165te spomienky z minul\u00e9ho roka | blog.empikfoto.sk\",\"isPartOf\":{\"@id\":\"https:\/\/www.empikfoto.sk\/blog\/#website\"},\"primaryImageOfPage\":{\"@id\":\"https:\/\/www.empikfoto.sk\/blog\/navody-na-vyvolanie-fotiek-nestratte-spomienky-z-minuleho-roka\/#primaryimage\"},\"image\":{\"@id\":\"https:\/\/www.empikfoto.sk\/blog\/navody-na-vyvolanie-fotiek-nestratte-spomienky-z-minuleho-roka\/#primaryimage\"},\"thumbnailUrl\":\"https:\/\/www.empikfoto.sk\/blog\/empikfoto\/2024\/07\/DSC5314-1024x512-1.jpg\",\"datePublished\":\"2024-07-26T11:57:48+00:00\",\"dateModified\":\"2024-07-31T11:19:08+00:00\",\"author\":{\"@id\":\"https:\/\/www.empikfoto.sk\/blog\/#\/schema\/person\/e1126ac5b53a7df5dd19887fe52b213a\"},\"description\":\"Vyvolanie fotiek na Empik Foto je tak\u00e9 jednoduch\u00e9. Postarajte sa o poriadok vo Va\u0161ich fotk\u00e1ch a objedn\u00e1jte si nov\u00fd fotoalbum.\",\"breadcrumb\":{\"@id\":\"https:\/\/www.empikfoto.sk\/blog\/navody-na-vyvolanie-fotiek-nestratte-spomienky-z-minuleho-roka\/#breadcrumb\"},\"inLanguage\":\"pl-PL\",\"potentialAction\":[{\"@type\":\"ReadAction\",\"target\":[\"https:\/\/www.empikfoto.sk\/blog\/navody-na-vyvolanie-fotiek-nestratte-spomienky-z-minuleho-roka\/\"]}]},{\"@type\":\"ImageObject\",\"inLanguage\":\"pl-PL\",\"@id\":\"https:\/\/www.empikfoto.sk\/blog\/navody-na-vyvolanie-fotiek-nestratte-spomienky-z-minuleho-roka\/#primaryimage\",\"url\":\"https:\/\/www.empikfoto.sk\/blog\/empikfoto\/2024\/07\/DSC5314-1024x512-1.jpg\",\"contentUrl\":\"https:\/\/www.empikfoto.sk\/blog\/empikfoto\/2024\/07\/DSC5314-1024x512-1.jpg\",\"width\":1024,\"height\":512,\"caption\":\"dar\u010deky pre mamu\"},{\"@type\":\"BreadcrumbList\",\"@id\":\"https:\/\/www.empikfoto.sk\/blog\/navody-na-vyvolanie-fotiek-nestratte-spomienky-z-minuleho-roka\/#breadcrumb\",\"itemListElement\":[{\"@type\":\"ListItem\",\"position\":1,\"name\":\"Home\",\"item\":\"https:\/\/www.empikfoto.sk\/blog\/\"},{\"@type\":\"ListItem\",\"position\":2,\"name\":\"N\u00e1vody na vyvolanie fotiek \u2013 nestra\u0165te spomienky z minul\u00e9ho roka\"}]},{\"@type\":\"WebSite\",\"@id\":\"https:\/\/www.empikfoto.sk\/blog\/#website\",\"url\":\"https:\/\/www.empikfoto.sk\/blog\/\",\"name\":\"blog.empikfoto.sk\",\"description\":\"Zozn\u00e1mte empikfoto.sk zvn\u00fatra! Z\u00edskajte viac inform\u00e1ci\u00ed o v\u00fdtla\u010dkoch, fotoknih\u00e1ch a fotografi\u00e1ch.\",\"potentialAction\":[{\"@type\":\"SearchAction\",\"target\":{\"@type\":\"EntryPoint\",\"urlTemplate\":\"https:\/\/www.empikfoto.sk\/blog\/?s={search_term_string}\"},\"query-input\":\"required name=search_term_string\"}],\"inLanguage\":\"pl-PL\"},{\"@type\":\"Person\",\"@id\":\"https:\/\/www.empikfoto.sk\/blog\/#\/schema\/person\/e1126ac5b53a7df5dd19887fe52b213a\",\"name\":\"Aleksandra Patryn\",\"image\":{\"@type\":\"ImageObject\",\"inLanguage\":\"pl-PL\",\"@id\":\"https:\/\/www.empikfoto.sk\/blog\/#\/schema\/person\/image\/\",\"url\":\"https:\/\/secure.gravatar.com\/avatar\/5adbd8b2cc09bb8baefb52dc74bdbd37?s=96&d=identicon&r=g\",\"contentUrl\":\"https:\/\/secure.gravatar.com\/avatar\/5adbd8b2cc09bb8baefb52dc74bdbd37?s=96&d=identicon&r=g\",\"caption\":\"Aleksandra Patryn\"},\"url\":\"https:\/\/www.empikfoto.sk\/blog\/author\/apatryn\/\"}]}<\/script>\n<!-- \/ Yoast SEO plugin. -->","yoast_head_json":{"title":"N\u00e1vody na vyvolanie fotiek \u2013 nestra\u0165te spomienky z minul\u00e9ho roka | blog.empikfoto.sk","description":"Vyvolanie fotiek na Empik Foto je tak\u00e9 jednoduch\u00e9. Postarajte sa o poriadok vo Va\u0161ich fotk\u00e1ch a objedn\u00e1jte si nov\u00fd fotoalbum.","robots":{"index":"index","follow":"follow","max-snippet":"max-snippet:-1","max-image-preview":"max-image-preview:large","max-video-preview":"max-video-preview:-1"},"canonical":"https:\/\/www.empikfoto.sk\/blog\/navody-na-vyvolanie-fotiek-nestratte-spomienky-z-minuleho-roka\/","og_locale":"pl_PL","og_type":"article","og_title":"N\u00e1vody na vyvolanie fotiek \u2013 nestra\u0165te spomienky z minul\u00e9ho roka | blog.empikfoto.sk","og_description":"Vyvolanie fotiek na Empik Foto je tak\u00e9 jednoduch\u00e9. Postarajte sa o poriadok vo Va\u0161ich fotk\u00e1ch a objedn\u00e1jte si nov\u00fd fotoalbum.","og_url":"https:\/\/www.empikfoto.sk\/blog\/navody-na-vyvolanie-fotiek-nestratte-spomienky-z-minuleho-roka\/","og_site_name":"blog.empikfoto.sk","article_publisher":"https:\/\/www.facebook.com\/empikfotopl\/","article_published_time":"2024-07-26T11:57:48+00:00","article_modified_time":"2024-07-31T11:19:08+00:00","og_image":[{"width":1024,"height":512,"url":"https:\/\/www.empikfoto.sk\/blog\/empikfoto\/2024\/07\/DSC5314-1024x512-1.jpg","type":"image\/jpeg"}],"author":"Aleksandra Patryn","twitter_card":"summary_large_image","twitter_creator":"@empikfoto","twitter_site":"@empikfoto","twitter_misc":{"Napisane przez":"Aleksandra Patryn","Szacowany czas czytania":"6 minut"},"schema":{"@context":"https:\/\/schema.org","@graph":[{"@type":"WebPage","@id":"https:\/\/www.empikfoto.sk\/blog\/navody-na-vyvolanie-fotiek-nestratte-spomienky-z-minuleho-roka\/","url":"https:\/\/www.empikfoto.sk\/blog\/navody-na-vyvolanie-fotiek-nestratte-spomienky-z-minuleho-roka\/","name":"N\u00e1vody na vyvolanie fotiek \u2013 nestra\u0165te spomienky z minul\u00e9ho roka | blog.empikfoto.sk","isPartOf":{"@id":"https:\/\/www.empikfoto.sk\/blog\/#website"},"primaryImageOfPage":{"@id":"https:\/\/www.empikfoto.sk\/blog\/navody-na-vyvolanie-fotiek-nestratte-spomienky-z-minuleho-roka\/#primaryimage"},"image":{"@id":"https:\/\/www.empikfoto.sk\/blog\/navody-na-vyvolanie-fotiek-nestratte-spomienky-z-minuleho-roka\/#primaryimage"},"thumbnailUrl":"https:\/\/www.empikfoto.sk\/blog\/empikfoto\/2024\/07\/DSC5314-1024x512-1.jpg","datePublished":"2024-07-26T11:57:48+00:00","dateModified":"2024-07-31T11:19:08+00:00","author":{"@id":"https:\/\/www.empikfoto.sk\/blog\/#\/schema\/person\/e1126ac5b53a7df5dd19887fe52b213a"},"description":"Vyvolanie fotiek na Empik Foto je tak\u00e9 jednoduch\u00e9. Postarajte sa o poriadok vo Va\u0161ich fotk\u00e1ch a objedn\u00e1jte si nov\u00fd fotoalbum.","breadcrumb":{"@id":"https:\/\/www.empikfoto.sk\/blog\/navody-na-vyvolanie-fotiek-nestratte-spomienky-z-minuleho-roka\/#breadcrumb"},"inLanguage":"pl-PL","potentialAction":[{"@type":"ReadAction","target":["https:\/\/www.empikfoto.sk\/blog\/navody-na-vyvolanie-fotiek-nestratte-spomienky-z-minuleho-roka\/"]}]},{"@type":"ImageObject","inLanguage":"pl-PL","@id":"https:\/\/www.empikfoto.sk\/blog\/navody-na-vyvolanie-fotiek-nestratte-spomienky-z-minuleho-roka\/#primaryimage","url":"https:\/\/www.empikfoto.sk\/blog\/empikfoto\/2024\/07\/DSC5314-1024x512-1.jpg","contentUrl":"https:\/\/www.empikfoto.sk\/blog\/empikfoto\/2024\/07\/DSC5314-1024x512-1.jpg","width":1024,"height":512,"caption":"dar\u010deky pre mamu"},{"@type":"BreadcrumbList","@id":"https:\/\/www.empikfoto.sk\/blog\/navody-na-vyvolanie-fotiek-nestratte-spomienky-z-minuleho-roka\/#breadcrumb","itemListElement":[{"@type":"ListItem","position":1,"name":"Home","item":"https:\/\/www.empikfoto.sk\/blog\/"},{"@type":"ListItem","position":2,"name":"N\u00e1vody na vyvolanie fotiek \u2013 nestra\u0165te spomienky z minul\u00e9ho roka"}]},{"@type":"WebSite","@id":"https:\/\/www.empikfoto.sk\/blog\/#website","url":"https:\/\/www.empikfoto.sk\/blog\/","name":"blog.empikfoto.sk","description":"Zozn\u00e1mte empikfoto.sk zvn\u00fatra! Z\u00edskajte viac inform\u00e1ci\u00ed o v\u00fdtla\u010dkoch, fotoknih\u00e1ch a fotografi\u00e1ch.","potentialAction":[{"@type":"SearchAction","target":{"@type":"EntryPoint","urlTemplate":"https:\/\/www.empikfoto.sk\/blog\/?s={search_term_string}"},"query-input":"required name=search_term_string"}],"inLanguage":"pl-PL"},{"@type":"Person","@id":"https:\/\/www.empikfoto.sk\/blog\/#\/schema\/person\/e1126ac5b53a7df5dd19887fe52b213a","name":"Aleksandra Patryn","image":{"@type":"ImageObject","inLanguage":"pl-PL","@id":"https:\/\/www.empikfoto.sk\/blog\/#\/schema\/person\/image\/","url":"https:\/\/secure.gravatar.com\/avatar\/5adbd8b2cc09bb8baefb52dc74bdbd37?s=96&d=identicon&r=g","contentUrl":"https:\/\/secure.gravatar.com\/avatar\/5adbd8b2cc09bb8baefb52dc74bdbd37?s=96&d=identicon&r=g","caption":"Aleksandra Patryn"},"url":"https:\/\/www.empikfoto.sk\/blog\/author\/apatryn\/"}]}},"_links":{"self":[{"href":"https:\/\/www.empikfoto.sk\/blog\/wp-json\/wp\/v2\/posts\/9120"}],"collection":[{"href":"https:\/\/www.empikfoto.sk\/blog\/wp-json\/wp\/v2\/posts"}],"about":[{"href":"https:\/\/www.empikfoto.sk\/blog\/wp-json\/wp\/v2\/types\/post"}],"author":[{"embeddable":true,"href":"https:\/\/www.empikfoto.sk\/blog\/wp-json\/wp\/v2\/users\/26"}],"replies":[{"embeddable":true,"href":"https:\/\/www.empikfoto.sk\/blog\/wp-json\/wp\/v2\/comments?post=9120"}],"version-history":[{"count":5,"href":"https:\/\/www.empikfoto.sk\/blog\/wp-json\/wp\/v2\/posts\/9120\/revisions"}],"predecessor-version":[{"id":9129,"href":"https:\/\/www.empikfoto.sk\/blog\/wp-json\/wp\/v2\/posts\/9120\/revisions\/9129"}],"wp:featuredmedia":[{"embeddable":true,"href":"https:\/\/www.empikfoto.sk\/blog\/wp-json\/wp\/v2\/media\/9121"}],"wp:attachment":[{"href":"https:\/\/www.empikfoto.sk\/blog\/wp-json\/wp\/v2\/media?parent=9120"}],"wp:term":[{"taxonomy":"category","embeddable":true,"href":"https:\/\/www.empikfoto.sk\/blog\/wp-json\/wp\/v2\/categories?post=9120"},{"taxonomy":"post_tag","embeddable":true,"href":"https:\/\/www.empikfoto.sk\/blog\/wp-json\/wp\/v2\/tags?post=9120"}],"curies":[{"name":"wp","href":"https:\/\/api.w.org\/{rel}","templated":true}]}}