{"id":9103,"date":"2024-07-19T11:09:27","date_gmt":"2024-07-19T09:09:27","guid":{"rendered":"https:\/\/www.empikfoto.sk\/blog\/?p=9103"},"modified":"2024-07-23T10:01:59","modified_gmt":"2024-07-23T08:01:59","slug":"ako-modernie-zariadit-halu-obrazy-a-plagaty-do-haly","status":"publish","type":"post","link":"https:\/\/www.empikfoto.sk\/blog\/ako-modernie-zariadit-halu-obrazy-a-plagaty-do-haly\/","title":{"rendered":"Ako modernie zariadi\u0165 halu? Obrazy a plag\u00e1ty do haly"},"content":{"rendered":"<p><span data-contrast=\"auto\">Predsie\u0148 je \u010dasto podce\u0148ovan\u00e1 miestnos\u0165 v dome \u010di byte. A to je obrovsk\u00e1 chyba! Pri vstupe do bytu pr\u00e1ve <strong>predsie\u0148 na n\u00e1s rob\u00ed prv\u00fd dojem a buduje na\u0161e o\u010dak\u00e1vania a predstavy<\/strong> o zvy\u0161ku bytu. Preto pri navrhovan\u00ed alebo osvie\u017een\u00ed tejto miestnosti venujme trochu \u010dasu jej usporiadaniu a pristupujme k nej rovnako ako k ostatn\u00fdm. Povieme V\u00e1m, ako m\u00f4\u017eu mal\u00e9 prvky radik\u00e1lne zmeni\u0165 na\u0161u dom\u00e1cu halu a predstav\u00edme vzorov\u00e9 n\u00e1pady na jej usporiadanie.<\/span><span data-ccp-props=\"{&quot;201341983&quot;:0,&quot;335559739&quot;:160,&quot;335559740&quot;:279}\">\u00a0<\/span><\/p>\n<h2><span data-contrast=\"auto\">Za\u010dnime s&#8230; pl\u00e1nom. Ako za\u010da\u0165 so zaria\u010fovan\u00edm haly?<\/span><span data-ccp-props=\"{&quot;201341983&quot;:0,&quot;335559739&quot;:160,&quot;335559740&quot;:279}\">\u00a0<\/span><\/h2>\n<p><span data-contrast=\"auto\">Predsie\u0148, na rozdiel od zdania, pln\u00ed mnoho funkci\u00ed &#8211; okrem srde\u010dn\u00e9ho v\u00edtania host\u00ed sl\u00fa\u017ei na to, aby sa \u0161pina z dvora nedostala do zvy\u0161ku bytu, s\u00fa v nej ulo\u017een\u00e9 v\u0161etky na\u0161e vonkaj\u0161ie veci, \u010dasto aj dom\u00e1ce spotrebi\u010de. je tie\u017e miesto, kde zvy\u010dajne uchov\u00e1vame drobn\u00e9 predmety, ako s\u00fa k\u013e\u00fa\u010de, vod\u00edtka pre psov, dom\u00e1ce potreby na upratovanie alebo in\u00e9 dom\u00e1ce potreby. Aj tu sa pred odchodom kontrolujeme, \u010di sa \u010das na zdol\u00e1vanie \u010fal\u0161ieho d\u0148a pr\u00e1ve za\u010dal. Pod\u013ea toho, ko\u013ek\u00fdm z t\u00fdchto funkci\u00ed Va\u0161a predsie\u0148 pln\u00ed a \u010di niektor\u00e9 z nich prevezm\u00fa in\u00e9 miestnosti, budete musie\u0165 <strong>pod\u013ea toho napl\u00e1nova\u0165 jej v\u00fdzdobu<\/strong>.<\/span><span data-ccp-props=\"{&quot;201341983&quot;:0,&quot;335559739&quot;:160,&quot;335559740&quot;:279}\">\u00a0<\/span><\/p>\n<p><img loading=\"lazy\" decoding=\"async\" class=\"alignnone size-full wp-image-9111\" src=\"https:\/\/www.empikfoto.sk\/blog\/empikfoto\/2024\/07\/trendy-interior-living-room-with-design-armchair-vintage-commode-round-mirror-mock-up-poster-frame-shelf-tropical-leaf-decoration-carpet-persnoal-accessories-home-decor-1536x1024-1.jpg\" alt=\"Plag\u00e1ty na stenu\" width=\"1536\" height=\"1024\" srcset=\"https:\/\/www.empikfoto.sk\/blog\/empikfoto\/2024\/07\/trendy-interior-living-room-with-design-armchair-vintage-commode-round-mirror-mock-up-poster-frame-shelf-tropical-leaf-decoration-carpet-persnoal-accessories-home-decor-1536x1024-1.jpg 1536w, https:\/\/www.empikfoto.sk\/blog\/empikfoto\/2024\/07\/trendy-interior-living-room-with-design-armchair-vintage-commode-round-mirror-mock-up-poster-frame-shelf-tropical-leaf-decoration-carpet-persnoal-accessories-home-decor-1536x1024-1-300x200.jpg 300w, https:\/\/www.empikfoto.sk\/blog\/empikfoto\/2024\/07\/trendy-interior-living-room-with-design-armchair-vintage-commode-round-mirror-mock-up-poster-frame-shelf-tropical-leaf-decoration-carpet-persnoal-accessories-home-decor-1536x1024-1-1024x683.jpg 1024w, https:\/\/www.empikfoto.sk\/blog\/empikfoto\/2024\/07\/trendy-interior-living-room-with-design-armchair-vintage-commode-round-mirror-mock-up-poster-frame-shelf-tropical-leaf-decoration-carpet-persnoal-accessories-home-decor-1536x1024-1-768x512.jpg 768w, https:\/\/www.empikfoto.sk\/blog\/empikfoto\/2024\/07\/trendy-interior-living-room-with-design-armchair-vintage-commode-round-mirror-mock-up-poster-frame-shelf-tropical-leaf-decoration-carpet-persnoal-accessories-home-decor-1536x1024-1-330x220.jpg 330w, https:\/\/www.empikfoto.sk\/blog\/empikfoto\/2024\/07\/trendy-interior-living-room-with-design-armchair-vintage-commode-round-mirror-mock-up-poster-frame-shelf-tropical-leaf-decoration-carpet-persnoal-accessories-home-decor-1536x1024-1-400x267.jpg 400w\" sizes=\"(max-width: 1536px) 100vw, 1536px\" \/><\/p>\n<p><span data-contrast=\"auto\">Ak si tu ulo\u017e\u00edte v\u0161etky top\u00e1nky a vrchn\u00e9 oble\u010denie, mali by ste zv\u00e1\u017ei\u0165 viac n\u00e1bytku a \u00falo\u017en\u00e9ho priestoru ako jeden stojan na Va\u0161e s\u00fa\u010dasn\u00e9 bundy. <strong>Zv\u00e1\u017ete, \u010di potrebujete miesto<\/strong> na sedenie a pohodln\u00e9 ob\u00favanie alebo je to zbyto\u010dn\u00fd prvok vo Va\u0161om byte. Zamyslite sa nad t\u00fdm, kde m\u00f4\u017eete u\u0161etri\u0165 miesto a ak\u00fd n\u00e1bytok budete potrebova\u0165. Na tento \u00fa\u010del budete musie\u0165 <strong>zhroma\u017edi\u0165 pr\u00edslu\u0161n\u00e9 merania a nakresli\u0165 pr\u00edklad rozlo\u017eenia<\/strong> na kus papiera.<\/span><span data-ccp-props=\"{&quot;201341983&quot;:0,&quot;335559739&quot;:160,&quot;335559740&quot;:279}\">\u00a0<\/span><\/p>\n<h2><span data-contrast=\"auto\">Je \u010das za\u010da\u0165 \u0161ialenstvo zmien, teda usporiadanie haly<\/span><span data-ccp-props=\"{&quot;201341983&quot;:0,&quot;335559739&quot;:160,&quot;335559740&quot;:279}\">\u00a0<\/span><\/h2>\n<p><span data-contrast=\"auto\">Mus\u00edte vzia\u0165 do \u00favahy nieko\u013eko vec\u00ed:<\/span><span data-ccp-props=\"{&quot;201341983&quot;:0,&quot;335559739&quot;:160,&quot;335559740&quot;:279}\">\u00a0<\/span><\/p>\n<p><span data-contrast=\"auto\"><strong>Steny<\/strong> \u2013 dalo by sa dokonca poveda\u0165: \u201eto je z\u00e1klad\u201c! Je potrebn\u00e9 urobi\u0165 ove\u013ea viac rozhodnut\u00ed ako len farbu. Aj ke\u010f v\u00fdber farby nie je jednoduch\u00e1 z\u00e1le\u017eitos\u0165, v\u00e4\u010d\u0161inou sa rozhodneme pre <strong>d\u00f4sledn\u00fd pr\u00edstup a vyber\u00e1me odtiene z farebnej palety<\/strong>, ktor\u00e9 sme u\u017e do ob\u00fdva\u010dky \u010di in\u00fdch miestnost\u00ed pou\u017eili. Samotn\u00e1 farba v\u0161ak nie je v\u0161etko, preto\u017ee v s\u00fa\u010dasnosti sa interi\u00e9rov\u00ed dizajn\u00e9ri predh\u00e1\u0148aj\u00fa v n\u00e1vrhoch predsien\u00ed s pou\u017eit\u00edm zauj\u00edmav\u00fdch materi\u00e1lov, \u0161trukt\u00far a text\u00far. Doplnky ako <strong>omietka imituj\u00faca bet\u00f3n, dekorat\u00edvne tehly, dreven\u00e9 li\u0161ty, efektn\u00e9 vzory tapiet alebo n\u00e1stenn\u00e9 ma\u013eby<\/strong> umo\u017e\u0148uj\u00fa moderniz\u00e1ciu interi\u00e9ru. V na\u0161ich bytoch radi vyu\u017e\u00edvame aj geometrick\u00e9 tvary, asymetrie a kontrastn\u00e9 farby. Existuje aj mno\u017estvo pravidiel, ktor\u00e9 umo\u017e\u0148uj\u00fa predsie\u0148 opticky pred\u013a\u017ei\u0165, z\u00fa\u017ei\u0165 \u010di roz\u0161\u00edri\u0165 v\u010faka doplnkom a umiestneniu farieb n\u00e1terov. Uk\u00e1zalo sa, \u017ee <strong>zrkadl\u00e1<\/strong> s\u00fa na to obzvl\u00e1\u0161\u0165 u\u017eito\u010dn\u00e9. Tieto vstavan\u00e9 skrine alebo umiestnen\u00e9 na bo\u010dnej stene chodby zv\u00e4\u010d\u0161ia mal\u00fd priestor. Pozrite si in\u0161pir\u00e1cie a rozhodnite sa, \u010do bude vo Va\u0161om byte fungova\u0165 najlep\u0161ie.<\/span><span data-ccp-props=\"{&quot;201341983&quot;:0,&quot;335559739&quot;:160,&quot;335559740&quot;:279}\">\u00a0<\/span><\/p>\n<p><span data-ccp-props=\"{&quot;201341983&quot;:0,&quot;335559739&quot;:160,&quot;335559740&quot;:279}\"> <img loading=\"lazy\" decoding=\"async\" class=\"alignnone size-full wp-image-9110\" src=\"https:\/\/www.empikfoto.sk\/blog\/empikfoto\/2024\/07\/2150407617-1536x1025-1.jpg\" alt=\"Plag\u00e1ty na stenu\" width=\"1536\" height=\"1025\" srcset=\"https:\/\/www.empikfoto.sk\/blog\/empikfoto\/2024\/07\/2150407617-1536x1025-1.jpg 1536w, https:\/\/www.empikfoto.sk\/blog\/empikfoto\/2024\/07\/2150407617-1536x1025-1-300x200.jpg 300w, https:\/\/www.empikfoto.sk\/blog\/empikfoto\/2024\/07\/2150407617-1536x1025-1-1024x683.jpg 1024w, https:\/\/www.empikfoto.sk\/blog\/empikfoto\/2024\/07\/2150407617-1536x1025-1-768x513.jpg 768w, https:\/\/www.empikfoto.sk\/blog\/empikfoto\/2024\/07\/2150407617-1536x1025-1-330x220.jpg 330w, https:\/\/www.empikfoto.sk\/blog\/empikfoto\/2024\/07\/2150407617-1536x1025-1-400x267.jpg 400w\" sizes=\"(max-width: 1536px) 100vw, 1536px\" \/><\/span><\/p>\n<p><span data-contrast=\"auto\"><strong>Podlahy<\/strong> \u2013 aj ke\u010f vo v\u00e4\u010d\u0161ine miestnost\u00ed v byte vol\u00edme v\u00e4\u010d\u0161inou jednotn\u00e9 podlahy, niekedy od tejto my\u0161lienky upust\u00edme v prospech zavedenia <strong>obkladov alebo dekorat\u00edvnych moza\u00edk<\/strong>. Materi\u00e1l s\u00e1m o sebe nie je v\u0161etko, ve\u010f aj koberce sa do dom\u00e1cnost\u00ed vracaj\u00fa s rachotom! A v s\u00fa\u010dasnosti m\u00f3dne koberce nemaj\u00fa ni\u010d spolo\u010dn\u00e9 so star\u00fdmi, obrovsk\u00fdmi dekor\u00e1ciami so starom\u00f3dnymi vzormi, ale z\u00edskavaj\u00fa si srdcia interi\u00e9rov\u00fdch dekorat\u00e9rov ru\u010dne vyroben\u00fdmi, vtipn\u00fdmi a efektn\u00fdmi vzormi v malom form\u00e1te. Ru\u010dn\u00e1 v\u00fdroba kobercov si pomaly z\u00edskava nov\u00fdch priaznivcov a my to fascinovane sledujeme a&#8230; u\u017e \u010dak\u00e1me na n\u00e1\u0161 model!<\/span><span data-ccp-props=\"{&quot;201341983&quot;:0,&quot;335559739&quot;:160,&quot;335559740&quot;:279}\">\u00a0<\/span><\/p>\n<p><span data-contrast=\"auto\"><strong>N\u00e1bytok<\/strong> \u2013 hoci sa n\u00e1kup n\u00e1bytku zd\u00e1 by\u0165 samozrejmos\u0165ou, na tomto mieste sme V\u00e1m chceli pripomen\u00fa\u0165 nieko\u013eko d\u00f4le\u017eit\u00fdch pravidiel. Predsie\u0148 je miestnos\u0165 vyu\u017e\u00edvan\u00e1 hlavne na <strong>skladovanie<\/strong>, preto sa oplat\u00ed dba\u0165 na dostatok tohto priestoru. <strong>Vyhnite sa preto prid\u00e1vaniu zbyto\u010dn\u00fdch prvkov do malej predsiene<\/strong>, preto\u017ee ju opticky zmen\u0161ia a miestnos\u0165 na prv\u00fd poh\u013ead p\u00f4sob\u00ed nepreh\u013eadne. Vyberte si ve\u013ek\u00e9 \u0161atn\u00edkov\u00e9 skrine vysok\u00e9 stropy s mnoh\u00fdmi hlbok\u00fdmi policami. Vyu\u017eite mo\u017enos\u0165 elegantnej in\u0161tal\u00e1cie poistiek a ventilov umiestnen\u00fdch v predsieni. Ak je priestor mal\u00fd, vyu\u017eite kombinovan\u00e9 rie\u0161enia, ako je seda\u010dka so sadou ve\u0161iakov nad \u0148ou alebo botn\u00edk s h\u00e1\u010dikmi na boku, kde m\u00f4\u017eete umiestni\u0165 k\u013e\u00fa\u010de v\u0161etk\u00fdch \u010dlenov dom\u00e1cnosti.<\/span><span data-ccp-props=\"{&quot;201341983&quot;:0,&quot;335559739&quot;:160,&quot;335559740&quot;:279}\">\u00a0<\/span><\/p>\n<p><span data-ccp-props=\"{&quot;201341983&quot;:0,&quot;335559739&quot;:160,&quot;335559740&quot;:279}\"> <img loading=\"lazy\" decoding=\"async\" class=\"alignnone size-full wp-image-9109\" src=\"https:\/\/www.empikfoto.sk\/blog\/empikfoto\/2024\/07\/room-decor-with-mostera-plant-wooden-shelf-1536x1024-1.jpg\" alt=\"Plag\u00e1ty na stenu\" width=\"1536\" height=\"1024\" srcset=\"https:\/\/www.empikfoto.sk\/blog\/empikfoto\/2024\/07\/room-decor-with-mostera-plant-wooden-shelf-1536x1024-1.jpg 1536w, https:\/\/www.empikfoto.sk\/blog\/empikfoto\/2024\/07\/room-decor-with-mostera-plant-wooden-shelf-1536x1024-1-300x200.jpg 300w, https:\/\/www.empikfoto.sk\/blog\/empikfoto\/2024\/07\/room-decor-with-mostera-plant-wooden-shelf-1536x1024-1-1024x683.jpg 1024w, https:\/\/www.empikfoto.sk\/blog\/empikfoto\/2024\/07\/room-decor-with-mostera-plant-wooden-shelf-1536x1024-1-768x512.jpg 768w, https:\/\/www.empikfoto.sk\/blog\/empikfoto\/2024\/07\/room-decor-with-mostera-plant-wooden-shelf-1536x1024-1-330x220.jpg 330w, https:\/\/www.empikfoto.sk\/blog\/empikfoto\/2024\/07\/room-decor-with-mostera-plant-wooden-shelf-1536x1024-1-400x267.jpg 400w\" sizes=\"(max-width: 1536px) 100vw, 1536px\" \/><\/span><\/p>\n<p><span data-contrast=\"auto\"><strong>Osvetlenie<\/strong> \u2013 svetlo m\u00f4\u017ee v\u00fdrazne zmeni\u0165 vn\u00edmanie miestnosti. Najm\u00e4 tak\u00fd tmav\u00fd a mal\u00fd ako hala. Preto pri navrhovan\u00ed tohto priestoru myslite na svoje mo\u017enosti. Mo\u017eno <strong>\u010fal\u0161ie svietidl\u00e1 nad \u0161atn\u00edkovou skri\u0148ou, LED p\u00e1sy pozd\u013a\u017e horn\u00e9ho okraja alebo diskr\u00e9tne zrkadlov\u00e9 osvetlenie<\/strong> dodaj\u00fa charakter a pri spr\u00e1vnom umiestnen\u00ed z\u00fatulnia t\u00fato miestnos\u0165 rovnako ako zvy\u0161ok domu.<\/span><span data-ccp-props=\"{&quot;201341983&quot;:0,&quot;335559739&quot;:160,&quot;335559740&quot;:279}\">\u00a0<\/span><\/p>\n<h2><span data-contrast=\"auto\">Obrazy a plag\u00e1ty na stenu. Sp\u00f4soby pou\u017eitia rodinn\u00fdch fotografi\u00ed v interi\u00e9ri<\/span><span data-ccp-props=\"{&quot;201341983&quot;:0,&quot;335559739&quot;:160,&quot;335559740&quot;:279}\">\u00a0<\/span><\/h2>\n<p><span data-contrast=\"auto\">M\u00e1me v\u0161ak dodato\u010dn\u00fd, univerz\u00e1lny tip pre dizajn V\u00e1\u0161ho interi\u00e9ru. <a href=\"https:\/\/www.empikfoto.sk\/vyzdoba-interieru\/fotoplagaty\">Plag\u00e1ty do haly<\/a> s\u00fa <strong>perfektn\u00fdm n\u00e1padom na jej zdobenie<\/strong>. Plag\u00e1ty na stenu (najm\u00e4 tie ve\u013ekoform\u00e1tov\u00e9) sa stali nato\u013eko ob\u013e\u00faben\u00fdm interi\u00e9rov\u00fdm doplnkom, \u017ee ich mo\u017eno n\u00e1js\u0165 prakticky v akejko\u013evek farbe a \u0161t\u00fdle. Mno\u017estvo typov, form\u00e1tov a vzorov V\u00e1m umo\u017en\u00ed premeni\u0165 interi\u00e9r \u00faplne svojpomocne \u2013 bez nutnosti ve\u013ek\u00fdch renov\u00e1ci\u00ed a n\u00e1kladnej v\u00fdmeny n\u00e1bytku. Obzvl\u00e1\u0161\u0165 zauj\u00edmav\u00fdm n\u00e1padom s\u00fa diptychy a triptychy, ktor\u00e9 po zavesen\u00ed ved\u013ea seba vytv\u00e1raj\u00fa s\u00favisl\u00fd celok. Tak\u00e9to plag\u00e1ty n\u00e1jdete na Empik Foto, napr. v kolekcii &#8222;<a href=\"https:\/\/www.empikfoto.sk\/plagat,balance?druh-papiera=fotograficky&amp;rozmery=30x40-63049\">Balance<\/a>&#8221; alebo &#8222;<a href=\"https:\/\/www.empikfoto.sk\/plagat,body-mind-soul?druh-papiera=fotograficky&amp;rozmery=30x40-63003\">Body, Mind, Soul<\/a>&#8222;.<\/span><span data-ccp-props=\"{&quot;201341983&quot;:0,&quot;335559739&quot;:160,&quot;335559740&quot;:279}\">\u00a0<\/span><\/p>\n<p><span data-ccp-props=\"{&quot;201341983&quot;:0,&quot;335559739&quot;:160,&quot;335559740&quot;:279}\"> <img loading=\"lazy\" decoding=\"async\" class=\"alignnone size-full wp-image-9112\" src=\"https:\/\/www.empikfoto.sk\/blog\/empikfoto\/2024\/07\/psdfebart708-1.png\" alt=\"Plag\u00e1ty na stenu\" width=\"1500\" height=\"1050\" srcset=\"https:\/\/www.empikfoto.sk\/blog\/empikfoto\/2024\/07\/psdfebart708-1.png 1500w, https:\/\/www.empikfoto.sk\/blog\/empikfoto\/2024\/07\/psdfebart708-1-300x210.png 300w, https:\/\/www.empikfoto.sk\/blog\/empikfoto\/2024\/07\/psdfebart708-1-1024x717.png 1024w, https:\/\/www.empikfoto.sk\/blog\/empikfoto\/2024\/07\/psdfebart708-1-768x538.png 768w, https:\/\/www.empikfoto.sk\/blog\/empikfoto\/2024\/07\/psdfebart708-1-283x198.png 283w, https:\/\/www.empikfoto.sk\/blog\/empikfoto\/2024\/07\/psdfebart708-1-400x280.png 400w\" sizes=\"(max-width: 1500px) 100vw, 1500px\" \/><\/span><\/p>\n<p><span data-contrast=\"auto\">Srdce n\u00e1m ukradli najm\u00e4 <strong>obrazy a plag\u00e1ty na stenu<\/strong><\/span><span data-contrast=\"auto\"><strong> vytvoren\u00e9 z rodinn\u00fdch fotografi\u00ed<\/strong>. Toto rie\u0161enie vytv\u00e1ra atmosf\u00e9ru rodiny, l\u00e1sky a vz\u00e1jomnej podpory u\u017e od vchodu, od prv\u00e9ho kroku do bytu. Je \u00fa\u017easn\u00e9 vojs\u0165 po n\u00e1ro\u010dnom dni do bytu a pozera\u0165 sa na usmiate tv\u00e1re na\u0161ich det\u00ed a na\u0161ej milovanej polovi\u010dky. N\u00e1pady na usporiadanie haly pomocou na\u0161ich fotografi\u00ed sa zdaj\u00fa nekone\u010dn\u00e9, ale predov\u0161etk\u00fdm stoj\u00ed za to venova\u0165 pozornos\u0165 <a href=\"https:\/\/www.empikfoto.sk\/vyzdoba-interieru\/fotoobrazy-druhy\">ma\u013ebe na pl\u00e1tne z fotografie<\/a>. Tento sp\u00f4sob tla\u010de, teda tla\u010d na pl\u00e1tno, napodob\u0148uje skuto\u010dn\u00fd ma\u013eovan\u00fd obraz a vyzna\u010duje sa trojrozmern\u00fdm efektom na stene, zauj\u00edmavou text\u00farou pl\u00e1tna a v\u00fdnimo\u010dnou trv\u00e1cnos\u0165ou farieb. Hoci je obraz na pl\u00e1tne z fotografie o nie\u010do drah\u0161ou alternat\u00edvou plag\u00e1tu, jeho vzh\u013ead sa ned\u00e1 sfal\u0161ova\u0165! Ka\u017edop\u00e1dne, nebudeme V\u00e1s presvied\u010da\u0165 \u2013 mus\u00edte to vysk\u00fa\u0161a\u0165 sami!<\/span><span data-ccp-props=\"{&quot;201341983&quot;:0,&quot;335559739&quot;:160,&quot;335559740&quot;:279}\">\u00a0<\/span><\/p>\n","protected":false},"excerpt":{"rendered":"<p>Predsie\u0148 je \u010dasto podce\u0148ovan\u00e1 miestnos\u0165 v dome \u010di byte. A to je obrovsk\u00e1 chyba! Pri vstupe do bytu pr\u00e1ve predsie\u0148 na n\u00e1s rob\u00ed prv\u00fd dojem a buduje na\u0161e o\u010dak\u00e1vania a predstavy o zvy\u0161ku bytu. Preto pri navrhovan\u00ed alebo osvie\u017een\u00ed tejto miestnosti venujme trochu \u010dasu jej usporiadaniu a pristupujme k nej rovnako ako k ostatn\u00fdm. Povieme V\u00e1m, ako m\u00f4\u017eu mal\u00e9 prvky radik\u00e1lne zmeni\u0165 na\u0161u dom\u00e1cu halu a predstav\u00edme vzorov\u00e9 n\u00e1pady na jej usporiadanie.\u00a0 Za\u010dnime s&#8230; pl\u00e1nom. Ako za\u010da\u0165 so zaria\u010fovan\u00edm haly?\u00a0 Predsie\u0148, na rozdiel od zdania, pln\u00ed mnoho funkci\u00ed &#8211; okrem srde\u010dn\u00e9ho v\u00edtania host\u00ed sl\u00fa\u017ei na to, aby sa \u0161pina z dvora nedostala do zvy\u0161ku bytu, s\u00fa v nej ulo\u017een\u00e9 v\u0161etky na\u0161e vonkaj\u0161ie veci, \u010dasto aj dom\u00e1ce spotrebi\u010de. je tie\u017e miesto, kde zvy\u010dajne uchov\u00e1vame drobn\u00e9 predmety, ako s\u00fa k\u013e\u00fa\u010de, vod\u00edtka pre psov, dom\u00e1ce potreby na upratovanie alebo in\u00e9 dom\u00e1ce potreby. Aj tu sa pred odchodom kontrolujeme, \u010di sa \u010das na zdol\u00e1vanie \u010fal\u0161ieho d\u0148a pr\u00e1ve za\u010dal. Pod\u013ea toho, ko\u013ek\u00fdm z t\u00fdchto funkci\u00ed Va\u0161a predsie\u0148 pln\u00ed a \u010di niektor\u00e9 z nich prevezm\u00fa in\u00e9 miestnosti, budete musie\u0165 pod\u013ea toho napl\u00e1nova\u0165 jej v\u00fdzdobu.\u00a0 Ak si tu ulo\u017e\u00edte v\u0161etky top\u00e1nky a vrchn\u00e9 oble\u010denie, mali by ste zv\u00e1\u017ei\u0165 viac n\u00e1bytku a \u00falo\u017en\u00e9ho priestoru ako jeden stojan na Va\u0161e s\u00fa\u010dasn\u00e9 bundy. Zv\u00e1\u017ete, \u010di potrebujete miesto na sedenie a pohodln\u00e9 ob\u00favanie alebo je to zbyto\u010dn\u00fd prvok vo Va\u0161om byte. Zamyslite sa nad t\u00fdm, kde m\u00f4\u017eete u\u0161etri\u0165 miesto a ak\u00fd n\u00e1bytok budete potrebova\u0165. Na tento \u00fa\u010del budete musie\u0165 zhroma\u017edi\u0165 pr\u00edslu\u0161n\u00e9 merania a nakresli\u0165 pr\u00edklad rozlo\u017eenia na kus papiera.\u00a0 Je \u010das za\u010da\u0165 \u0161ialenstvo zmien, teda usporiadanie haly\u00a0 Mus\u00edte vzia\u0165 do \u00favahy nieko\u013eko vec\u00ed:\u00a0 Steny \u2013 dalo by sa dokonca poveda\u0165: \u201eto je z\u00e1klad\u201c! Je potrebn\u00e9 urobi\u0165 ove\u013ea viac rozhodnut\u00ed ako len farbu. Aj ke\u010f v\u00fdber farby nie je jednoduch\u00e1 z\u00e1le\u017eitos\u0165, v\u00e4\u010d\u0161inou sa rozhodneme pre d\u00f4sledn\u00fd pr\u00edstup a vyber\u00e1me odtiene z farebnej palety, ktor\u00e9 sme u\u017e do ob\u00fdva\u010dky \u010di in\u00fdch miestnost\u00ed pou\u017eili. Samotn\u00e1 farba v\u0161ak nie je v\u0161etko, preto\u017ee v s\u00fa\u010dasnosti sa interi\u00e9rov\u00ed dizajn\u00e9ri predh\u00e1\u0148aj\u00fa v n\u00e1vrhoch predsien\u00ed s pou\u017eit\u00edm zauj\u00edmav\u00fdch materi\u00e1lov, \u0161trukt\u00far a text\u00far. Doplnky ako omietka imituj\u00faca bet\u00f3n, dekorat\u00edvne tehly, dreven\u00e9 li\u0161ty, efektn\u00e9 vzory tapiet alebo n\u00e1stenn\u00e9 ma\u013eby umo\u017e\u0148uj\u00fa moderniz\u00e1ciu interi\u00e9ru. V na\u0161ich bytoch radi vyu\u017e\u00edvame aj geometrick\u00e9 tvary, asymetrie a kontrastn\u00e9 farby. Existuje aj mno\u017estvo pravidiel, ktor\u00e9 umo\u017e\u0148uj\u00fa predsie\u0148 opticky pred\u013a\u017ei\u0165, z\u00fa\u017ei\u0165 \u010di roz\u0161\u00edri\u0165 v\u010faka doplnkom a umiestneniu farieb n\u00e1terov. Uk\u00e1zalo sa, \u017ee zrkadl\u00e1 s\u00fa na to obzvl\u00e1\u0161\u0165 u\u017eito\u010dn\u00e9. Tieto vstavan\u00e9 skrine alebo umiestnen\u00e9 na bo\u010dnej stene chodby zv\u00e4\u010d\u0161ia mal\u00fd priestor. Pozrite si in\u0161pir\u00e1cie a rozhodnite sa, \u010do bude vo Va\u0161om byte fungova\u0165 najlep\u0161ie.\u00a0 Podlahy \u2013 aj ke\u010f vo v\u00e4\u010d\u0161ine miestnost\u00ed v byte vol\u00edme v\u00e4\u010d\u0161inou jednotn\u00e9 podlahy, niekedy od tejto my\u0161lienky upust\u00edme v prospech zavedenia obkladov alebo dekorat\u00edvnych moza\u00edk. Materi\u00e1l s\u00e1m o sebe nie je v\u0161etko, ve\u010f aj koberce sa do dom\u00e1cnost\u00ed vracaj\u00fa s rachotom! A v s\u00fa\u010dasnosti m\u00f3dne koberce nemaj\u00fa ni\u010d spolo\u010dn\u00e9 so star\u00fdmi, obrovsk\u00fdmi dekor\u00e1ciami so starom\u00f3dnymi vzormi, ale z\u00edskavaj\u00fa si srdcia interi\u00e9rov\u00fdch dekorat\u00e9rov ru\u010dne vyroben\u00fdmi, vtipn\u00fdmi a efektn\u00fdmi vzormi v malom form\u00e1te. Ru\u010dn\u00e1 v\u00fdroba kobercov si pomaly z\u00edskava nov\u00fdch priaznivcov a my to fascinovane sledujeme a&#8230; u\u017e \u010dak\u00e1me na n\u00e1\u0161 model!\u00a0 N\u00e1bytok \u2013 hoci sa n\u00e1kup n\u00e1bytku zd\u00e1 by\u0165 samozrejmos\u0165ou, na tomto mieste sme V\u00e1m chceli pripomen\u00fa\u0165 nieko\u013eko d\u00f4le\u017eit\u00fdch pravidiel. Predsie\u0148 je miestnos\u0165 vyu\u017e\u00edvan\u00e1 hlavne na skladovanie, preto sa oplat\u00ed dba\u0165 na dostatok tohto priestoru. Vyhnite sa preto prid\u00e1vaniu zbyto\u010dn\u00fdch prvkov do malej predsiene, preto\u017ee ju opticky zmen\u0161ia a miestnos\u0165 na prv\u00fd poh\u013ead p\u00f4sob\u00ed nepreh\u013eadne. Vyberte si ve\u013ek\u00e9 \u0161atn\u00edkov\u00e9 skrine vysok\u00e9 stropy s mnoh\u00fdmi hlbok\u00fdmi policami. Vyu\u017eite mo\u017enos\u0165 elegantnej in\u0161tal\u00e1cie poistiek a ventilov umiestnen\u00fdch v predsieni. Ak je priestor mal\u00fd, vyu\u017eite kombinovan\u00e9 rie\u0161enia, ako je seda\u010dka so sadou ve\u0161iakov nad \u0148ou alebo botn\u00edk s h\u00e1\u010dikmi na boku, kde m\u00f4\u017eete umiestni\u0165 k\u013e\u00fa\u010de v\u0161etk\u00fdch \u010dlenov dom\u00e1cnosti.\u00a0 Osvetlenie \u2013 svetlo m\u00f4\u017ee v\u00fdrazne zmeni\u0165 vn\u00edmanie miestnosti. Najm\u00e4 tak\u00fd tmav\u00fd a mal\u00fd ako hala. Preto pri navrhovan\u00ed tohto priestoru myslite na svoje mo\u017enosti. Mo\u017eno \u010fal\u0161ie svietidl\u00e1 nad \u0161atn\u00edkovou skri\u0148ou, LED p\u00e1sy pozd\u013a\u017e horn\u00e9ho okraja alebo diskr\u00e9tne zrkadlov\u00e9 osvetlenie dodaj\u00fa charakter a pri spr\u00e1vnom umiestnen\u00ed z\u00fatulnia t\u00fato miestnos\u0165 rovnako ako zvy\u0161ok domu.\u00a0 Obrazy a plag\u00e1ty na stenu. Sp\u00f4soby pou\u017eitia rodinn\u00fdch fotografi\u00ed v interi\u00e9ri\u00a0 M\u00e1me v\u0161ak dodato\u010dn\u00fd, univerz\u00e1lny tip pre dizajn V\u00e1\u0161ho interi\u00e9ru. Plag\u00e1ty do haly s\u00fa perfektn\u00fdm n\u00e1padom na jej zdobenie. Plag\u00e1ty na stenu (najm\u00e4 tie ve\u013ekoform\u00e1tov\u00e9) sa stali nato\u013eko ob\u013e\u00faben\u00fdm interi\u00e9rov\u00fdm doplnkom, \u017ee ich mo\u017eno n\u00e1js\u0165 prakticky v akejko\u013evek farbe a \u0161t\u00fdle. Mno\u017estvo typov, form\u00e1tov a vzorov V\u00e1m umo\u017en\u00ed premeni\u0165 interi\u00e9r \u00faplne svojpomocne \u2013 bez nutnosti ve\u013ek\u00fdch renov\u00e1ci\u00ed a n\u00e1kladnej v\u00fdmeny n\u00e1bytku. Obzvl\u00e1\u0161\u0165 zauj\u00edmav\u00fdm n\u00e1padom s\u00fa diptychy a triptychy, ktor\u00e9 po zavesen\u00ed ved\u013ea seba vytv\u00e1raj\u00fa s\u00favisl\u00fd celok. Tak\u00e9to plag\u00e1ty n\u00e1jdete na Empik Foto, napr. v kolekcii &#8222;Balance&#8221; alebo &#8222;Body, Mind, Soul&#8222;.\u00a0 Srdce n\u00e1m ukradli najm\u00e4 obrazy a plag\u00e1ty na stenu vytvoren\u00e9 z rodinn\u00fdch fotografi\u00ed. Toto rie\u0161enie vytv\u00e1ra atmosf\u00e9ru rodiny, l\u00e1sky a vz\u00e1jomnej podpory u\u017e od vchodu, od prv\u00e9ho kroku do bytu. Je \u00fa\u017easn\u00e9 vojs\u0165 po n\u00e1ro\u010dnom dni do bytu a pozera\u0165 sa na usmiate tv\u00e1re na\u0161ich det\u00ed a na\u0161ej milovanej polovi\u010dky. N\u00e1pady na usporiadanie haly pomocou na\u0161ich fotografi\u00ed sa zdaj\u00fa nekone\u010dn\u00e9, ale predov\u0161etk\u00fdm stoj\u00ed za to venova\u0165 pozornos\u0165 ma\u013ebe na pl\u00e1tne z fotografie. Tento sp\u00f4sob tla\u010de, teda tla\u010d na pl\u00e1tno, napodob\u0148uje skuto\u010dn\u00fd ma\u013eovan\u00fd obraz a vyzna\u010duje sa trojrozmern\u00fdm efektom na stene, zauj\u00edmavou text\u00farou pl\u00e1tna a v\u00fdnimo\u010dnou trv\u00e1cnos\u0165ou farieb. Hoci je obraz na pl\u00e1tne z fotografie o nie\u010do drah\u0161ou alternat\u00edvou plag\u00e1tu, jeho vzh\u013ead sa ned\u00e1 sfal\u0161ova\u0165! Ka\u017edop\u00e1dne, nebudeme V\u00e1s presvied\u010da\u0165 \u2013 mus\u00edte to vysk\u00fa\u0161a\u0165 sami!\u00a0<\/p>\n","protected":false},"author":26,"featured_media":9108,"comment_status":"closed","ping_status":"closed","sticky":false,"template":"","format":"standard","meta":{"footnotes":""},"categories":[786],"tags":[225,925],"yoast_head":"<!-- This site is optimized with the Yoast SEO plugin v23.0 - https:\/\/yoast.com\/wordpress\/plugins\/seo\/ -->\n<title>Ako modernie zariadi\u0165 halu? Obrazy a plag\u00e1ty do haly | blog.empikfoto.sk<\/title>\n<meta name=\"description\" content=\"Kr\u00e1sne, modern\u00e9 plag\u00e1ty a obrazy s Va\u0161ou fotkou. Pozrite si na\u0161u ponuku a vyzdobte V\u00e1\u0161 interi\u00e9r. Len na Empik Foto!\" \/>\n<meta name=\"robots\" content=\"index, follow, max-snippet:-1, max-image-preview:large, max-video-preview:-1\" \/>\n<link rel=\"canonical\" href=\"https:\/\/www.empikfoto.sk\/blog\/ako-modernie-zariadit-halu-obrazy-a-plagaty-do-haly\/\" \/>\n<meta property=\"og:locale\" content=\"pl_PL\" \/>\n<meta property=\"og:type\" content=\"article\" \/>\n<meta property=\"og:title\" content=\"Ako modernie zariadi\u0165 halu? Obrazy a plag\u00e1ty do haly | blog.empikfoto.sk\" \/>\n<meta property=\"og:description\" content=\"Kr\u00e1sne, modern\u00e9 plag\u00e1ty a obrazy s Va\u0161ou fotkou. Pozrite si na\u0161u ponuku a vyzdobte V\u00e1\u0161 interi\u00e9r. Len na Empik Foto!\" \/>\n<meta property=\"og:url\" content=\"https:\/\/www.empikfoto.sk\/blog\/ako-modernie-zariadit-halu-obrazy-a-plagaty-do-haly\/\" \/>\n<meta property=\"og:site_name\" content=\"blog.empikfoto.sk\" \/>\n<meta property=\"article:publisher\" content=\"https:\/\/www.facebook.com\/empikfotopl\/\" \/>\n<meta property=\"article:published_time\" content=\"2024-07-19T09:09:27+00:00\" \/>\n<meta property=\"article:modified_time\" content=\"2024-07-23T08:01:59+00:00\" \/>\n<meta property=\"og:image\" content=\"https:\/\/www.empikfoto.sk\/blog\/empikfoto\/2024\/07\/2150407606-1024x512-1.jpg\" \/>\n\t<meta property=\"og:image:width\" content=\"1024\" \/>\n\t<meta property=\"og:image:height\" content=\"512\" \/>\n\t<meta property=\"og:image:type\" content=\"image\/jpeg\" \/>\n<meta name=\"author\" content=\"Aleksandra Patryn\" \/>\n<meta name=\"twitter:card\" content=\"summary_large_image\" \/>\n<meta name=\"twitter:creator\" content=\"@empikfoto\" \/>\n<meta name=\"twitter:site\" content=\"@empikfoto\" \/>\n<meta name=\"twitter:label1\" content=\"Napisane przez\" \/>\n\t<meta name=\"twitter:data1\" content=\"Aleksandra Patryn\" \/>\n\t<meta name=\"twitter:label2\" content=\"Szacowany czas czytania\" \/>\n\t<meta name=\"twitter:data2\" content=\"7 minut\" \/>\n<script type=\"application\/ld+json\" class=\"yoast-schema-graph\">{\"@context\":\"https:\/\/schema.org\",\"@graph\":[{\"@type\":\"WebPage\",\"@id\":\"https:\/\/www.empikfoto.sk\/blog\/ako-modernie-zariadit-halu-obrazy-a-plagaty-do-haly\/\",\"url\":\"https:\/\/www.empikfoto.sk\/blog\/ako-modernie-zariadit-halu-obrazy-a-plagaty-do-haly\/\",\"name\":\"Ako modernie zariadi\u0165 halu? Obrazy a plag\u00e1ty do haly | blog.empikfoto.sk\",\"isPartOf\":{\"@id\":\"https:\/\/www.empikfoto.sk\/blog\/#website\"},\"primaryImageOfPage\":{\"@id\":\"https:\/\/www.empikfoto.sk\/blog\/ako-modernie-zariadit-halu-obrazy-a-plagaty-do-haly\/#primaryimage\"},\"image\":{\"@id\":\"https:\/\/www.empikfoto.sk\/blog\/ako-modernie-zariadit-halu-obrazy-a-plagaty-do-haly\/#primaryimage\"},\"thumbnailUrl\":\"https:\/\/www.empikfoto.sk\/blog\/empikfoto\/2024\/07\/2150407606-1024x512-1.jpg\",\"datePublished\":\"2024-07-19T09:09:27+00:00\",\"dateModified\":\"2024-07-23T08:01:59+00:00\",\"author\":{\"@id\":\"https:\/\/www.empikfoto.sk\/blog\/#\/schema\/person\/e1126ac5b53a7df5dd19887fe52b213a\"},\"description\":\"Kr\u00e1sne, modern\u00e9 plag\u00e1ty a obrazy s Va\u0161ou fotkou. Pozrite si na\u0161u ponuku a vyzdobte V\u00e1\u0161 interi\u00e9r. Len na Empik Foto!\",\"breadcrumb\":{\"@id\":\"https:\/\/www.empikfoto.sk\/blog\/ako-modernie-zariadit-halu-obrazy-a-plagaty-do-haly\/#breadcrumb\"},\"inLanguage\":\"pl-PL\",\"potentialAction\":[{\"@type\":\"ReadAction\",\"target\":[\"https:\/\/www.empikfoto.sk\/blog\/ako-modernie-zariadit-halu-obrazy-a-plagaty-do-haly\/\"]}]},{\"@type\":\"ImageObject\",\"inLanguage\":\"pl-PL\",\"@id\":\"https:\/\/www.empikfoto.sk\/blog\/ako-modernie-zariadit-halu-obrazy-a-plagaty-do-haly\/#primaryimage\",\"url\":\"https:\/\/www.empikfoto.sk\/blog\/empikfoto\/2024\/07\/2150407606-1024x512-1.jpg\",\"contentUrl\":\"https:\/\/www.empikfoto.sk\/blog\/empikfoto\/2024\/07\/2150407606-1024x512-1.jpg\",\"width\":1024,\"height\":512,\"caption\":\"Plag\u00e1ty na stenu\"},{\"@type\":\"BreadcrumbList\",\"@id\":\"https:\/\/www.empikfoto.sk\/blog\/ako-modernie-zariadit-halu-obrazy-a-plagaty-do-haly\/#breadcrumb\",\"itemListElement\":[{\"@type\":\"ListItem\",\"position\":1,\"name\":\"Home\",\"item\":\"https:\/\/www.empikfoto.sk\/blog\/\"},{\"@type\":\"ListItem\",\"position\":2,\"name\":\"Ako modernie zariadi\u0165 halu? Obrazy a plag\u00e1ty do haly\"}]},{\"@type\":\"WebSite\",\"@id\":\"https:\/\/www.empikfoto.sk\/blog\/#website\",\"url\":\"https:\/\/www.empikfoto.sk\/blog\/\",\"name\":\"blog.empikfoto.sk\",\"description\":\"Zozn\u00e1mte empikfoto.sk zvn\u00fatra! Z\u00edskajte viac inform\u00e1ci\u00ed o v\u00fdtla\u010dkoch, fotoknih\u00e1ch a fotografi\u00e1ch.\",\"potentialAction\":[{\"@type\":\"SearchAction\",\"target\":{\"@type\":\"EntryPoint\",\"urlTemplate\":\"https:\/\/www.empikfoto.sk\/blog\/?s={search_term_string}\"},\"query-input\":\"required name=search_term_string\"}],\"inLanguage\":\"pl-PL\"},{\"@type\":\"Person\",\"@id\":\"https:\/\/www.empikfoto.sk\/blog\/#\/schema\/person\/e1126ac5b53a7df5dd19887fe52b213a\",\"name\":\"Aleksandra Patryn\",\"image\":{\"@type\":\"ImageObject\",\"inLanguage\":\"pl-PL\",\"@id\":\"https:\/\/www.empikfoto.sk\/blog\/#\/schema\/person\/image\/\",\"url\":\"https:\/\/secure.gravatar.com\/avatar\/5adbd8b2cc09bb8baefb52dc74bdbd37?s=96&d=identicon&r=g\",\"contentUrl\":\"https:\/\/secure.gravatar.com\/avatar\/5adbd8b2cc09bb8baefb52dc74bdbd37?s=96&d=identicon&r=g\",\"caption\":\"Aleksandra Patryn\"},\"url\":\"https:\/\/www.empikfoto.sk\/blog\/author\/apatryn\/\"}]}<\/script>\n<!-- \/ Yoast SEO plugin. -->","yoast_head_json":{"title":"Ako modernie zariadi\u0165 halu? Obrazy a plag\u00e1ty do haly | blog.empikfoto.sk","description":"Kr\u00e1sne, modern\u00e9 plag\u00e1ty a obrazy s Va\u0161ou fotkou. Pozrite si na\u0161u ponuku a vyzdobte V\u00e1\u0161 interi\u00e9r. Len na Empik Foto!","robots":{"index":"index","follow":"follow","max-snippet":"max-snippet:-1","max-image-preview":"max-image-preview:large","max-video-preview":"max-video-preview:-1"},"canonical":"https:\/\/www.empikfoto.sk\/blog\/ako-modernie-zariadit-halu-obrazy-a-plagaty-do-haly\/","og_locale":"pl_PL","og_type":"article","og_title":"Ako modernie zariadi\u0165 halu? Obrazy a plag\u00e1ty do haly | blog.empikfoto.sk","og_description":"Kr\u00e1sne, modern\u00e9 plag\u00e1ty a obrazy s Va\u0161ou fotkou. Pozrite si na\u0161u ponuku a vyzdobte V\u00e1\u0161 interi\u00e9r. Len na Empik Foto!","og_url":"https:\/\/www.empikfoto.sk\/blog\/ako-modernie-zariadit-halu-obrazy-a-plagaty-do-haly\/","og_site_name":"blog.empikfoto.sk","article_publisher":"https:\/\/www.facebook.com\/empikfotopl\/","article_published_time":"2024-07-19T09:09:27+00:00","article_modified_time":"2024-07-23T08:01:59+00:00","og_image":[{"width":1024,"height":512,"url":"https:\/\/www.empikfoto.sk\/blog\/empikfoto\/2024\/07\/2150407606-1024x512-1.jpg","type":"image\/jpeg"}],"author":"Aleksandra Patryn","twitter_card":"summary_large_image","twitter_creator":"@empikfoto","twitter_site":"@empikfoto","twitter_misc":{"Napisane przez":"Aleksandra Patryn","Szacowany czas czytania":"7 minut"},"schema":{"@context":"https:\/\/schema.org","@graph":[{"@type":"WebPage","@id":"https:\/\/www.empikfoto.sk\/blog\/ako-modernie-zariadit-halu-obrazy-a-plagaty-do-haly\/","url":"https:\/\/www.empikfoto.sk\/blog\/ako-modernie-zariadit-halu-obrazy-a-plagaty-do-haly\/","name":"Ako modernie zariadi\u0165 halu? Obrazy a plag\u00e1ty do haly | blog.empikfoto.sk","isPartOf":{"@id":"https:\/\/www.empikfoto.sk\/blog\/#website"},"primaryImageOfPage":{"@id":"https:\/\/www.empikfoto.sk\/blog\/ako-modernie-zariadit-halu-obrazy-a-plagaty-do-haly\/#primaryimage"},"image":{"@id":"https:\/\/www.empikfoto.sk\/blog\/ako-modernie-zariadit-halu-obrazy-a-plagaty-do-haly\/#primaryimage"},"thumbnailUrl":"https:\/\/www.empikfoto.sk\/blog\/empikfoto\/2024\/07\/2150407606-1024x512-1.jpg","datePublished":"2024-07-19T09:09:27+00:00","dateModified":"2024-07-23T08:01:59+00:00","author":{"@id":"https:\/\/www.empikfoto.sk\/blog\/#\/schema\/person\/e1126ac5b53a7df5dd19887fe52b213a"},"description":"Kr\u00e1sne, modern\u00e9 plag\u00e1ty a obrazy s Va\u0161ou fotkou. Pozrite si na\u0161u ponuku a vyzdobte V\u00e1\u0161 interi\u00e9r. Len na Empik Foto!","breadcrumb":{"@id":"https:\/\/www.empikfoto.sk\/blog\/ako-modernie-zariadit-halu-obrazy-a-plagaty-do-haly\/#breadcrumb"},"inLanguage":"pl-PL","potentialAction":[{"@type":"ReadAction","target":["https:\/\/www.empikfoto.sk\/blog\/ako-modernie-zariadit-halu-obrazy-a-plagaty-do-haly\/"]}]},{"@type":"ImageObject","inLanguage":"pl-PL","@id":"https:\/\/www.empikfoto.sk\/blog\/ako-modernie-zariadit-halu-obrazy-a-plagaty-do-haly\/#primaryimage","url":"https:\/\/www.empikfoto.sk\/blog\/empikfoto\/2024\/07\/2150407606-1024x512-1.jpg","contentUrl":"https:\/\/www.empikfoto.sk\/blog\/empikfoto\/2024\/07\/2150407606-1024x512-1.jpg","width":1024,"height":512,"caption":"Plag\u00e1ty na stenu"},{"@type":"BreadcrumbList","@id":"https:\/\/www.empikfoto.sk\/blog\/ako-modernie-zariadit-halu-obrazy-a-plagaty-do-haly\/#breadcrumb","itemListElement":[{"@type":"ListItem","position":1,"name":"Home","item":"https:\/\/www.empikfoto.sk\/blog\/"},{"@type":"ListItem","position":2,"name":"Ako modernie zariadi\u0165 halu? Obrazy a plag\u00e1ty do haly"}]},{"@type":"WebSite","@id":"https:\/\/www.empikfoto.sk\/blog\/#website","url":"https:\/\/www.empikfoto.sk\/blog\/","name":"blog.empikfoto.sk","description":"Zozn\u00e1mte empikfoto.sk zvn\u00fatra! Z\u00edskajte viac inform\u00e1ci\u00ed o v\u00fdtla\u010dkoch, fotoknih\u00e1ch a fotografi\u00e1ch.","potentialAction":[{"@type":"SearchAction","target":{"@type":"EntryPoint","urlTemplate":"https:\/\/www.empikfoto.sk\/blog\/?s={search_term_string}"},"query-input":"required name=search_term_string"}],"inLanguage":"pl-PL"},{"@type":"Person","@id":"https:\/\/www.empikfoto.sk\/blog\/#\/schema\/person\/e1126ac5b53a7df5dd19887fe52b213a","name":"Aleksandra Patryn","image":{"@type":"ImageObject","inLanguage":"pl-PL","@id":"https:\/\/www.empikfoto.sk\/blog\/#\/schema\/person\/image\/","url":"https:\/\/secure.gravatar.com\/avatar\/5adbd8b2cc09bb8baefb52dc74bdbd37?s=96&d=identicon&r=g","contentUrl":"https:\/\/secure.gravatar.com\/avatar\/5adbd8b2cc09bb8baefb52dc74bdbd37?s=96&d=identicon&r=g","caption":"Aleksandra Patryn"},"url":"https:\/\/www.empikfoto.sk\/blog\/author\/apatryn\/"}]}},"_links":{"self":[{"href":"https:\/\/www.empikfoto.sk\/blog\/wp-json\/wp\/v2\/posts\/9103"}],"collection":[{"href":"https:\/\/www.empikfoto.sk\/blog\/wp-json\/wp\/v2\/posts"}],"about":[{"href":"https:\/\/www.empikfoto.sk\/blog\/wp-json\/wp\/v2\/types\/post"}],"author":[{"embeddable":true,"href":"https:\/\/www.empikfoto.sk\/blog\/wp-json\/wp\/v2\/users\/26"}],"replies":[{"embeddable":true,"href":"https:\/\/www.empikfoto.sk\/blog\/wp-json\/wp\/v2\/comments?post=9103"}],"version-history":[{"count":10,"href":"https:\/\/www.empikfoto.sk\/blog\/wp-json\/wp\/v2\/posts\/9103\/revisions"}],"predecessor-version":[{"id":9119,"href":"https:\/\/www.empikfoto.sk\/blog\/wp-json\/wp\/v2\/posts\/9103\/revisions\/9119"}],"wp:featuredmedia":[{"embeddable":true,"href":"https:\/\/www.empikfoto.sk\/blog\/wp-json\/wp\/v2\/media\/9108"}],"wp:attachment":[{"href":"https:\/\/www.empikfoto.sk\/blog\/wp-json\/wp\/v2\/media?parent=9103"}],"wp:term":[{"taxonomy":"category","embeddable":true,"href":"https:\/\/www.empikfoto.sk\/blog\/wp-json\/wp\/v2\/categories?post=9103"},{"taxonomy":"post_tag","embeddable":true,"href":"https:\/\/www.empikfoto.sk\/blog\/wp-json\/wp\/v2\/tags?post=9103"}],"curies":[{"name":"wp","href":"https:\/\/api.w.org\/{rel}","templated":true}]}}