{"id":9008,"date":"2021-06-10T20:43:49","date_gmt":"2021-06-10T18:43:49","guid":{"rendered":"https:\/\/blog.empikfoto.sk\/?p=9008"},"modified":"2023-10-30T13:14:29","modified_gmt":"2023-10-30T12:14:29","slug":"ako-zorganizovat-fotografie-spomienky-pomocou-fotoknih","status":"publish","type":"post","link":"https:\/\/www.empikfoto.sk\/blog\/ako-zorganizovat-fotografie-spomienky-pomocou-fotoknih\/","title":{"rendered":"Ako zorganizova\u0165 fotografie a spomienky pomocou fotokn\u00edh"},"content":{"rendered":"<p><span style=\"font-weight: 400;\">\u00a0<\/span><\/p>\n<p><span style=\"font-weight: 400;\">Pr\u00edbeh va\u0161ej rodiny mo\u017eno rozpr\u00e1va\u0165 prostredn\u00edctvom cenn\u00fdch fotografi\u00ed va\u0161ich spomienok zo \u0161koly, dlho o\u010dak\u00e1van\u00fdch dovoleniek a osl\u00e1v naroden\u00edn, ktor\u00e9 zbierate v priebehu rokov. Pokia\u013e v\u00e1m ale v telef\u00f3ne, po\u010d\u00edta\u010di a \u010fal\u0161\u00edch zariadeniach zostane pretekaj\u00faca zlo\u017eka fotiek s ve\u013emi mal\u00fdm po\u010dtom vytla\u010den\u00fdch k\u00f3pi\u00ed, nikdy si svoje fotografie neu\u017eijete tak, ako by ste mali! Ke\u010f sa tro\u0161ku pov\u011bnujete organiz\u00e1cii a zni\u017eovan\u00edm svojich digit\u00e1lnych spomienok, umo\u017en\u00ed v\u00e1m tieto poklady vyu\u017ei\u0165 naplno. Dobrou spr\u00e1vou je, \u017ee m\u00e1me skvel\u00e9 tipy a triky pre spr\u00e1vu rozsiahlych zbierok digit\u00e1lnych fotografi\u00ed a syst\u00e9m organizovania \u017eivotn\u00fdch udalost\u00ed pomocou spomienkov\u00fdch fotokn\u00edh, tak\u017ee m\u00f4\u017eete \u013eahko znovu pre\u017ei\u0165 svoje ob\u013e\u00faben\u00e9 okamihy, kedyko\u013evek budete chcie\u0165.<\/span><!--more--><\/p>\n<h2><span style=\"font-weight: 400;\">Najlep\u0161\u00ed sp\u00f4sob, ako si zorganizova\u0165 digit\u00e1lne fotografie<\/span><\/h2>\n<p><span style=\"font-weight: 400;\">Ak je v\u00e1\u0161 digit\u00e1lny arch\u00edv fotografi\u00ed obrovsk\u00fd alebo neorganzovan\u00fd, n\u00e1js\u0165 tie najlep\u0161ie fotografie pre <strong><a href=\"https:\/\/www.empikfoto.sk\/fotoknihy\/temy\">fotoknihu<\/a> <\/strong>alebo leporelo sa m\u00f4\u017ee zda\u0165 ako nesplnite\u013en\u00e1 \u00faloha &#8211; a nie ste sami. Preto sme zhrnuli niektor\u00e9 z najlep\u0161\u00edch tipov, ako uprata\u0165 a usporiada\u0165 digit\u00e1lne fotografie a vytvori\u0165 fotoknihu.<\/span><\/p>\n<p><img loading=\"lazy\" decoding=\"async\" class=\"size-full wp-image-8847 aligncenter\" src=\"https:\/\/blog.empikfoto.sk\/empikfoto\/2020\/08\/fotokniha.jpg\" alt=\"fotokniha\" width=\"1000\" height=\"667\" srcset=\"https:\/\/www.empikfoto.sk\/blog\/empikfoto\/2020\/08\/fotokniha.jpg 1000w, https:\/\/www.empikfoto.sk\/blog\/empikfoto\/2020\/08\/fotokniha-300x200.jpg 300w, https:\/\/www.empikfoto.sk\/blog\/empikfoto\/2020\/08\/fotokniha-768x512.jpg 768w, https:\/\/www.empikfoto.sk\/blog\/empikfoto\/2020\/08\/fotokniha-330x220.jpg 330w, https:\/\/www.empikfoto.sk\/blog\/empikfoto\/2020\/08\/fotokniha-400x267.jpg 400w\" sizes=\"(max-width: 1000px) 100vw, 1000px\" \/><\/p>\n<h2><span style=\"font-weight: 400;\">1. Usporiadajte svoje fotografie na jedno miesto<\/span><\/h2>\n<p><span style=\"font-weight: 400;\">Ak m\u00e1te<strong> <a href=\"https:\/\/www.empikfoto.sk\/fotky,vytlacky\">tis\u00edce fotografi\u00ed<\/a><\/strong> roztr\u00fasen\u00fdch po r\u00f4znych zariadeniach, \u010di u\u017e je to v cloude, na ploche po\u010d\u00edta\u010da alebo notebooku, na SD karte v\u00e1\u0161ho fotoapar\u00e1tu alebo na iPhone, m\u00f4\u017ee by\u0165 frustruj\u00face si nepam\u00e4ta\u0165, kde s\u00fa va\u0161e ob\u013e\u00faben\u00e9 k\u00fasky, ke\u010f sa pok\u00fa\u0161ate vytvori\u0165 fotoknihu. Ak chcete zabr\u00e1ni\u0165 tomuto \u0161ialen\u00e9mu vyh\u013ead\u00e1vaniu, za\u010dnite reorganiz\u00e1ciu prenesen\u00edm v\u0161etk\u00fdch svojich fotografi\u00ed na jedno miesto. M\u00f4\u017ee to by\u0165 zlo\u017eka na va\u0161om notebooku, slu\u017eba online \u00falo\u017eiska, ako je na\u0161a mobiln\u00e1 aplik\u00e1cie, alebo extern\u00fd pevn\u00fd disk.<\/span><\/p>\n<p><span style=\"font-weight: 400;\">M\u00e1 to dve hlavn\u00e9 v\u00fdhody. Prv\u00e1, nebudete musie\u0165 po\u010das pr\u00edprav meni\u0165 svoj organiza\u010dn\u00fd syst\u00e9m, preto\u017ee ste na\u0161li ne\u010dakan\u00fa spomienku treba z oslavy. Druh\u00e1, akon\u00e1hle budete ma\u0165 zaveden\u00fd syst\u00e9m, nebudete musie\u0165 aktualizova\u0165 viac zariaden\u00ed alebo programov zaka\u017ed\u00fdm, ke\u010f budete chcie\u0165 ulo\u017ei\u0165 jeden obr\u00e1zok. Usporiadan\u00edm fotografi\u00ed na jednom mieste u\u0161etr\u00edte \u010das a energiu a obmedz\u00edte neporiadok &#8211; sam\u00e9 pozit\u00edva.<\/span><\/p>\n<p><img loading=\"lazy\" decoding=\"async\" class=\"size-large wp-image-8848 aligncenter\" src=\"https:\/\/blog.empikfoto.sk\/empikfoto\/2020\/08\/woman-in-grey-jacket-sits-on-bed-uses-grey-laptop-935743-min-1024x683.jpg\" alt=\"fotografie\" width=\"1024\" height=\"683\" srcset=\"https:\/\/www.empikfoto.sk\/blog\/empikfoto\/2020\/08\/woman-in-grey-jacket-sits-on-bed-uses-grey-laptop-935743-min-1024x683.jpg 1024w, https:\/\/www.empikfoto.sk\/blog\/empikfoto\/2020\/08\/woman-in-grey-jacket-sits-on-bed-uses-grey-laptop-935743-min-300x200.jpg 300w, https:\/\/www.empikfoto.sk\/blog\/empikfoto\/2020\/08\/woman-in-grey-jacket-sits-on-bed-uses-grey-laptop-935743-min-768x512.jpg 768w, https:\/\/www.empikfoto.sk\/blog\/empikfoto\/2020\/08\/woman-in-grey-jacket-sits-on-bed-uses-grey-laptop-935743-min-330x220.jpg 330w, https:\/\/www.empikfoto.sk\/blog\/empikfoto\/2020\/08\/woman-in-grey-jacket-sits-on-bed-uses-grey-laptop-935743-min-400x267.jpg 400w\" sizes=\"(max-width: 1024px) 100vw, 1024px\" \/><\/p>\n<h2><span style=\"font-weight: 400;\">2. Vytvorte vlastn\u00fd archiva\u010dn\u00fd syst\u00e9m<\/span><\/h2>\n<p><span style=\"font-weight: 400;\">Ak\u00fd je najlep\u0161\u00ed archiva\u010dn\u00fd syst\u00e9m? To bude z\u00e1visie\u0165 na tom,<strong> <a href=\"https:\/\/www.empikfoto.sk\/fotky\">ak\u00fd typ fotografa<\/a> <\/strong>ste a na po\u010dte fotografi\u00ed, ktor\u00e9 urob\u00edte. Ak fotografujete iba na rodinn\u00fdch stretnutiach, ako s\u00fa narodeniny, prom\u00f3cie \u010di svadby, pravdepodobne m\u00f4\u017eete vytvori\u0165 samostatn\u00fa zlo\u017eku pre ka\u017ed\u00fa udalos\u0165, ale ak s\u00fa va\u0161e fotografick\u00e9 objekty \u0161ir\u0161ie, budete potrebova\u0165 nie\u010do zlo\u017eitej\u0161ie.<\/span><\/p>\n<p><span style=\"font-weight: 400;\">Budete musie\u0165 vyvin\u00fa\u0165 osobn\u00fd archiva\u010dn\u00fd syst\u00e9m, ktor\u00fd spln\u00ed va\u0161e jedine\u010dn\u00e9 potreby. Pre za\u010diatok uv\u00e1dzame nieko\u013eko hlavn\u00fdch z\u00e1sad:<\/span><\/p>\n<ul>\n<li style=\"font-weight: 400;\" aria-level=\"1\"><span style=\"font-weight: 400;\">Vytv\u00e1rajte zlo\u017eky pod\u013ea roku a pr\u00edle\u017eitosti, aby ste mali miesto pre ka\u017ed\u00fd obr\u00e1zok, ktor\u00fd m\u00e1 pre v\u00e1s zmysel. Prid\u00e1vajte fotografie do pr\u00edslu\u0161n\u00fdch albumov priebe\u017ene &#8211; je ove\u013ea \u013eah\u0161ie je n\u00e1js\u0165 tam, ne\u017e v pam\u00e4ti v\u00e1\u0161ho fotoapar\u00e1tu.<\/span><\/li>\n<li style=\"font-weight: 400;\" aria-level=\"1\"><span style=\"font-weight: 400;\">V ka\u017edej ro\u010dnej zlo\u017eke vytvorte podzlo\u017eky, ktor\u00e9 sleduj\u00fa \u010dasov\u00fa os. Prem\u00fd\u0161\u013eajte o mesiacoch, ro\u010dn\u00fdch obdobiach alebo \u0161kolsk\u00fdch polrokoch. M\u00f4\u017eu by\u0165 tie\u017e usporiadan\u00e9 pod\u013ea konkr\u00e9tnych t\u00e9m, ako s\u00fa udalosti, aktivity, v\u00fdlety, kon\u00ed\u010dky alebo krajiny.<\/span><\/li>\n<li style=\"font-weight: 400;\" aria-level=\"1\"><span style=\"font-weight: 400;\">Ak s\u00fa va\u0161e fotografick\u00e9 z\u00e1ujmy r\u00f4znorod\u00e9, mo\u017eno budete musie\u0165 vytvori\u0165 pzlo\u017eku pre ka\u017ed\u00fd druh. Jeden pre rodinu, jeden pre fotografiu pr\u00edrody a druh\u00fd pre umeleck\u00e9 kompoz\u00edcie.<\/span><\/li>\n<li style=\"font-weight: 400;\" aria-level=\"1\"><span style=\"font-weight: 400;\">Usporiadajte svoje najlep\u0161ie z\u00e1bery pre konkr\u00e9tne osoby, aby ste \u013eahko urobili dar\u010deky pre svojich bl\u00edzkych. Vytvorenie albumu pre v\u0161etk\u00fdch skvel\u00fdch \u013eud\u00ed vo va\u0161om \u017eivote na za\u010diatku roka (babi\u010dka + dedo, tety + str\u00fdkovia, priatelia at\u010f.), pom\u00e1ha zhroma\u017e\u010fova\u0165 fotografie, ktor\u00e9 sa ich t\u00fdkaj\u00fa, aby ste im mohli pohodlne poskytn\u00fa\u0165 zmyslupln\u00fd dar\u010dek.<\/span><\/li>\n<\/ul>\n<p><img loading=\"lazy\" decoding=\"async\" class=\"size-large wp-image-8950 aligncenter\" src=\"https:\/\/blog.empikfoto.sk\/empikfoto\/2021\/07\/vyrocie_6-1024x683.jpg\" alt=\"vyrocie_6\" width=\"1024\" height=\"683\" srcset=\"https:\/\/www.empikfoto.sk\/blog\/empikfoto\/2021\/07\/vyrocie_6-1024x683.jpg 1024w, https:\/\/www.empikfoto.sk\/blog\/empikfoto\/2021\/07\/vyrocie_6-300x200.jpg 300w, https:\/\/www.empikfoto.sk\/blog\/empikfoto\/2021\/07\/vyrocie_6-768x512.jpg 768w, https:\/\/www.empikfoto.sk\/blog\/empikfoto\/2021\/07\/vyrocie_6-1536x1024.jpg 1536w, https:\/\/www.empikfoto.sk\/blog\/empikfoto\/2021\/07\/vyrocie_6-330x220.jpg 330w, https:\/\/www.empikfoto.sk\/blog\/empikfoto\/2021\/07\/vyrocie_6-400x267.jpg 400w, https:\/\/www.empikfoto.sk\/blog\/empikfoto\/2021\/07\/vyrocie_6.jpg 1773w\" sizes=\"(max-width: 1024px) 100vw, 1024px\" \/><\/p>\n<h2><span style=\"font-weight: 400;\">3. N\u00e1jdite tie najob\u013e\u00fabenej\u0161ie<\/span><\/h2>\n<p><span style=\"font-weight: 400;\">Vyma\u017ete v\u0161etky sn\u00edmky, ktor\u00e9 s\u00fa rozmazan\u00e9, n\u00e1hodne vyfoten\u00e9, maj\u00fa zatvoren\u00e9 o\u010di alebo s\u00fa zle osvetlen\u00e9. To v\u00e1m pom\u00f4\u017ee tr\u00e1vi\u0165 \u010das \u00fapravami <strong><a href=\"https:\/\/www.empikfoto.sk\/fotoknihy\/temy\">fotografi\u00ed<\/a><\/strong>, ktor\u00e9 m\u00e1te najrad\u0161ej a tie\u017e v\u00e1m pom\u00f4\u017ee c\u00edti\u0165 sa menej pre\u0165a\u017een\u00fd, ke\u010f je \u010das vybra\u0165 si, z ak\u00fdch obr\u00e1zkov chcete fotoknihu vytvori\u0165.<\/span><\/p>\n<h2><span style=\"font-weight: 400;\">4. Vytla\u010dte ich<\/span><\/h2>\n<p><span style=\"font-weight: 400;\">Teraz, ke\u010f ste svoje obr\u00e1zky usporiadali, je \u010das \u017ea\u0165 plody va\u0161ej tvrdej pr\u00e1ce. Vezmite svoje ob\u013e\u00faben\u00e9 obr\u00e1zky, nechajte ich zar\u00e1mova\u0165 alebo premeni\u0165 vo fotoknihy a vystavte ich doma.<\/span><\/p>\n<p><span style=\"font-weight: 400;\">Ak pl\u00e1nujete vytvorenie <strong><a href=\"https:\/\/www.empikfoto.sk\/fotokniha,tvoj-navrh\">ro\u010dnej fotoknihy<\/a><\/strong>, vytvorte zlo\u017eku pre ka\u017ed\u00fd rok, na ktorom pracujete a podzlo\u017eky, kam umiestnite svoje ob\u013e\u00faben\u00e9 obr\u00e1zky vhodn\u00e9 do fotokn\u00edh. Navrhujeme tieto podadres\u00e1re rozdeli\u0165 pod\u013ea mesiaca, obdobia a \/ alebo \u0161peci\u00e1lnej ud\u00e1losti (alebo nahliadnite do niektor\u00fdch z\u00e1bavn\u00fdch kateg\u00f3ri\u00ed, ktor\u00e9 navrhujeme \u010falej v tomto pr\u00edspevku), \u010do v\u00e1m nakoniec pom\u00f4\u017ee usporiada\u0165 si n\u00e1pady, a\u017e pr\u00edde \u010das za\u010da\u0165 tvori\u0165.<\/span><\/p>\n<p><img loading=\"lazy\" decoding=\"async\" class=\"alignnone size-large wp-image-9009\" src=\"https:\/\/blog.empikfoto.sk\/empikfoto\/2021\/08\/fotokniha8-1024x691.png\" alt=\"fotokniha8\" width=\"1024\" height=\"691\" srcset=\"https:\/\/www.empikfoto.sk\/blog\/empikfoto\/2021\/08\/fotokniha8-1024x691.png 1024w, https:\/\/www.empikfoto.sk\/blog\/empikfoto\/2021\/08\/fotokniha8-300x202.png 300w, https:\/\/www.empikfoto.sk\/blog\/empikfoto\/2021\/08\/fotokniha8-768x518.png 768w, https:\/\/www.empikfoto.sk\/blog\/empikfoto\/2021\/08\/fotokniha8-1536x1036.png 1536w, https:\/\/www.empikfoto.sk\/blog\/empikfoto\/2021\/08\/fotokniha8-400x270.png 400w, https:\/\/www.empikfoto.sk\/blog\/empikfoto\/2021\/08\/fotokniha8.png 1762w\" sizes=\"(max-width: 1024px) 100vw, 1024px\" \/><\/p>\n<h2><span style=\"font-weight: 400;\">Ako v\u00e1m fotoknihy m\u00f4\u017eu pom\u00f4c\u0165 organizova\u0165<\/span><\/h2>\n<p><span style=\"font-weight: 400;\">Zamerali sme sa na digit\u00e1lnu organiz\u00e1ciu, preto\u017ee tak dnes v\u00e4\u010d\u0161ina \u013eud\u00ed interaguje s <strong><a href=\"https:\/\/www.empikfoto.sk\/fotky,odbitki-retro\">fotografiou<\/a><\/strong>, aj ke\u010f existuje e\u0161te kreat\u00edvnej\u0161\u00ed sp\u00f4sob, ako vy\u010disti\u0165 va\u0161e najcennej\u0161ie fotografie a <strong><a href=\"https:\/\/www.empikfoto.sk\/fotodarceky\/albumy-na-zasuvanie\">fotografick\u00e9 spomienky<\/a><\/strong>. Leporela s\u00fa elegantn\u00fdm sp\u00f4sobom, ako toho dosiahnu\u0165. M\u00f4\u017eu by\u0165 t\u00e9maticky zameran\u00e9 na dovolenku, rodinn\u00e9 oslavy alebo experiment\u00e1lne pr\u00e1ce. Nech na v\u00e1s prehovor\u00ed \u010doko\u013evek, dobre navrhnut\u00e1 fotokniha v\u00e1m pon\u00faka \u0161trukt\u00faru i umeleck\u00fa slobodu v tom, ako si chcete tieto okamihy usporiada\u0165.<\/span><\/p>\n<p><img loading=\"lazy\" decoding=\"async\" class=\"size-large wp-image-9010 aligncenter\" src=\"https:\/\/blog.empikfoto.sk\/empikfoto\/2021\/08\/fotokniha1.-1024x683.jpg\" alt=\"fotokniha1.\" width=\"1024\" height=\"683\" \/><\/p>\n<h2><span style=\"font-weight: 400;\">Vyberte t\u00e9mu fotoknihy<\/span><\/h2>\n<p><span style=\"font-weight: 400;\">Ke\u010f je \u010das na vytvorenie knihy, sk\u00faste najlep\u0161ie <a href=\"https:\/\/www.empikfoto.sk\/fotokniha,svadobny-album\"><strong>mot\u00edvy fotokn\u00edh<\/strong><\/a>. To je dobr\u00fd sp\u00f4sob, ako zachova\u0165 jednotn\u00fd dizajn v celej va\u0161ej fotoknihe. Aj ke\u010f sa to m\u00f4\u017ee \u010dasom vyv\u00edja\u0165, dodr\u017eiavanie jednej t\u00e9my sp\u00e1ja v\u0161etky va\u0161e obr\u00e1zky a spomienky dohromady. Tu s\u00fa niektor\u00e9 be\u017en\u00e9 n\u00e1pady na t\u00e9my, ktor\u00e9 by sa mohla hodi\u0165:<\/span><\/p>\n<ul>\n<li style=\"font-weight: 400;\" aria-level=\"1\"><span style=\"font-weight: 400;\">Svadobn\u00e9 fotoknihy<\/span><\/li>\n<li style=\"font-weight: 400;\" aria-level=\"1\"><span style=\"font-weight: 400;\">Fotoknihy z dovolenky<\/span><\/li>\n<li style=\"font-weight: 400;\" aria-level=\"1\"><span style=\"font-weight: 400;\">Pr\u00e1zdninov\u00e9 \/ sez\u00f3nne fotoknihy<\/span><\/li>\n<li style=\"font-weight: 400;\" aria-level=\"1\"><span style=\"font-weight: 400;\">\u0160portov\u00e9 fotoknihy<\/span><\/li>\n<li style=\"font-weight: 400;\" aria-level=\"1\"><span style=\"font-weight: 400;\">Fotoknihy o priate\u013estve<\/span><\/li>\n<\/ul>\n<p><span style=\"font-weight: 400;\">Vyh\u013eadajte podobn\u00e9 prvky a mot\u00edvy na fotografi\u00e1ch, ktor\u00e9 ste u\u017e vybrali a zoskupte ich dohromady. Na\u0161e \u0161abl\u00f3ny fotokn\u00edh maj\u00fa zabudovan\u00e9 t\u00e9my, ktor\u00e9 tento proces zjednodu\u0161uj\u00fa. Ak m\u00e1te pochybnosti, sna\u017ete sa to zjednodu\u0161i\u0165. Menej je naozaj viac! Nechajte hovori\u0165 fotografie.<\/span><\/p>\n<p><img loading=\"lazy\" decoding=\"async\" class=\"aligncenter wp-image-9011 size-full\" src=\"https:\/\/blog.empikfoto.sk\/empikfoto\/2021\/08\/fotokniha2..jpg\" alt=\"fotokniha2.\" width=\"682\" height=\"384\" srcset=\"https:\/\/www.empikfoto.sk\/blog\/empikfoto\/2021\/08\/fotokniha2..jpg 682w, https:\/\/www.empikfoto.sk\/blog\/empikfoto\/2021\/08\/fotokniha2.-300x169.jpg 300w, https:\/\/www.empikfoto.sk\/blog\/empikfoto\/2021\/08\/fotokniha2.-400x225.jpg 400w\" sizes=\"(max-width: 682px) 100vw, 682px\" \/><\/p>\n<h2><span style=\"font-weight: 400;\">Pripojte text<\/span><\/h2>\n<p><span style=\"font-weight: 400;\">To, \u017ee vytv\u00e1rate fotoknihu, e\u0161te neznamen\u00e1, \u017ee nem\u00f4\u017eete prida\u0165 text. Je to skvel\u00fd sp\u00f4sob, ako rozpr\u00e1va\u0165 svoj pr\u00edbeh a usporiada\u0165 si spomienky. K\u00fdm obr\u00e1zok m\u00e1 hodnotu tis\u00edce slov, v\u00e1\u0161 text pom\u00e1ha spoji\u0165 v\u0161etko dohromady. Mohlo by to vzbudi\u0165 spomienku na nie\u010do, \u010do ste u\u017e zabudli,a pom\u00e1ha to vyplni\u0165 pr\u00e1zdne miesta, ktor\u00e9 fotografie nem\u00f4\u017eu zdie\u013ea\u0165.<\/span><\/p>\n<p><span style=\"font-weight: 400;\">Na zdie\u013eanie konkr\u00e9tnych t\u00e9m pou\u017eite tu\u010dn\u00e9 hlavi\u010dky. Zv\u00e1\u017ete mo\u017enos\u0165 objednania fotokn\u00edh, ktor\u00e9 m\u00f4\u017eete usporiada\u0165 pod\u013ea d\u00e1tumu alebo udalosti. Napr\u00edklad &#8222;Rodinn\u00e1 dovolenka&#8221; v\u00e1m pripomenie, \u017ee t\u00e1to fotokniha si m\u00e1 pam\u00e4ta\u0165 ob\u013e\u00faben\u00fd v\u00fdlet, ktor\u00fd ste podnikli v\u0161etci spolo\u010dne. Okrem toho pridajte hl\u00e1\u0161ky, cit\u00e1ty alebo in\u00fd u\u017eito\u010dn\u00fd text, ktor\u00fd zodpoved\u00e1 n\u00e1metu. M\u00f4\u017eete prida\u0165 denn\u00edk o tom, \u010do va\u0161a rodina robila po\u010das dan\u00e9ho d\u0148a va\u0161ej cesty. M\u00f4\u017eete tie\u017e zdie\u013ea\u0165 svoje rande, umiestnenie alebo vtipn\u00fa pozn\u00e1mku. Bu\u010fte kreat\u00edvni a rozpr\u00e1vajte svoj pr\u00edbeh.<\/span><\/p>\n<p><img loading=\"lazy\" decoding=\"async\" class=\"size-large wp-image-8855 aligncenter\" src=\"https:\/\/blog.empikfoto.sk\/empikfoto\/2020\/09\/makkefotoknihy3-1024x683.jpg\" alt=\"makkefotoknihy3\" width=\"1024\" height=\"683\" srcset=\"https:\/\/www.empikfoto.sk\/blog\/empikfoto\/2020\/09\/makkefotoknihy3-1024x683.jpg 1024w, https:\/\/www.empikfoto.sk\/blog\/empikfoto\/2020\/09\/makkefotoknihy3-300x200.jpg 300w, https:\/\/www.empikfoto.sk\/blog\/empikfoto\/2020\/09\/makkefotoknihy3-768x512.jpg 768w, https:\/\/www.empikfoto.sk\/blog\/empikfoto\/2020\/09\/makkefotoknihy3-330x220.jpg 330w, https:\/\/www.empikfoto.sk\/blog\/empikfoto\/2020\/09\/makkefotoknihy3-400x267.jpg 400w\" sizes=\"(max-width: 1024px) 100vw, 1024px\" \/><\/p>\n<h2><span style=\"font-weight: 400;\">U\u017e\u00edvajte si svoje fotografie znovu a znovu<\/span><\/h2>\n<p><span style=\"font-weight: 400;\">Urobi\u0165 si \u010das na <a href=\"https:\/\/www.empikfoto.sk\/fotodarceky\/krabicky\"><strong>usporiadanie svojich fotografi\u00ed<\/strong><\/a> je neocenite\u013en\u00e1 invest\u00edcie a dar\u010dek, ktor\u00fd si vy a va\u0161i bl\u00edzki budete v\u00e1\u017ei\u0165 po \u010fal\u0161ej gener\u00e1cie. V\u00fdvoj syst\u00e9mu vystavenie fotografi\u00ed prostredn\u00edctvom fotokn\u00edh pom\u00e1ha odstr\u00e1ni\u0165 va\u0161e ob\u013e\u00faben\u00e9 spomienky z digit\u00e1lnych arch\u00edvov &#8211; pred va\u0161e o\u010di &#8211; tam, kde by mali by\u0165!<\/span><\/p>\n<h2><span style=\"font-weight: 400;\">Balenie<\/span><\/h2>\n<p><span style=\"font-weight: 400;\">Navrhovanie vlastn\u00fdch fotokn\u00edh umo\u017e\u0148uje jednoduch\u00fa a z\u00e1bavn\u00fa organiz\u00e1ciu fotografi\u00ed. Prejdete od zahlcenosti k radosti! Fotokniha je tie\u017e jedn\u00fdm z najviac premyslen\u00fdch n\u00e1padov na viano\u010dn\u00fd dar\u010dek. Ide o jedine\u010dn\u00fd, vysoko prisp\u00f4sobite\u013en\u00fd dizajnov\u00fd projekt, ktor\u00fd uk\u00e1\u017ee va\u0161e najlep\u0161ie fotografie.<\/span><\/p>\n<p><img loading=\"lazy\" decoding=\"async\" class=\"size-full wp-image-9012 aligncenter\" src=\"https:\/\/blog.empikfoto.sk\/empikfoto\/2021\/08\/album1.jpg\" alt=\"album1\" width=\"797\" height=\"328\" \/><\/p>\n","protected":false},"excerpt":{"rendered":"<p>\u00a0 Pr\u00edbeh va\u0161ej rodiny mo\u017eno rozpr\u00e1va\u0165 prostredn\u00edctvom cenn\u00fdch fotografi\u00ed va\u0161ich spomienok zo \u0161koly, dlho o\u010dak\u00e1van\u00fdch dovoleniek a osl\u00e1v naroden\u00edn, ktor\u00e9 zbierate v priebehu rokov. Pokia\u013e v\u00e1m ale v telef\u00f3ne, po\u010d\u00edta\u010di a \u010fal\u0161\u00edch zariadeniach zostane pretekaj\u00faca zlo\u017eka fotiek s ve\u013emi mal\u00fdm po\u010dtom vytla\u010den\u00fdch k\u00f3pi\u00ed, nikdy si svoje fotografie neu\u017eijete tak, ako by ste mali! Ke\u010f sa tro\u0161ku pov\u011bnujete organiz\u00e1cii a zni\u017eovan\u00edm svojich digit\u00e1lnych spomienok, umo\u017en\u00ed v\u00e1m tieto poklady vyu\u017ei\u0165 naplno. Dobrou spr\u00e1vou je, \u017ee m\u00e1me skvel\u00e9 tipy a triky pre spr\u00e1vu rozsiahlych zbierok digit\u00e1lnych fotografi\u00ed a syst\u00e9m organizovania \u017eivotn\u00fdch udalost\u00ed pomocou spomienkov\u00fdch fotokn\u00edh, tak\u017ee m\u00f4\u017eete \u013eahko znovu pre\u017ei\u0165 svoje ob\u013e\u00faben\u00e9 okamihy, kedyko\u013evek budete chcie\u0165.<\/p>\n","protected":false},"author":20,"featured_media":9057,"comment_status":"open","ping_status":"closed","sticky":false,"template":"","format":"standard","meta":{"footnotes":""},"categories":[786],"tags":[919],"yoast_head":"<!-- This site is optimized with the Yoast SEO plugin v23.0 - https:\/\/yoast.com\/wordpress\/plugins\/seo\/ -->\n<title>Ako zorganizova\u0165 fotografie a spomienky pomocou fotokn\u00edh | blog.empikfoto.sk<\/title>\n<meta name=\"description\" content=\"M\u00e1me skvel\u00e9 tipy a triky pre spr\u00e1vu rozsiahlych zbierok digit\u00e1lnych fotografi\u00ed a syst\u00e9m organizovania \u017eivotn\u00fdch udalost\u00ed pomocou spomienkov\u00fdch fotokn\u00edh, tak\u017ee m\u00f4\u017eete \u013eahko znovu pre\u017ei\u0165 svoje ob\u013e\u00faben\u00e9 okamihy, kedyko\u013evek budete chcie\u0165.\" \/>\n<meta name=\"robots\" content=\"index, follow, max-snippet:-1, max-image-preview:large, max-video-preview:-1\" \/>\n<link rel=\"canonical\" href=\"https:\/\/www.empikfoto.sk\/blog\/ako-zorganizovat-fotografie-spomienky-pomocou-fotoknih\/\" \/>\n<meta property=\"og:locale\" content=\"pl_PL\" \/>\n<meta property=\"og:type\" content=\"article\" \/>\n<meta property=\"og:title\" content=\"Ako zorganizova\u0165 fotografie a spomienky pomocou fotokn\u00edh | blog.empikfoto.sk\" \/>\n<meta property=\"og:description\" content=\"M\u00e1me skvel\u00e9 tipy a triky pre spr\u00e1vu rozsiahlych zbierok digit\u00e1lnych fotografi\u00ed a syst\u00e9m organizovania \u017eivotn\u00fdch udalost\u00ed pomocou spomienkov\u00fdch fotokn\u00edh, tak\u017ee m\u00f4\u017eete \u013eahko znovu pre\u017ei\u0165 svoje ob\u013e\u00faben\u00e9 okamihy, kedyko\u013evek budete chcie\u0165.\" \/>\n<meta property=\"og:url\" content=\"https:\/\/www.empikfoto.sk\/blog\/ako-zorganizovat-fotografie-spomienky-pomocou-fotoknih\/\" \/>\n<meta property=\"og:site_name\" content=\"blog.empikfoto.sk\" \/>\n<meta property=\"article:publisher\" content=\"https:\/\/www.facebook.com\/empikfotopl\/\" \/>\n<meta property=\"article:published_time\" content=\"2021-06-10T18:43:49+00:00\" \/>\n<meta property=\"article:modified_time\" content=\"2023-10-30T12:14:29+00:00\" \/>\n<meta property=\"og:image\" content=\"https:\/\/www.empikfoto.sk\/blog\/empikfoto\/2021\/06\/fotosiazka_20x30_szkola.jpg\" \/>\n\t<meta property=\"og:image:width\" content=\"1932\" \/>\n\t<meta property=\"og:image:height\" content=\"1008\" \/>\n\t<meta property=\"og:image:type\" content=\"image\/jpeg\" \/>\n<meta name=\"author\" content=\"Sara\" \/>\n<meta name=\"twitter:card\" content=\"summary_large_image\" \/>\n<meta name=\"twitter:creator\" content=\"@empikfoto\" \/>\n<meta name=\"twitter:site\" content=\"@empikfoto\" \/>\n<meta name=\"twitter:label1\" content=\"Napisane przez\" \/>\n\t<meta name=\"twitter:data1\" content=\"Sara\" \/>\n\t<meta name=\"twitter:label2\" content=\"Szacowany czas czytania\" \/>\n\t<meta name=\"twitter:data2\" content=\"7 minut\" \/>\n<script type=\"application\/ld+json\" class=\"yoast-schema-graph\">{\"@context\":\"https:\/\/schema.org\",\"@graph\":[{\"@type\":\"WebPage\",\"@id\":\"https:\/\/www.empikfoto.sk\/blog\/ako-zorganizovat-fotografie-spomienky-pomocou-fotoknih\/\",\"url\":\"https:\/\/www.empikfoto.sk\/blog\/ako-zorganizovat-fotografie-spomienky-pomocou-fotoknih\/\",\"name\":\"Ako zorganizova\u0165 fotografie a spomienky pomocou fotokn\u00edh | blog.empikfoto.sk\",\"isPartOf\":{\"@id\":\"https:\/\/www.empikfoto.sk\/blog\/#website\"},\"primaryImageOfPage\":{\"@id\":\"https:\/\/www.empikfoto.sk\/blog\/ako-zorganizovat-fotografie-spomienky-pomocou-fotoknih\/#primaryimage\"},\"image\":{\"@id\":\"https:\/\/www.empikfoto.sk\/blog\/ako-zorganizovat-fotografie-spomienky-pomocou-fotoknih\/#primaryimage\"},\"thumbnailUrl\":\"https:\/\/www.empikfoto.sk\/blog\/empikfoto\/2021\/06\/fotosiazka_20x30_szkola.jpg\",\"datePublished\":\"2021-06-10T18:43:49+00:00\",\"dateModified\":\"2023-10-30T12:14:29+00:00\",\"author\":{\"@id\":\"https:\/\/www.empikfoto.sk\/blog\/#\/schema\/person\/6b2ae62f534235f8d2fbc76638010180\"},\"description\":\"M\u00e1me skvel\u00e9 tipy a triky pre spr\u00e1vu rozsiahlych zbierok digit\u00e1lnych fotografi\u00ed a syst\u00e9m organizovania \u017eivotn\u00fdch udalost\u00ed pomocou spomienkov\u00fdch fotokn\u00edh, tak\u017ee m\u00f4\u017eete \u013eahko znovu pre\u017ei\u0165 svoje ob\u013e\u00faben\u00e9 okamihy, kedyko\u013evek budete chcie\u0165.\",\"breadcrumb\":{\"@id\":\"https:\/\/www.empikfoto.sk\/blog\/ako-zorganizovat-fotografie-spomienky-pomocou-fotoknih\/#breadcrumb\"},\"inLanguage\":\"pl-PL\",\"potentialAction\":[{\"@type\":\"ReadAction\",\"target\":[\"https:\/\/www.empikfoto.sk\/blog\/ako-zorganizovat-fotografie-spomienky-pomocou-fotoknih\/\"]}]},{\"@type\":\"ImageObject\",\"inLanguage\":\"pl-PL\",\"@id\":\"https:\/\/www.empikfoto.sk\/blog\/ako-zorganizovat-fotografie-spomienky-pomocou-fotoknih\/#primaryimage\",\"url\":\"https:\/\/www.empikfoto.sk\/blog\/empikfoto\/2021\/06\/fotosiazka_20x30_szkola.jpg\",\"contentUrl\":\"https:\/\/www.empikfoto.sk\/blog\/empikfoto\/2021\/06\/fotosiazka_20x30_szkola.jpg\",\"width\":1932,\"height\":1008},{\"@type\":\"BreadcrumbList\",\"@id\":\"https:\/\/www.empikfoto.sk\/blog\/ako-zorganizovat-fotografie-spomienky-pomocou-fotoknih\/#breadcrumb\",\"itemListElement\":[{\"@type\":\"ListItem\",\"position\":1,\"name\":\"Home\",\"item\":\"https:\/\/www.empikfoto.sk\/blog\/\"},{\"@type\":\"ListItem\",\"position\":2,\"name\":\"Ako zorganizova\u0165 fotografie a spomienky pomocou fotokn\u00edh\"}]},{\"@type\":\"WebSite\",\"@id\":\"https:\/\/www.empikfoto.sk\/blog\/#website\",\"url\":\"https:\/\/www.empikfoto.sk\/blog\/\",\"name\":\"blog.empikfoto.sk\",\"description\":\"Zozn\u00e1mte empikfoto.sk zvn\u00fatra! Z\u00edskajte viac inform\u00e1ci\u00ed o v\u00fdtla\u010dkoch, fotoknih\u00e1ch a fotografi\u00e1ch.\",\"potentialAction\":[{\"@type\":\"SearchAction\",\"target\":{\"@type\":\"EntryPoint\",\"urlTemplate\":\"https:\/\/www.empikfoto.sk\/blog\/?s={search_term_string}\"},\"query-input\":\"required name=search_term_string\"}],\"inLanguage\":\"pl-PL\"},{\"@type\":\"Person\",\"@id\":\"https:\/\/www.empikfoto.sk\/blog\/#\/schema\/person\/6b2ae62f534235f8d2fbc76638010180\",\"name\":\"Sara\",\"image\":{\"@type\":\"ImageObject\",\"inLanguage\":\"pl-PL\",\"@id\":\"https:\/\/www.empikfoto.sk\/blog\/#\/schema\/person\/image\/\",\"url\":\"https:\/\/secure.gravatar.com\/avatar\/f5a40c58c49e47a6ea3eb42cd4d4f47a?s=96&d=identicon&r=g\",\"contentUrl\":\"https:\/\/secure.gravatar.com\/avatar\/f5a40c58c49e47a6ea3eb42cd4d4f47a?s=96&d=identicon&r=g\",\"caption\":\"Sara\"},\"url\":\"https:\/\/www.empikfoto.sk\/blog\/author\/sara\/\"}]}<\/script>\n<!-- \/ Yoast SEO plugin. -->","yoast_head_json":{"title":"Ako zorganizova\u0165 fotografie a spomienky pomocou fotokn\u00edh | blog.empikfoto.sk","description":"M\u00e1me skvel\u00e9 tipy a triky pre spr\u00e1vu rozsiahlych zbierok digit\u00e1lnych fotografi\u00ed a syst\u00e9m organizovania \u017eivotn\u00fdch udalost\u00ed pomocou spomienkov\u00fdch fotokn\u00edh, tak\u017ee m\u00f4\u017eete \u013eahko znovu pre\u017ei\u0165 svoje ob\u013e\u00faben\u00e9 okamihy, kedyko\u013evek budete chcie\u0165.","robots":{"index":"index","follow":"follow","max-snippet":"max-snippet:-1","max-image-preview":"max-image-preview:large","max-video-preview":"max-video-preview:-1"},"canonical":"https:\/\/www.empikfoto.sk\/blog\/ako-zorganizovat-fotografie-spomienky-pomocou-fotoknih\/","og_locale":"pl_PL","og_type":"article","og_title":"Ako zorganizova\u0165 fotografie a spomienky pomocou fotokn\u00edh | blog.empikfoto.sk","og_description":"M\u00e1me skvel\u00e9 tipy a triky pre spr\u00e1vu rozsiahlych zbierok digit\u00e1lnych fotografi\u00ed a syst\u00e9m organizovania \u017eivotn\u00fdch udalost\u00ed pomocou spomienkov\u00fdch fotokn\u00edh, tak\u017ee m\u00f4\u017eete \u013eahko znovu pre\u017ei\u0165 svoje ob\u013e\u00faben\u00e9 okamihy, kedyko\u013evek budete chcie\u0165.","og_url":"https:\/\/www.empikfoto.sk\/blog\/ako-zorganizovat-fotografie-spomienky-pomocou-fotoknih\/","og_site_name":"blog.empikfoto.sk","article_publisher":"https:\/\/www.facebook.com\/empikfotopl\/","article_published_time":"2021-06-10T18:43:49+00:00","article_modified_time":"2023-10-30T12:14:29+00:00","og_image":[{"width":1932,"height":1008,"url":"https:\/\/www.empikfoto.sk\/blog\/empikfoto\/2021\/06\/fotosiazka_20x30_szkola.jpg","type":"image\/jpeg"}],"author":"Sara","twitter_card":"summary_large_image","twitter_creator":"@empikfoto","twitter_site":"@empikfoto","twitter_misc":{"Napisane przez":"Sara","Szacowany czas czytania":"7 minut"},"schema":{"@context":"https:\/\/schema.org","@graph":[{"@type":"WebPage","@id":"https:\/\/www.empikfoto.sk\/blog\/ako-zorganizovat-fotografie-spomienky-pomocou-fotoknih\/","url":"https:\/\/www.empikfoto.sk\/blog\/ako-zorganizovat-fotografie-spomienky-pomocou-fotoknih\/","name":"Ako zorganizova\u0165 fotografie a spomienky pomocou fotokn\u00edh | blog.empikfoto.sk","isPartOf":{"@id":"https:\/\/www.empikfoto.sk\/blog\/#website"},"primaryImageOfPage":{"@id":"https:\/\/www.empikfoto.sk\/blog\/ako-zorganizovat-fotografie-spomienky-pomocou-fotoknih\/#primaryimage"},"image":{"@id":"https:\/\/www.empikfoto.sk\/blog\/ako-zorganizovat-fotografie-spomienky-pomocou-fotoknih\/#primaryimage"},"thumbnailUrl":"https:\/\/www.empikfoto.sk\/blog\/empikfoto\/2021\/06\/fotosiazka_20x30_szkola.jpg","datePublished":"2021-06-10T18:43:49+00:00","dateModified":"2023-10-30T12:14:29+00:00","author":{"@id":"https:\/\/www.empikfoto.sk\/blog\/#\/schema\/person\/6b2ae62f534235f8d2fbc76638010180"},"description":"M\u00e1me skvel\u00e9 tipy a triky pre spr\u00e1vu rozsiahlych zbierok digit\u00e1lnych fotografi\u00ed a syst\u00e9m organizovania \u017eivotn\u00fdch udalost\u00ed pomocou spomienkov\u00fdch fotokn\u00edh, tak\u017ee m\u00f4\u017eete \u013eahko znovu pre\u017ei\u0165 svoje ob\u013e\u00faben\u00e9 okamihy, kedyko\u013evek budete chcie\u0165.","breadcrumb":{"@id":"https:\/\/www.empikfoto.sk\/blog\/ako-zorganizovat-fotografie-spomienky-pomocou-fotoknih\/#breadcrumb"},"inLanguage":"pl-PL","potentialAction":[{"@type":"ReadAction","target":["https:\/\/www.empikfoto.sk\/blog\/ako-zorganizovat-fotografie-spomienky-pomocou-fotoknih\/"]}]},{"@type":"ImageObject","inLanguage":"pl-PL","@id":"https:\/\/www.empikfoto.sk\/blog\/ako-zorganizovat-fotografie-spomienky-pomocou-fotoknih\/#primaryimage","url":"https:\/\/www.empikfoto.sk\/blog\/empikfoto\/2021\/06\/fotosiazka_20x30_szkola.jpg","contentUrl":"https:\/\/www.empikfoto.sk\/blog\/empikfoto\/2021\/06\/fotosiazka_20x30_szkola.jpg","width":1932,"height":1008},{"@type":"BreadcrumbList","@id":"https:\/\/www.empikfoto.sk\/blog\/ako-zorganizovat-fotografie-spomienky-pomocou-fotoknih\/#breadcrumb","itemListElement":[{"@type":"ListItem","position":1,"name":"Home","item":"https:\/\/www.empikfoto.sk\/blog\/"},{"@type":"ListItem","position":2,"name":"Ako zorganizova\u0165 fotografie a spomienky pomocou fotokn\u00edh"}]},{"@type":"WebSite","@id":"https:\/\/www.empikfoto.sk\/blog\/#website","url":"https:\/\/www.empikfoto.sk\/blog\/","name":"blog.empikfoto.sk","description":"Zozn\u00e1mte empikfoto.sk zvn\u00fatra! Z\u00edskajte viac inform\u00e1ci\u00ed o v\u00fdtla\u010dkoch, fotoknih\u00e1ch a fotografi\u00e1ch.","potentialAction":[{"@type":"SearchAction","target":{"@type":"EntryPoint","urlTemplate":"https:\/\/www.empikfoto.sk\/blog\/?s={search_term_string}"},"query-input":"required name=search_term_string"}],"inLanguage":"pl-PL"},{"@type":"Person","@id":"https:\/\/www.empikfoto.sk\/blog\/#\/schema\/person\/6b2ae62f534235f8d2fbc76638010180","name":"Sara","image":{"@type":"ImageObject","inLanguage":"pl-PL","@id":"https:\/\/www.empikfoto.sk\/blog\/#\/schema\/person\/image\/","url":"https:\/\/secure.gravatar.com\/avatar\/f5a40c58c49e47a6ea3eb42cd4d4f47a?s=96&d=identicon&r=g","contentUrl":"https:\/\/secure.gravatar.com\/avatar\/f5a40c58c49e47a6ea3eb42cd4d4f47a?s=96&d=identicon&r=g","caption":"Sara"},"url":"https:\/\/www.empikfoto.sk\/blog\/author\/sara\/"}]}},"_links":{"self":[{"href":"https:\/\/www.empikfoto.sk\/blog\/wp-json\/wp\/v2\/posts\/9008"}],"collection":[{"href":"https:\/\/www.empikfoto.sk\/blog\/wp-json\/wp\/v2\/posts"}],"about":[{"href":"https:\/\/www.empikfoto.sk\/blog\/wp-json\/wp\/v2\/types\/post"}],"author":[{"embeddable":true,"href":"https:\/\/www.empikfoto.sk\/blog\/wp-json\/wp\/v2\/users\/20"}],"replies":[{"embeddable":true,"href":"https:\/\/www.empikfoto.sk\/blog\/wp-json\/wp\/v2\/comments?post=9008"}],"version-history":[{"count":2,"href":"https:\/\/www.empikfoto.sk\/blog\/wp-json\/wp\/v2\/posts\/9008\/revisions"}],"predecessor-version":[{"id":9056,"href":"https:\/\/www.empikfoto.sk\/blog\/wp-json\/wp\/v2\/posts\/9008\/revisions\/9056"}],"wp:featuredmedia":[{"embeddable":true,"href":"https:\/\/www.empikfoto.sk\/blog\/wp-json\/wp\/v2\/media\/9057"}],"wp:attachment":[{"href":"https:\/\/www.empikfoto.sk\/blog\/wp-json\/wp\/v2\/media?parent=9008"}],"wp:term":[{"taxonomy":"category","embeddable":true,"href":"https:\/\/www.empikfoto.sk\/blog\/wp-json\/wp\/v2\/categories?post=9008"},{"taxonomy":"post_tag","embeddable":true,"href":"https:\/\/www.empikfoto.sk\/blog\/wp-json\/wp\/v2\/tags?post=9008"}],"curies":[{"name":"wp","href":"https:\/\/api.w.org\/{rel}","templated":true}]}}