{"id":8890,"date":"2021-06-22T17:37:07","date_gmt":"2021-06-22T15:37:07","guid":{"rendered":"https:\/\/blog.empikfoto.sk\/?p=8890"},"modified":"2021-07-22T18:29:36","modified_gmt":"2021-07-22T16:29:36","slug":"napady-na-nezabudnutelnu-oslavu-24-narodenin","status":"publish","type":"post","link":"https:\/\/www.empikfoto.sk\/blog\/napady-na-nezabudnutelnu-oslavu-24-narodenin\/","title":{"rendered":"N\u00e1pady na nezabudnute\u013en\u00fa oslavu 24. naroden\u00edn"},"content":{"rendered":"<p><span style=\"font-weight: 400;\">Ak\u00e9ko\u013evek narodeniny s\u00fa d\u00f4vodom k oslave, ale organizova\u0165 narodeninov\u00fa oslavu v dospelosti je obzvl\u00e1\u0161\u0165 vzru\u0161uj\u00face. Oslava 24 rokov sa m\u00f4\u017ee zda\u0165 ako ka\u017ed\u00e1 in\u00e1, ale nie je to tak! Takmer \u0161tvr\u0165 storo\u010dia na svete je ten spr\u00e1vny \u010das pre objavovanie a pozn\u00e1vanie nov\u00fdch vec\u00ed. Pom\u00f4\u017ete svojim priate\u013eom alebo rodine osl\u00e1vi\u0165 24. narodeniny \u0161t\u00fdlovo. Pozrite sa na na\u0161e kreat\u00edvne n\u00e1pady, ktor\u00e9 v\u00e1m pom\u00f4\u017eu vybra\u0165 mot\u00edv a t\u00e9mu, ktor\u00e1 sa k nim najlep\u0161ie hod\u00ed. Vyberte si jeden z t\u00fdchto n\u00e1padov na nezabudnute\u013en\u00fa oslavu 24. naroden\u00fd. Tak\u00fa oslavu, ktor\u00fd si bud\u00fa pam\u00e4ta\u0165 nav\u017edy.<\/span><\/p>\n<p><span style=\"font-weight: 400;\">\u00a0<\/span><!--more--><\/p>\n<h2><span style=\"font-weight: 400;\">Jedine\u010dn\u00e9 n\u00e1pady na oslavu 24. naroden\u00edn pre ka\u017ed\u00e9ho.<\/span><\/h2>\n<p><span style=\"font-weight: 400;\">Ak potrebujete mot\u00edv narodeninovej oslavy pre host\u00ed v\u0161etk\u00fdch vekov\u00fdch skup\u00edn, budete sa pravdepodobne chcie\u0165 pozrie\u0165 na n\u00e1pady na oslavu pre ka\u017ed\u00e9ho. Nie v\u0161etky oslavy, ktor\u00e9 s\u00fa vhodn\u00e9 pre deti a rodinu, musia by\u0165 nudn\u00e9. Tieto n\u00e1pady s\u00fa <a href=\"https:\/\/www.empikfoto.sk\/\">ide\u00e1lne pre kohoko\u013evek<\/a>, ale prekvap\u00ed v\u0161etk\u00fdch va\u0161e host\u00ed.<\/span><\/p>\n<p><img loading=\"lazy\" decoding=\"async\" class=\"alignnone size-large wp-image-8891\" src=\"https:\/\/blog.empikfoto.sk\/empikfoto\/2021\/07\/narodeniny-1024x512.png\" alt=\"narodeniny\" width=\"1024\" height=\"512\" \/><\/p>\n<h2><span style=\"font-weight: 400;\">Opeka\u010dka<\/span><\/h2>\n<p><span style=\"font-weight: 400;\">Ak h\u013ead\u00e1te menej form\u00e1lny n\u00e1dych, posedenie vonku a opekanie \u0161peka\u010dikov vyzer\u00e1 ako dokonal\u00e9 rie\u0161enie. Pripravte si na z\u00e1hrade deky a ohnisko. M\u00f4\u017eete necha\u0165 hos\u0165ou opiec\u0165 si vlastn\u00fd \u0161pek\u00e1\u010dik alebo marshmalows, \u010d\u00edm sa na chv\u00ed\u013eu v\u0161etci zabavia.<\/span><\/p>\n<p><img loading=\"lazy\" decoding=\"async\" class=\"alignnone size-large wp-image-8892\" src=\"https:\/\/blog.empikfoto.sk\/empikfoto\/2021\/07\/narodeniny2-1024x617.jpg\" alt=\"narodeniny2\" width=\"1024\" height=\"617\" \/><\/p>\n<h2><span style=\"font-weight: 400;\">Tropick\u00fd<\/span><\/h2>\n<p><span style=\"font-weight: 400;\">Ide\u00e1lne <a href=\"https:\/\/www.empikfoto.sk\/fotodarceky\/tasky\">pre ka\u017ed\u00e9ho<\/a>, kto m\u00e1 narodeniny v teplom obdob\u00ed. Grilujte, zap\u00e1\u013ete na z\u00e1hrade pochodne a dajte svojim hos\u0165om havajsk\u00e9 n\u00e1hrdeln\u00edky z kvetov!<\/span><\/p>\n<h2><span style=\"font-weight: 400;\">Ob\u013e\u00faben\u00fd film<\/span><\/h2>\n<p><span style=\"font-weight: 400;\">Nech u\u017e je ob\u013e\u00faben\u00fd film osl\u00e1venca alebo osl\u00e1venky\u0148e ak\u00fdko\u013evek,<a href=\"https:\/\/www.empikfoto.sk\/fotodarceky\/fotohrnceky-druhy\"> urobte z neho mot\u00edv<\/a>! Pustite film, pod\u00e1vajte z\u00e1bavn\u00e9 n\u00e1poje a jedlo, ktor\u00e9 sa k nemu hod\u00ed. Napr\u00edklad, ak je ob\u013e\u00faben\u00fdm filmom Harry Potter, nechajte v\u0161etk\u00fdch pr\u00eds\u0165 oble\u010den\u00fdch ako k\u00fazeln\u00edci. Serv\u00edrujte k\u00fazeln\u00edcke jedlo a lektvary. Je to nie\u010do, \u010do si u\u017eij\u00fa dospel\u00ed aj deti.<\/span><\/p>\n<p><img loading=\"lazy\" decoding=\"async\" class=\"size-large wp-image-8893 aligncenter\" src=\"https:\/\/blog.empikfoto.sk\/empikfoto\/2021\/07\/narodeniny3-683x1024.jpg\" alt=\"narodeniny3\" width=\"683\" height=\"1024\" \/><\/p>\n<h2><span style=\"font-weight: 400;\">Jednofarebn\u00fd<\/span><\/h2>\n<p><span style=\"font-weight: 400;\">Vyberte osl\u00e1vencovu ob\u013e\u00faben\u00fa farbu a uistite sa, \u017ee v\u0161etko na ve\u010dierku spolu ladi\u00ed. Od dezertu po dekor\u00e1cie, uistite sa, \u017ee je v\u0161etko jednofarebn\u00e9. Nezabudnite \u013eu\u010fom pripomen\u00fa\u0165, \u010do si maj\u00fa vzia\u0165 na seba. Neu\u0161kod\u00ed tie\u017e informova\u0165 osl\u00e1venca, ak\u00fa farbu m\u00e1 ma\u0165 na sebe, aby nevy\u010dnieval!<\/span><\/p>\n<h2><span style=\"font-weight: 400;\">Retro<\/span><\/h2>\n<p><span style=\"font-weight: 400;\"><a href=\"https:\/\/www.empikfoto.sk\/fotky,odbitki-retro\">Rovnako ako nadpis hovor\u00ed<\/a>, oble\u010dte sa retro! P\u00fa\u0161\u0165ajte hudbu z akejko\u013evek \u00e9ry, ktor\u00fa si vyberiete a hrajte klasick\u00e9 hry, ako je napr\u00edklad Twister. Ak na to m\u00e1te rozpo\u010det a chcete usporiada\u0165 ve\u010dierok na inom mieste ne\u017e doma, m\u00f4\u017eete svojich host\u00ed pozva\u0165 napr\u00edklad na kor\u010du\u013eovanie.<\/span><\/p>\n<p><img loading=\"lazy\" decoding=\"async\" class=\"alignnone size-large wp-image-8894\" src=\"https:\/\/blog.empikfoto.sk\/empikfoto\/2021\/07\/narodeniny5-1024x768.jpg\" alt=\"narodeniny5\" width=\"1024\" height=\"768\" srcset=\"https:\/\/www.empikfoto.sk\/blog\/empikfoto\/2021\/07\/narodeniny5-1024x768.jpg 1024w, https:\/\/www.empikfoto.sk\/blog\/empikfoto\/2021\/07\/narodeniny5-300x225.jpg 300w, https:\/\/www.empikfoto.sk\/blog\/empikfoto\/2021\/07\/narodeniny5-768x576.jpg 768w, https:\/\/www.empikfoto.sk\/blog\/empikfoto\/2021\/07\/narodeniny5-1536x1152.jpg 1536w, https:\/\/www.empikfoto.sk\/blog\/empikfoto\/2021\/07\/narodeniny5-400x300.jpg 400w, https:\/\/www.empikfoto.sk\/blog\/empikfoto\/2021\/07\/narodeniny5.jpg 1672w\" sizes=\"(max-width: 1024px) 100vw, 1024px\" \/><\/p>\n<h2><span style=\"font-weight: 400;\">Filmov\u00fd festival<\/span><\/h2>\n<p><span style=\"font-weight: 400;\"><a href=\"https:\/\/www.empikfoto.sk\/fotodarceky\/fotohrnceky-druhy\">Tento mot\u00edv je ide\u00e1lny<\/a> pre neform\u00e1lne p\u00e1rty na z\u00e1hrade. Dajte von deky, pripravte pl\u00e1tno a projektor na premietanie. Nechajte host\u00ed si vopred vybra\u0165 filmy. M\u00f4\u017eete dokonca vybra\u0165 ob\u013e\u00faben\u00e9 filmy, na ktor\u00e9 r\u00e1d pozer\u00e1 osl\u00e1venec. Pod\u00e1vajte popcorn a pripravte ob\u010derstvenie ako v kine &#8211; zmrzlina, nachos, jednohubky. Fant\u00e1zii sa medze neklad\u00fa.<\/span><\/p>\n<h2><span style=\"font-weight: 400;\">N\u00e1pady na narodeninov\u00e9 pozv\u00e1nky<\/span><\/h2>\n<p><span style=\"font-weight: 400;\">Prisp\u00f4sobte <a href=\"https:\/\/www.empikfoto.sk\/fotoprianie\">v\u0161etky pozv\u00e1nky<\/a> svojim potreb\u00e1m! Zv\u00e1\u017ete varianty s trblietkami a f\u00f3liou, aby ob\u00e1lka \u017eiarila, ke\u010f doraz\u00ed po\u0161tou. F\u00f3lia dod\u00e1va elegantnej\u0161\u00ed n\u00e1dych, zatia\u013e \u010do trblietky s\u00fa z\u00e1bavnej\u0161ie a m\u00f4\u017eu okoreni\u0165 ka\u017ed\u00fa pozv\u00e1nku. Ke\u010f p\u00ed\u0161ete pozv\u00e1nky, prem\u00fd\u0161\u013eajte o tom, \u010di sa osl\u00e1venec \u010di osl\u00e1venky\u0148a rada smeje a u\u0165ahuje si aj sama zo seba. Ak \u00e1no, vymyslite pre host\u00ed nie\u010do vtipn\u00e9, \u010do by ste do pozv\u00e1nky mohli zakomponova\u0165.<\/span><\/p>\n<p><img loading=\"lazy\" decoding=\"async\" class=\"alignnone size-large wp-image-8895\" src=\"https:\/\/blog.empikfoto.sk\/empikfoto\/2021\/07\/narodeniny6-1024x679.jpg\" alt=\"narodeniny6\" width=\"1024\" height=\"679\" \/><\/p>\n<h2><span style=\"font-weight: 400;\">N\u00e1pady na dar\u010deky na pamiatku<\/span><\/h2>\n<p><span style=\"font-weight: 400;\">Je dobr\u00fdm zvykom, neposiela\u0165 svojich host\u00ed pre\u010d s pr\u00e1zdnymi rukami. Sk\u00faste do pl\u00e1novania tie\u017e za\u010dleni\u0165 nejak\u00e9 mali\u010dkosti <a href=\"https:\/\/www.empikfoto.sk\/fotodarceky\/fototricka\">na pamiatku.<\/a> Prem\u00fd\u0161\u013eajte o tom, \u017ee d\u00e1te hos\u0165om nie\u010do mal\u00e9, ako s\u00fa miniat\u00farne f\u013ea\u0161e \u0161ampansk\u00e9ho alebo whisky. Ak ich chcete posla\u0165 pre\u010d s nie\u010d\u00edm sladk\u00fdm, k\u00fapte alebo upe\u010dte su\u0161ienky a kol\u00e1\u010diky, ktor\u00e9 sa hodia k t\u00e9me, alebo ktor\u00e9 maj\u00fa na sebe \u010d\u00edslo 24. Ak chcete nie\u010do osobnej\u0161ie, a pre mal\u00fa oslavu, k\u00fapte hos\u0165om osobn\u00e9 z\u00e1tky na v\u00edno alebo otv\u00e1ra\u010de na f\u013ea\u0161e.<\/span><\/p>\n<p><span style=\"font-weight: 400;\">\u010ci u\u017e sl\u00e1vite 50. narodeniny alebo pripravujete oslavu 24. naroden\u00edn pre svojho priate\u013ea, oslavy naroden\u00edn s\u00fa nesmierne vzru\u0161uj\u00face. Vymyslite narodeninov\u00fa oslavu, ktor\u00fa si bud\u00fa v\u0161etci pam\u00e4ta\u0165. Nech u\u017e bude pre neho, pre \u0148u, alebo pre v\u0161etk\u00fdch. Prem\u00fd\u0161\u013eajte o tom, ak\u00fd druh jedla a pitia, ktor\u00e9 bude ladi\u0165 s mot\u00edvom, chcete prichysta\u0165. Pripravte pre host\u00ed tie\u017e nejak\u00fa aktivitu alebo hru. Nakoniec nezabudnite posla\u0165 host\u00ed domov tak, aby sa c\u00edtili dobre a v ruke mali mal\u00fa pozornos\u0165. Dr\u017ete sa t\u00fdchto tipov a za\u017eijete narodeninov\u00fa oslavu, ktor\u00fa si hostia bud\u00fa pam\u00e4ta\u0165 po cel\u00fd \u017eivot.<\/span><\/p>\n<p>&nbsp;<\/p>\n","protected":false},"excerpt":{"rendered":"<p>Ak\u00e9ko\u013evek narodeniny s\u00fa d\u00f4vodom k oslave, ale organizova\u0165 narodeninov\u00fa oslavu v dospelosti je obzvl\u00e1\u0161\u0165 vzru\u0161uj\u00face. Oslava 24 rokov sa m\u00f4\u017ee zda\u0165 ako ka\u017ed\u00e1 in\u00e1, ale nie je to tak! Takmer \u0161tvr\u0165 storo\u010dia na svete je ten spr\u00e1vny \u010das pre objavovanie a pozn\u00e1vanie nov\u00fdch vec\u00ed. Pom\u00f4\u017ete svojim priate\u013eom alebo rodine osl\u00e1vi\u0165 24. narodeniny \u0161t\u00fdlovo. Pozrite sa na na\u0161e kreat\u00edvne n\u00e1pady, ktor\u00e9 v\u00e1m pom\u00f4\u017eu vybra\u0165 mot\u00edv a t\u00e9mu, ktor\u00e1 sa k nim najlep\u0161ie hod\u00ed. Vyberte si jeden z t\u00fdchto n\u00e1padov na nezabudnute\u013en\u00fa oslavu 24. naroden\u00fd. Tak\u00fa oslavu, ktor\u00fd si bud\u00fa pam\u00e4ta\u0165 nav\u017edy. \u00a0<\/p>\n","protected":false},"author":20,"featured_media":0,"comment_status":"open","ping_status":"closed","sticky":false,"template":"","format":"standard","meta":{"footnotes":""},"categories":[786],"tags":[],"yoast_head":"<!-- This site is optimized with the Yoast SEO plugin v23.0 - https:\/\/yoast.com\/wordpress\/plugins\/seo\/ -->\n<title>N\u00e1pady na nezabudnute\u013en\u00fa oslavu 24. naroden\u00edn | blog.empikfoto.sk<\/title>\n<meta name=\"robots\" content=\"index, follow, max-snippet:-1, max-image-preview:large, max-video-preview:-1\" \/>\n<link rel=\"canonical\" href=\"https:\/\/www.empikfoto.sk\/blog\/napady-na-nezabudnutelnu-oslavu-24-narodenin\/\" \/>\n<meta property=\"og:locale\" content=\"pl_PL\" \/>\n<meta property=\"og:type\" content=\"article\" \/>\n<meta property=\"og:title\" content=\"N\u00e1pady na nezabudnute\u013en\u00fa oslavu 24. naroden\u00edn | blog.empikfoto.sk\" \/>\n<meta property=\"og:description\" content=\"Ak\u00e9ko\u013evek narodeniny s\u00fa d\u00f4vodom k oslave, ale organizova\u0165 narodeninov\u00fa oslavu v dospelosti je obzvl\u00e1\u0161\u0165 vzru\u0161uj\u00face. Oslava 24 rokov sa m\u00f4\u017ee zda\u0165 ako ka\u017ed\u00e1 in\u00e1, ale nie je to tak! Takmer \u0161tvr\u0165 storo\u010dia na svete je ten spr\u00e1vny \u010das pre objavovanie a pozn\u00e1vanie nov\u00fdch vec\u00ed. Pom\u00f4\u017ete svojim priate\u013eom alebo rodine osl\u00e1vi\u0165 24. narodeniny \u0161t\u00fdlovo. Pozrite sa na na\u0161e kreat\u00edvne n\u00e1pady, ktor\u00e9 v\u00e1m pom\u00f4\u017eu vybra\u0165 mot\u00edv a t\u00e9mu, ktor\u00e1 sa k nim najlep\u0161ie hod\u00ed. Vyberte si jeden z t\u00fdchto n\u00e1padov na nezabudnute\u013en\u00fa oslavu 24. naroden\u00fd. Tak\u00fa oslavu, ktor\u00fd si bud\u00fa pam\u00e4ta\u0165 nav\u017edy. \u00a0\" \/>\n<meta property=\"og:url\" content=\"https:\/\/www.empikfoto.sk\/blog\/napady-na-nezabudnutelnu-oslavu-24-narodenin\/\" \/>\n<meta property=\"og:site_name\" content=\"blog.empikfoto.sk\" \/>\n<meta property=\"article:publisher\" content=\"https:\/\/www.facebook.com\/empikfotopl\/\" \/>\n<meta property=\"article:published_time\" content=\"2021-06-22T15:37:07+00:00\" \/>\n<meta property=\"article:modified_time\" content=\"2021-07-22T16:29:36+00:00\" \/>\n<meta property=\"og:image\" content=\"https:\/\/www.empikfoto.sk\/blog\/empikfoto\/2021\/07\/narodeniny.png\" \/>\n\t<meta property=\"og:image:width\" content=\"1920\" \/>\n\t<meta property=\"og:image:height\" content=\"960\" \/>\n\t<meta property=\"og:image:type\" content=\"image\/png\" \/>\n<meta name=\"author\" content=\"Sara\" \/>\n<meta name=\"twitter:card\" content=\"summary_large_image\" \/>\n<meta name=\"twitter:creator\" content=\"@empikfoto\" \/>\n<meta name=\"twitter:site\" content=\"@empikfoto\" \/>\n<meta name=\"twitter:label1\" content=\"Napisane przez\" \/>\n\t<meta name=\"twitter:data1\" content=\"Sara\" \/>\n\t<meta name=\"twitter:label2\" content=\"Szacowany czas czytania\" \/>\n\t<meta name=\"twitter:data2\" content=\"4 minuty\" \/>\n<script type=\"application\/ld+json\" class=\"yoast-schema-graph\">{\"@context\":\"https:\/\/schema.org\",\"@graph\":[{\"@type\":\"WebPage\",\"@id\":\"https:\/\/www.empikfoto.sk\/blog\/napady-na-nezabudnutelnu-oslavu-24-narodenin\/\",\"url\":\"https:\/\/www.empikfoto.sk\/blog\/napady-na-nezabudnutelnu-oslavu-24-narodenin\/\",\"name\":\"N\u00e1pady na nezabudnute\u013en\u00fa oslavu 24. naroden\u00edn | blog.empikfoto.sk\",\"isPartOf\":{\"@id\":\"https:\/\/www.empikfoto.sk\/blog\/#website\"},\"primaryImageOfPage\":{\"@id\":\"https:\/\/www.empikfoto.sk\/blog\/napady-na-nezabudnutelnu-oslavu-24-narodenin\/#primaryimage\"},\"image\":{\"@id\":\"https:\/\/www.empikfoto.sk\/blog\/napady-na-nezabudnutelnu-oslavu-24-narodenin\/#primaryimage\"},\"thumbnailUrl\":\"https:\/\/blog.empikfoto.sk\/empikfoto\/2021\/07\/narodeniny-1024x512.png\",\"datePublished\":\"2021-06-22T15:37:07+00:00\",\"dateModified\":\"2021-07-22T16:29:36+00:00\",\"author\":{\"@id\":\"https:\/\/www.empikfoto.sk\/blog\/#\/schema\/person\/6b2ae62f534235f8d2fbc76638010180\"},\"breadcrumb\":{\"@id\":\"https:\/\/www.empikfoto.sk\/blog\/napady-na-nezabudnutelnu-oslavu-24-narodenin\/#breadcrumb\"},\"inLanguage\":\"pl-PL\",\"potentialAction\":[{\"@type\":\"ReadAction\",\"target\":[\"https:\/\/www.empikfoto.sk\/blog\/napady-na-nezabudnutelnu-oslavu-24-narodenin\/\"]}]},{\"@type\":\"ImageObject\",\"inLanguage\":\"pl-PL\",\"@id\":\"https:\/\/www.empikfoto.sk\/blog\/napady-na-nezabudnutelnu-oslavu-24-narodenin\/#primaryimage\",\"url\":\"https:\/\/blog.empikfoto.sk\/empikfoto\/2021\/07\/narodeniny-1024x512.png\",\"contentUrl\":\"https:\/\/blog.empikfoto.sk\/empikfoto\/2021\/07\/narodeniny-1024x512.png\"},{\"@type\":\"BreadcrumbList\",\"@id\":\"https:\/\/www.empikfoto.sk\/blog\/napady-na-nezabudnutelnu-oslavu-24-narodenin\/#breadcrumb\",\"itemListElement\":[{\"@type\":\"ListItem\",\"position\":1,\"name\":\"Home\",\"item\":\"https:\/\/www.empikfoto.sk\/blog\/\"},{\"@type\":\"ListItem\",\"position\":2,\"name\":\"N\u00e1pady na nezabudnute\u013en\u00fa oslavu 24. naroden\u00edn\"}]},{\"@type\":\"WebSite\",\"@id\":\"https:\/\/www.empikfoto.sk\/blog\/#website\",\"url\":\"https:\/\/www.empikfoto.sk\/blog\/\",\"name\":\"blog.empikfoto.sk\",\"description\":\"Zozn\u00e1mte empikfoto.sk zvn\u00fatra! Z\u00edskajte viac inform\u00e1ci\u00ed o v\u00fdtla\u010dkoch, fotoknih\u00e1ch a fotografi\u00e1ch.\",\"potentialAction\":[{\"@type\":\"SearchAction\",\"target\":{\"@type\":\"EntryPoint\",\"urlTemplate\":\"https:\/\/www.empikfoto.sk\/blog\/?s={search_term_string}\"},\"query-input\":\"required name=search_term_string\"}],\"inLanguage\":\"pl-PL\"},{\"@type\":\"Person\",\"@id\":\"https:\/\/www.empikfoto.sk\/blog\/#\/schema\/person\/6b2ae62f534235f8d2fbc76638010180\",\"name\":\"Sara\",\"image\":{\"@type\":\"ImageObject\",\"inLanguage\":\"pl-PL\",\"@id\":\"https:\/\/www.empikfoto.sk\/blog\/#\/schema\/person\/image\/\",\"url\":\"https:\/\/secure.gravatar.com\/avatar\/f5a40c58c49e47a6ea3eb42cd4d4f47a?s=96&d=identicon&r=g\",\"contentUrl\":\"https:\/\/secure.gravatar.com\/avatar\/f5a40c58c49e47a6ea3eb42cd4d4f47a?s=96&d=identicon&r=g\",\"caption\":\"Sara\"},\"url\":\"https:\/\/www.empikfoto.sk\/blog\/author\/sara\/\"}]}<\/script>\n<!-- \/ Yoast SEO plugin. -->","yoast_head_json":{"title":"N\u00e1pady na nezabudnute\u013en\u00fa oslavu 24. naroden\u00edn | blog.empikfoto.sk","robots":{"index":"index","follow":"follow","max-snippet":"max-snippet:-1","max-image-preview":"max-image-preview:large","max-video-preview":"max-video-preview:-1"},"canonical":"https:\/\/www.empikfoto.sk\/blog\/napady-na-nezabudnutelnu-oslavu-24-narodenin\/","og_locale":"pl_PL","og_type":"article","og_title":"N\u00e1pady na nezabudnute\u013en\u00fa oslavu 24. naroden\u00edn | blog.empikfoto.sk","og_description":"Ak\u00e9ko\u013evek narodeniny s\u00fa d\u00f4vodom k oslave, ale organizova\u0165 narodeninov\u00fa oslavu v dospelosti je obzvl\u00e1\u0161\u0165 vzru\u0161uj\u00face. Oslava 24 rokov sa m\u00f4\u017ee zda\u0165 ako ka\u017ed\u00e1 in\u00e1, ale nie je to tak! Takmer \u0161tvr\u0165 storo\u010dia na svete je ten spr\u00e1vny \u010das pre objavovanie a pozn\u00e1vanie nov\u00fdch vec\u00ed. Pom\u00f4\u017ete svojim priate\u013eom alebo rodine osl\u00e1vi\u0165 24. narodeniny \u0161t\u00fdlovo. Pozrite sa na na\u0161e kreat\u00edvne n\u00e1pady, ktor\u00e9 v\u00e1m pom\u00f4\u017eu vybra\u0165 mot\u00edv a t\u00e9mu, ktor\u00e1 sa k nim najlep\u0161ie hod\u00ed. Vyberte si jeden z t\u00fdchto n\u00e1padov na nezabudnute\u013en\u00fa oslavu 24. naroden\u00fd. Tak\u00fa oslavu, ktor\u00fd si bud\u00fa pam\u00e4ta\u0165 nav\u017edy. \u00a0","og_url":"https:\/\/www.empikfoto.sk\/blog\/napady-na-nezabudnutelnu-oslavu-24-narodenin\/","og_site_name":"blog.empikfoto.sk","article_publisher":"https:\/\/www.facebook.com\/empikfotopl\/","article_published_time":"2021-06-22T15:37:07+00:00","article_modified_time":"2021-07-22T16:29:36+00:00","og_image":[{"width":1920,"height":960,"url":"https:\/\/www.empikfoto.sk\/blog\/empikfoto\/2021\/07\/narodeniny.png","type":"image\/png"}],"author":"Sara","twitter_card":"summary_large_image","twitter_creator":"@empikfoto","twitter_site":"@empikfoto","twitter_misc":{"Napisane przez":"Sara","Szacowany czas czytania":"4 minuty"},"schema":{"@context":"https:\/\/schema.org","@graph":[{"@type":"WebPage","@id":"https:\/\/www.empikfoto.sk\/blog\/napady-na-nezabudnutelnu-oslavu-24-narodenin\/","url":"https:\/\/www.empikfoto.sk\/blog\/napady-na-nezabudnutelnu-oslavu-24-narodenin\/","name":"N\u00e1pady na nezabudnute\u013en\u00fa oslavu 24. naroden\u00edn | blog.empikfoto.sk","isPartOf":{"@id":"https:\/\/www.empikfoto.sk\/blog\/#website"},"primaryImageOfPage":{"@id":"https:\/\/www.empikfoto.sk\/blog\/napady-na-nezabudnutelnu-oslavu-24-narodenin\/#primaryimage"},"image":{"@id":"https:\/\/www.empikfoto.sk\/blog\/napady-na-nezabudnutelnu-oslavu-24-narodenin\/#primaryimage"},"thumbnailUrl":"https:\/\/blog.empikfoto.sk\/empikfoto\/2021\/07\/narodeniny-1024x512.png","datePublished":"2021-06-22T15:37:07+00:00","dateModified":"2021-07-22T16:29:36+00:00","author":{"@id":"https:\/\/www.empikfoto.sk\/blog\/#\/schema\/person\/6b2ae62f534235f8d2fbc76638010180"},"breadcrumb":{"@id":"https:\/\/www.empikfoto.sk\/blog\/napady-na-nezabudnutelnu-oslavu-24-narodenin\/#breadcrumb"},"inLanguage":"pl-PL","potentialAction":[{"@type":"ReadAction","target":["https:\/\/www.empikfoto.sk\/blog\/napady-na-nezabudnutelnu-oslavu-24-narodenin\/"]}]},{"@type":"ImageObject","inLanguage":"pl-PL","@id":"https:\/\/www.empikfoto.sk\/blog\/napady-na-nezabudnutelnu-oslavu-24-narodenin\/#primaryimage","url":"https:\/\/blog.empikfoto.sk\/empikfoto\/2021\/07\/narodeniny-1024x512.png","contentUrl":"https:\/\/blog.empikfoto.sk\/empikfoto\/2021\/07\/narodeniny-1024x512.png"},{"@type":"BreadcrumbList","@id":"https:\/\/www.empikfoto.sk\/blog\/napady-na-nezabudnutelnu-oslavu-24-narodenin\/#breadcrumb","itemListElement":[{"@type":"ListItem","position":1,"name":"Home","item":"https:\/\/www.empikfoto.sk\/blog\/"},{"@type":"ListItem","position":2,"name":"N\u00e1pady na nezabudnute\u013en\u00fa oslavu 24. naroden\u00edn"}]},{"@type":"WebSite","@id":"https:\/\/www.empikfoto.sk\/blog\/#website","url":"https:\/\/www.empikfoto.sk\/blog\/","name":"blog.empikfoto.sk","description":"Zozn\u00e1mte empikfoto.sk zvn\u00fatra! Z\u00edskajte viac inform\u00e1ci\u00ed o v\u00fdtla\u010dkoch, fotoknih\u00e1ch a fotografi\u00e1ch.","potentialAction":[{"@type":"SearchAction","target":{"@type":"EntryPoint","urlTemplate":"https:\/\/www.empikfoto.sk\/blog\/?s={search_term_string}"},"query-input":"required name=search_term_string"}],"inLanguage":"pl-PL"},{"@type":"Person","@id":"https:\/\/www.empikfoto.sk\/blog\/#\/schema\/person\/6b2ae62f534235f8d2fbc76638010180","name":"Sara","image":{"@type":"ImageObject","inLanguage":"pl-PL","@id":"https:\/\/www.empikfoto.sk\/blog\/#\/schema\/person\/image\/","url":"https:\/\/secure.gravatar.com\/avatar\/f5a40c58c49e47a6ea3eb42cd4d4f47a?s=96&d=identicon&r=g","contentUrl":"https:\/\/secure.gravatar.com\/avatar\/f5a40c58c49e47a6ea3eb42cd4d4f47a?s=96&d=identicon&r=g","caption":"Sara"},"url":"https:\/\/www.empikfoto.sk\/blog\/author\/sara\/"}]}},"_links":{"self":[{"href":"https:\/\/www.empikfoto.sk\/blog\/wp-json\/wp\/v2\/posts\/8890"}],"collection":[{"href":"https:\/\/www.empikfoto.sk\/blog\/wp-json\/wp\/v2\/posts"}],"about":[{"href":"https:\/\/www.empikfoto.sk\/blog\/wp-json\/wp\/v2\/types\/post"}],"author":[{"embeddable":true,"href":"https:\/\/www.empikfoto.sk\/blog\/wp-json\/wp\/v2\/users\/20"}],"replies":[{"embeddable":true,"href":"https:\/\/www.empikfoto.sk\/blog\/wp-json\/wp\/v2\/comments?post=8890"}],"version-history":[{"count":1,"href":"https:\/\/www.empikfoto.sk\/blog\/wp-json\/wp\/v2\/posts\/8890\/revisions"}],"predecessor-version":[{"id":8896,"href":"https:\/\/www.empikfoto.sk\/blog\/wp-json\/wp\/v2\/posts\/8890\/revisions\/8896"}],"wp:attachment":[{"href":"https:\/\/www.empikfoto.sk\/blog\/wp-json\/wp\/v2\/media?parent=8890"}],"wp:term":[{"taxonomy":"category","embeddable":true,"href":"https:\/\/www.empikfoto.sk\/blog\/wp-json\/wp\/v2\/categories?post=8890"},{"taxonomy":"post_tag","embeddable":true,"href":"https:\/\/www.empikfoto.sk\/blog\/wp-json\/wp\/v2\/tags?post=8890"}],"curies":[{"name":"wp","href":"https:\/\/api.w.org\/{rel}","templated":true}]}}