{"id":8841,"date":"2020-08-28T10:46:24","date_gmt":"2020-08-28T08:46:24","guid":{"rendered":"https:\/\/blog.empikfoto.sk\/?p=8841"},"modified":"2020-08-28T10:46:24","modified_gmt":"2020-08-28T08:46:24","slug":"ako-vytvorit-fotoknihu-zapamatat-si-spomienky-co-najdlhsie","status":"publish","type":"post","link":"https:\/\/www.empikfoto.sk\/blog\/ako-vytvorit-fotoknihu-zapamatat-si-spomienky-co-najdlhsie\/","title":{"rendered":"Ako vytvori\u0165 fotoknihu a zapam\u00e4ta\u0165 si spomienky \u010do najdlh\u0161ie?"},"content":{"rendered":"<p><strong>Svadobn\u00e9 v\u00fdro\u010die priate\u013eov, n\u00e1vrat z dovolenky alebo narodeniny die\u0165a\u0165a &#8211; to s\u00fa pr\u00edklady kedy je dobr\u00fd \u010das\u00a0 aby ste si vytvorili vlastn\u00fa knihu fotografi\u00ed. Pozrite sa, ako vytvori\u0165 fotografick\u00fa knihu, ktor\u00e1 bude perfektn\u00fdm dar\u010dekom pre Va\u0161ich bl\u00edzkych, alebo V\u00e1m umo\u017en\u00ed predstavi\u0165 si najkraj\u0161ie chv\u00edle V\u00e1\u0161ho \u017eivota v mimoriadne estetickej podobe.<\/strong><!--more--><\/p>\n<p>Pam\u00e4t\u00e1te si, ak\u00e9 popul\u00e1rne bolo vytv\u00e1ranie rodinn\u00fdch albumov v minulosti? V \u010dase, ke\u010f kra\u013eovali filmov\u00e9 kamery, sa pravidelne vyv\u00edjali fotografie a ukladali do kn\u00edh obsahuj\u00facich najkraj\u0161ie spomienky. Teraz sa menej rozhodujeme uklada\u0165 fotografie v papierovej podobe. A mo\u017eno je \u010das to zmeni\u0165? Dobr\u00fdm sp\u00f4sobom, ako sa vr\u00e1ti\u0165 k trad\u00edcii, je vytvori\u0165 si vlastn\u00fa knihu fotografi\u00ed!<\/p>\n<h2><strong>Ako si vyrob\u00edte fotoknihu sami?<\/strong><\/h2>\n<p>Na pr\u00edpravu fotoknihy sami sta\u010d\u00ed pou\u017ei\u0165 n\u00e1\u0161 editor. Pr\u00edprava fotoknihy V\u00e1m bude trva\u0165 len chv\u00ed\u013eu a efekt bude jedine\u010dn\u00fd. Ako si vyrobi\u0165 fotoknihu doma?<\/p>\n<p><img loading=\"lazy\" decoding=\"async\" class=\"size-large wp-image-8848 aligncenter\" src=\"https:\/\/blog.empikfoto.sk\/empikfoto\/2020\/08\/woman-in-grey-jacket-sits-on-bed-uses-grey-laptop-935743-min-1024x683.jpg\" alt=\"\" width=\"1024\" height=\"683\" srcset=\"https:\/\/www.empikfoto.sk\/blog\/empikfoto\/2020\/08\/woman-in-grey-jacket-sits-on-bed-uses-grey-laptop-935743-min-1024x683.jpg 1024w, https:\/\/www.empikfoto.sk\/blog\/empikfoto\/2020\/08\/woman-in-grey-jacket-sits-on-bed-uses-grey-laptop-935743-min-300x200.jpg 300w, https:\/\/www.empikfoto.sk\/blog\/empikfoto\/2020\/08\/woman-in-grey-jacket-sits-on-bed-uses-grey-laptop-935743-min-768x512.jpg 768w, https:\/\/www.empikfoto.sk\/blog\/empikfoto\/2020\/08\/woman-in-grey-jacket-sits-on-bed-uses-grey-laptop-935743-min-330x220.jpg 330w, https:\/\/www.empikfoto.sk\/blog\/empikfoto\/2020\/08\/woman-in-grey-jacket-sits-on-bed-uses-grey-laptop-935743-min-400x267.jpg 400w\" sizes=\"(max-width: 1024px) 100vw, 1024px\" \/><\/p>\n<ol>\n<li>Vyberte form\u00e1t fotoknihy.<\/li>\n<li>Pou\u017eite jednu zo \u0161abl\u00f3n alebo si vytvorte vlastn\u00fa kompoz\u00edciu pomocou dostupn\u00fdch r\u00e1mov, pozadia a klipartov.<\/li>\n<li>Vyberte po\u017eadovan\u00fd papier vo fotoknihe (kriedov\u00fd alebo fotografick\u00fd).<\/li>\n<li>Rozhodnite sa, ktor\u00fd obal fotoknihy bude pre V\u00e1s ten prav\u00fd (matn\u00fd alebo leskl\u00fd).<\/li>\n<li>Vyberte fotografie pre svoju knihu fotografi\u00ed &#8211; m\u00f4\u017eete pou\u017ei\u0165 fotografie z po\u010d\u00edta\u010da, ako aj fotografie uverejnen\u00e9 na Facebooku alebo Instagrame.<\/li>\n<li>Vypl\u0148te svoju fotoknihu fotografiami pod\u013ea v\u00e1\u0161ho v\u00fdberu.<\/li>\n<li>\u00dapravy fotografi\u00ed, prid\u00e1vanie efektov, kliparty, zmena pozadia a prid\u00e1vanie titulkov.<\/li>\n<li>Ulo\u017ete projekt, aby ste sa k nemu mohli kedyko\u013evek vr\u00e1ti\u0165.<\/li>\n<li>Pridajte hotov\u00fd projekt do ko\u0161\u00edka.<\/li>\n<li>Prihl\u00e1ste sa alebo sa zaregistrujte a objednajte si svoju fotoknihu.<\/li>\n<\/ol>\n<p><img loading=\"lazy\" decoding=\"async\" class=\"size-full wp-image-8849 aligncenter\" src=\"https:\/\/blog.empikfoto.sk\/empikfoto\/2020\/08\/fotoksi\u0105\u017cka-na-wiecz\u00f3r-panie\u0144ski.jpg\" alt=\"\" width=\"890\" height=\"603\" srcset=\"https:\/\/www.empikfoto.sk\/blog\/empikfoto\/2020\/08\/fotoksi\u0105\u017cka-na-wiecz\u00f3r-panie\u0144ski.jpg 890w, https:\/\/www.empikfoto.sk\/blog\/empikfoto\/2020\/08\/fotoksi\u0105\u017cka-na-wiecz\u00f3r-panie\u0144ski-300x203.jpg 300w, https:\/\/www.empikfoto.sk\/blog\/empikfoto\/2020\/08\/fotoksi\u0105\u017cka-na-wiecz\u00f3r-panie\u0144ski-768x520.jpg 768w, https:\/\/www.empikfoto.sk\/blog\/empikfoto\/2020\/08\/fotoksi\u0105\u017cka-na-wiecz\u00f3r-panie\u0144ski-400x271.jpg 400w\" sizes=\"(max-width: 890px) 100vw, 890px\" \/><\/p>\n<p>Ako vid\u00edte, vlastn\u00e9 vytvorenie fotoknihy nie je komplikovan\u00e9. S na\u0161ou pomocou m\u00f4\u017eete r\u00fdchlo pripravi\u0165 svoju vlastn\u00fa fotoknihu, ktor\u00e1 bude vyzera\u0165 perfektne na poli\u010dke. Ak nem\u00e1te dostatok \u010dasu na usporiadanie fotografi\u00ed vo svojej fotoknihe, m\u00f4\u017eete si vybra\u0165, \u010di chcete fotografiu automaticky vyplni\u0165 vybran\u00fdmi fotografiami. Vytvorenie knihy fotografi\u00ed je tie\u017e skvel\u00e1 z\u00e1bava, ktor\u00e1 v\u00e1m umo\u017en\u00ed uvo\u013eni\u0165 va\u0161u kreativitu a vytvori\u0165 si vlastn\u00fd pr\u00edbeh vyrozpr\u00e1van\u00fd vo forme fotografi\u00ed.<\/p>\n<h2><strong>Fotokniha &#8211; na dar alebo do rodinnej zbierky<\/strong><\/h2>\n<p>Pomocou fotoknihy m\u00f4\u017eete pote\u0161i\u0165 \u013eud\u00ed vo Va\u0161om okol\u00ed, ke\u010f im pripomeniete tie najz\u00e1bavnej\u0161ie z\u00e1\u017eitky.<\/p>\n<p><img loading=\"lazy\" decoding=\"async\" class=\"size-full wp-image-8847 aligncenter\" src=\"https:\/\/blog.empikfoto.sk\/empikfoto\/2020\/08\/fotokniha.jpg\" alt=\"\" width=\"1000\" height=\"667\" srcset=\"https:\/\/www.empikfoto.sk\/blog\/empikfoto\/2020\/08\/fotokniha.jpg 1000w, https:\/\/www.empikfoto.sk\/blog\/empikfoto\/2020\/08\/fotokniha-300x200.jpg 300w, https:\/\/www.empikfoto.sk\/blog\/empikfoto\/2020\/08\/fotokniha-768x512.jpg 768w, https:\/\/www.empikfoto.sk\/blog\/empikfoto\/2020\/08\/fotokniha-330x220.jpg 330w, https:\/\/www.empikfoto.sk\/blog\/empikfoto\/2020\/08\/fotokniha-400x267.jpg 400w\" sizes=\"(max-width: 1000px) 100vw, 1000px\" \/><\/p>\n<p>Kedy sa oplat\u00ed vytvori\u0165 knihu fotografi\u00ed? Tu je nieko\u013eko pr\u00edkladov:<\/p>\n<h2><strong>Fotokniha k narodenin\u00e1m a v\u00fdro\u010diam<\/strong><\/h2>\n<p>Fotokniha je skvel\u00fdm dar\u010dekom pre Va\u0161e svadobn\u00e9 v\u00fdro\u010die. T\u00fdmto sp\u00f4sobom mo\u017eno pripomen\u00fa\u0165 narodeninov\u00fdm oslav\u00e1m kr\u00e1sne chv\u00edle, ktor\u00e9 spolu str\u00e1vili. Fotokniha bude tie\u017e sl\u00fa\u017ei\u0165 ako dar\u010dek k narodenin\u00e1m pre milovan\u00fa osobu, napr\u00edklad priate\u013ea. M\u00f4\u017eete v \u0148om prezentova\u0165 svoje najz\u00e1bavnej\u0161ie fotografie a op\u00edsa\u0165 ich pomocou vtipn\u00fdch \u017eart\u00edkov, ktor\u00e9 bud\u00fa zrozumite\u013en\u00e9 iba pre V\u00e1s.<\/p>\n<p><a href=\"https:\/\/www.empikfoto.sk\/fotoknihy\/temy\/svadba\"><img loading=\"lazy\" decoding=\"async\" class=\"size-large wp-image-8843 aligncenter\" src=\"https:\/\/blog.empikfoto.sk\/empikfoto\/2020\/08\/empik-foto-sesja-maj-26-of-167-min-1024x683.jpg\" alt=\"\" width=\"1024\" height=\"683\" srcset=\"https:\/\/www.empikfoto.sk\/blog\/empikfoto\/2020\/08\/empik-foto-sesja-maj-26-of-167-min-1024x683.jpg 1024w, https:\/\/www.empikfoto.sk\/blog\/empikfoto\/2020\/08\/empik-foto-sesja-maj-26-of-167-min-300x200.jpg 300w, https:\/\/www.empikfoto.sk\/blog\/empikfoto\/2020\/08\/empik-foto-sesja-maj-26-of-167-min-768x512.jpg 768w, https:\/\/www.empikfoto.sk\/blog\/empikfoto\/2020\/08\/empik-foto-sesja-maj-26-of-167-min-330x220.jpg 330w, https:\/\/www.empikfoto.sk\/blog\/empikfoto\/2020\/08\/empik-foto-sesja-maj-26-of-167-min-400x267.jpg 400w\" sizes=\"(max-width: 1024px) 100vw, 1024px\" \/><\/a><\/p>\n<h2><strong>Fotokniha z pr\u00e1zdnin<\/strong><\/h2>\n<p>N\u00e1vrat z dovolenky do ka\u017edodenn\u00e9ho \u017eivota \u010dasto nie je najpr\u00edjemnej\u0161ou udalos\u0165ou. Aby ste si pam\u00e4tali chv\u00edle str\u00e1ven\u00e9 v prekr\u00e1snych miestach \u010do najdlh\u0161iu dobu, pripravte si fotoknihu, do ktorej prid\u00e1te fotografie z Va\u0161ej poslednej cesty. Pri jej prehliadan\u00ed sa na chv\u00ed\u013eu dostanete sp\u00e4\u0165 na pieso\u010dnat\u00fa pl\u00e1\u017e alebo na vrchol hory.<\/p>\n<p><a href=\"https:\/\/www.empikfoto.sk\/fotoknihy\/temy\/prazdniny\"><img loading=\"lazy\" decoding=\"async\" class=\"size-large wp-image-8844 aligncenter\" src=\"https:\/\/blog.empikfoto.sk\/empikfoto\/2020\/08\/fotokniha-1-1024x390.jpg\" alt=\"\" width=\"1024\" height=\"390\" srcset=\"https:\/\/www.empikfoto.sk\/blog\/empikfoto\/2020\/08\/fotokniha-1-1024x390.jpg 1024w, https:\/\/www.empikfoto.sk\/blog\/empikfoto\/2020\/08\/fotokniha-1-300x114.jpg 300w, https:\/\/www.empikfoto.sk\/blog\/empikfoto\/2020\/08\/fotokniha-1-768x293.jpg 768w, https:\/\/www.empikfoto.sk\/blog\/empikfoto\/2020\/08\/fotokniha-1-400x152.jpg 400w, https:\/\/www.empikfoto.sk\/blog\/empikfoto\/2020\/08\/fotokniha-1.jpg 1178w\" sizes=\"(max-width: 1024px) 100vw, 1024px\" \/><\/a><\/p>\n<h2><strong>Fotokniha ako dar\u010dek <\/strong><\/h2>\n<p>Stoj\u00ed za to pripravi\u0165 fotoknihu&#8230; aj bez pr\u00edle\u017eitosti. Dajte svojim bl\u00edzkym fotoknihu a pripome\u0148te im, ako ste systematicky vyv\u00edjali fotografie. Umo\u017enite spolo\u010dn\u00e9 prezeranie fotografi\u00ed a vyvolajte pozit\u00edvne em\u00f3cie a povzbudzujte ich, aby ste pravidelne vytv\u00e1rali rodinn\u00e9 albumy.<\/p>\n<p><img loading=\"lazy\" decoding=\"async\" class=\"size-large wp-image-8845 aligncenter\" src=\"https:\/\/blog.empikfoto.sk\/empikfoto\/2020\/08\/fotokniha-2-1024x699.jpg\" alt=\"\" width=\"1024\" height=\"699\" srcset=\"https:\/\/www.empikfoto.sk\/blog\/empikfoto\/2020\/08\/fotokniha-2-1024x699.jpg 1024w, https:\/\/www.empikfoto.sk\/blog\/empikfoto\/2020\/08\/fotokniha-2-300x205.jpg 300w, https:\/\/www.empikfoto.sk\/blog\/empikfoto\/2020\/08\/fotokniha-2-768x524.jpg 768w, https:\/\/www.empikfoto.sk\/blog\/empikfoto\/2020\/08\/fotokniha-2-400x273.jpg 400w\" sizes=\"(max-width: 1024px) 100vw, 1024px\" \/><\/p>\n<h2><strong>Stvor vlastn\u00fa fotoknihu s Empik Foto<\/strong><\/h2>\n<p>Prostredn\u00edctvom na\u0161ej ponuky m\u00f4\u017eete r\u00fdchlo a \u013eahko pripravi\u0165 svoju vlastn\u00fa knihu fotografi\u00ed, ktor\u00e1 uk\u00e1\u017ee momenty pod\u013ea V\u00e1\u0161ho v\u00fdberu. V\u017edy sa m\u00f4\u017eete spo\u013eahn\u00fa\u0165 na atrakt\u00edvne akcie, v\u010faka ktor\u00fdm si m\u00f4\u017eete objedna\u0165 knihu fotografi\u00ed za skvel\u00fa cenu.<\/p>\n<p><img loading=\"lazy\" decoding=\"async\" class=\"size-large wp-image-8850 aligncenter\" src=\"https:\/\/blog.empikfoto.sk\/empikfoto\/2020\/08\/fotokniha-3-1024x695.jpg\" alt=\"\" width=\"1024\" height=\"695\" srcset=\"https:\/\/www.empikfoto.sk\/blog\/empikfoto\/2020\/08\/fotokniha-3-1024x695.jpg 1024w, https:\/\/www.empikfoto.sk\/blog\/empikfoto\/2020\/08\/fotokniha-3-300x204.jpg 300w, https:\/\/www.empikfoto.sk\/blog\/empikfoto\/2020\/08\/fotokniha-3-768x521.jpg 768w, https:\/\/www.empikfoto.sk\/blog\/empikfoto\/2020\/08\/fotokniha-3-400x272.jpg 400w, https:\/\/www.empikfoto.sk\/blog\/empikfoto\/2020\/08\/fotokniha-3.jpg 1096w\" sizes=\"(max-width: 1024px) 100vw, 1024px\" \/><\/p>\n<p><a href=\"https:\/\/www.empikfoto.sk\/fotokniha,sialene-leto\">Vyu\u017eite svoju kreativitu a vlo\u017ete svoje spomienky na papier!<\/a><\/p>\n","protected":false},"excerpt":{"rendered":"<p>Svadobn\u00e9 v\u00fdro\u010die priate\u013eov, n\u00e1vrat z dovolenky alebo narodeniny die\u0165a\u0165a &#8211; to s\u00fa pr\u00edklady kedy je dobr\u00fd \u010das\u00a0 aby ste si vytvorili vlastn\u00fa knihu fotografi\u00ed. Pozrite sa, ako vytvori\u0165 fotografick\u00fa knihu, ktor\u00e1 bude perfektn\u00fdm dar\u010dekom pre Va\u0161ich bl\u00edzkych, alebo V\u00e1m umo\u017en\u00ed predstavi\u0165 si najkraj\u0161ie chv\u00edle V\u00e1\u0161ho \u017eivota v mimoriadne estetickej podobe.<\/p>\n","protected":false},"author":19,"featured_media":8846,"comment_status":"open","ping_status":"closed","sticky":false,"template":"","format":"standard","meta":{"footnotes":""},"categories":[783],"tags":[],"yoast_head":"<!-- This site is optimized with the Yoast SEO plugin v23.0 - https:\/\/yoast.com\/wordpress\/plugins\/seo\/ -->\n<title>Ako vytvori\u0165 fotoknihu a zapam\u00e4ta\u0165 si spomienky \u010do najdlh\u0161ie? | blog.empikfoto.sk<\/title>\n<meta name=\"robots\" content=\"index, follow, max-snippet:-1, max-image-preview:large, max-video-preview:-1\" \/>\n<link rel=\"canonical\" href=\"https:\/\/www.empikfoto.sk\/blog\/ako-vytvorit-fotoknihu-zapamatat-si-spomienky-co-najdlhsie\/\" \/>\n<meta property=\"og:locale\" content=\"pl_PL\" \/>\n<meta property=\"og:type\" content=\"article\" \/>\n<meta property=\"og:title\" content=\"Ako vytvori\u0165 fotoknihu a zapam\u00e4ta\u0165 si spomienky \u010do najdlh\u0161ie? | blog.empikfoto.sk\" \/>\n<meta property=\"og:description\" content=\"Svadobn\u00e9 v\u00fdro\u010die priate\u013eov, n\u00e1vrat z dovolenky alebo narodeniny die\u0165a\u0165a &#8211; to s\u00fa pr\u00edklady kedy je dobr\u00fd \u010das\u00a0 aby ste si vytvorili vlastn\u00fa knihu fotografi\u00ed. Pozrite sa, ako vytvori\u0165 fotografick\u00fa knihu, ktor\u00e1 bude perfektn\u00fdm dar\u010dekom pre Va\u0161ich bl\u00edzkych, alebo V\u00e1m umo\u017en\u00ed predstavi\u0165 si najkraj\u0161ie chv\u00edle V\u00e1\u0161ho \u017eivota v mimoriadne estetickej podobe.\" \/>\n<meta property=\"og:url\" content=\"https:\/\/www.empikfoto.sk\/blog\/ako-vytvorit-fotoknihu-zapamatat-si-spomienky-co-najdlhsie\/\" \/>\n<meta property=\"og:site_name\" content=\"blog.empikfoto.sk\" \/>\n<meta property=\"article:publisher\" content=\"https:\/\/www.facebook.com\/empikfotopl\/\" \/>\n<meta property=\"article:published_time\" content=\"2020-08-28T08:46:24+00:00\" \/>\n<meta property=\"og:image\" content=\"https:\/\/www.empikfoto.sk\/blog\/empikfoto\/2020\/08\/ako-vytvorit-fotoknihu.jpg\" \/>\n\t<meta property=\"og:image:width\" content=\"4326\" \/>\n\t<meta property=\"og:image:height\" content=\"2888\" \/>\n\t<meta property=\"og:image:type\" content=\"image\/jpeg\" \/>\n<meta name=\"author\" content=\"Lenka\" \/>\n<meta name=\"twitter:card\" content=\"summary_large_image\" \/>\n<meta name=\"twitter:creator\" content=\"@empikfoto\" \/>\n<meta name=\"twitter:site\" content=\"@empikfoto\" \/>\n<meta name=\"twitter:label1\" content=\"Napisane przez\" \/>\n\t<meta name=\"twitter:data1\" content=\"Lenka\" \/>\n\t<meta name=\"twitter:label2\" content=\"Szacowany czas czytania\" \/>\n\t<meta name=\"twitter:data2\" content=\"3 minuty\" \/>\n<script type=\"application\/ld+json\" class=\"yoast-schema-graph\">{\"@context\":\"https:\/\/schema.org\",\"@graph\":[{\"@type\":\"WebPage\",\"@id\":\"https:\/\/www.empikfoto.sk\/blog\/ako-vytvorit-fotoknihu-zapamatat-si-spomienky-co-najdlhsie\/\",\"url\":\"https:\/\/www.empikfoto.sk\/blog\/ako-vytvorit-fotoknihu-zapamatat-si-spomienky-co-najdlhsie\/\",\"name\":\"Ako vytvori\u0165 fotoknihu a zapam\u00e4ta\u0165 si spomienky \u010do najdlh\u0161ie? | blog.empikfoto.sk\",\"isPartOf\":{\"@id\":\"https:\/\/www.empikfoto.sk\/blog\/#website\"},\"primaryImageOfPage\":{\"@id\":\"https:\/\/www.empikfoto.sk\/blog\/ako-vytvorit-fotoknihu-zapamatat-si-spomienky-co-najdlhsie\/#primaryimage\"},\"image\":{\"@id\":\"https:\/\/www.empikfoto.sk\/blog\/ako-vytvorit-fotoknihu-zapamatat-si-spomienky-co-najdlhsie\/#primaryimage\"},\"thumbnailUrl\":\"https:\/\/www.empikfoto.sk\/blog\/empikfoto\/2020\/08\/ako-vytvorit-fotoknihu.jpg\",\"datePublished\":\"2020-08-28T08:46:24+00:00\",\"dateModified\":\"2020-08-28T08:46:24+00:00\",\"author\":{\"@id\":\"https:\/\/www.empikfoto.sk\/blog\/#\/schema\/person\/21a64f3f9f42e429f123b55e19f03c79\"},\"breadcrumb\":{\"@id\":\"https:\/\/www.empikfoto.sk\/blog\/ako-vytvorit-fotoknihu-zapamatat-si-spomienky-co-najdlhsie\/#breadcrumb\"},\"inLanguage\":\"pl-PL\",\"potentialAction\":[{\"@type\":\"ReadAction\",\"target\":[\"https:\/\/www.empikfoto.sk\/blog\/ako-vytvorit-fotoknihu-zapamatat-si-spomienky-co-najdlhsie\/\"]}]},{\"@type\":\"ImageObject\",\"inLanguage\":\"pl-PL\",\"@id\":\"https:\/\/www.empikfoto.sk\/blog\/ako-vytvorit-fotoknihu-zapamatat-si-spomienky-co-najdlhsie\/#primaryimage\",\"url\":\"https:\/\/www.empikfoto.sk\/blog\/empikfoto\/2020\/08\/ako-vytvorit-fotoknihu.jpg\",\"contentUrl\":\"https:\/\/www.empikfoto.sk\/blog\/empikfoto\/2020\/08\/ako-vytvorit-fotoknihu.jpg\",\"width\":4326,\"height\":2888,\"caption\":\"ako vytvorit fotoknihu\"},{\"@type\":\"BreadcrumbList\",\"@id\":\"https:\/\/www.empikfoto.sk\/blog\/ako-vytvorit-fotoknihu-zapamatat-si-spomienky-co-najdlhsie\/#breadcrumb\",\"itemListElement\":[{\"@type\":\"ListItem\",\"position\":1,\"name\":\"Home\",\"item\":\"https:\/\/www.empikfoto.sk\/blog\/\"},{\"@type\":\"ListItem\",\"position\":2,\"name\":\"Ako vytvori\u0165 fotoknihu a zapam\u00e4ta\u0165 si spomienky \u010do najdlh\u0161ie?\"}]},{\"@type\":\"WebSite\",\"@id\":\"https:\/\/www.empikfoto.sk\/blog\/#website\",\"url\":\"https:\/\/www.empikfoto.sk\/blog\/\",\"name\":\"blog.empikfoto.sk\",\"description\":\"Zozn\u00e1mte empikfoto.sk zvn\u00fatra! Z\u00edskajte viac inform\u00e1ci\u00ed o v\u00fdtla\u010dkoch, fotoknih\u00e1ch a fotografi\u00e1ch.\",\"potentialAction\":[{\"@type\":\"SearchAction\",\"target\":{\"@type\":\"EntryPoint\",\"urlTemplate\":\"https:\/\/www.empikfoto.sk\/blog\/?s={search_term_string}\"},\"query-input\":\"required name=search_term_string\"}],\"inLanguage\":\"pl-PL\"},{\"@type\":\"Person\",\"@id\":\"https:\/\/www.empikfoto.sk\/blog\/#\/schema\/person\/21a64f3f9f42e429f123b55e19f03c79\",\"name\":\"Lenka\",\"image\":{\"@type\":\"ImageObject\",\"inLanguage\":\"pl-PL\",\"@id\":\"https:\/\/www.empikfoto.sk\/blog\/#\/schema\/person\/image\/\",\"url\":\"https:\/\/secure.gravatar.com\/avatar\/367712963d3bfb4d4def2f08d664c7b9?s=96&d=identicon&r=g\",\"contentUrl\":\"https:\/\/secure.gravatar.com\/avatar\/367712963d3bfb4d4def2f08d664c7b9?s=96&d=identicon&r=g\",\"caption\":\"Lenka\"},\"url\":\"https:\/\/www.empikfoto.sk\/blog\/author\/klaudia\/\"}]}<\/script>\n<!-- \/ Yoast SEO plugin. -->","yoast_head_json":{"title":"Ako vytvori\u0165 fotoknihu a zapam\u00e4ta\u0165 si spomienky \u010do najdlh\u0161ie? | blog.empikfoto.sk","robots":{"index":"index","follow":"follow","max-snippet":"max-snippet:-1","max-image-preview":"max-image-preview:large","max-video-preview":"max-video-preview:-1"},"canonical":"https:\/\/www.empikfoto.sk\/blog\/ako-vytvorit-fotoknihu-zapamatat-si-spomienky-co-najdlhsie\/","og_locale":"pl_PL","og_type":"article","og_title":"Ako vytvori\u0165 fotoknihu a zapam\u00e4ta\u0165 si spomienky \u010do najdlh\u0161ie? | blog.empikfoto.sk","og_description":"Svadobn\u00e9 v\u00fdro\u010die priate\u013eov, n\u00e1vrat z dovolenky alebo narodeniny die\u0165a\u0165a &#8211; to s\u00fa pr\u00edklady kedy je dobr\u00fd \u010das\u00a0 aby ste si vytvorili vlastn\u00fa knihu fotografi\u00ed. Pozrite sa, ako vytvori\u0165 fotografick\u00fa knihu, ktor\u00e1 bude perfektn\u00fdm dar\u010dekom pre Va\u0161ich bl\u00edzkych, alebo V\u00e1m umo\u017en\u00ed predstavi\u0165 si najkraj\u0161ie chv\u00edle V\u00e1\u0161ho \u017eivota v mimoriadne estetickej podobe.","og_url":"https:\/\/www.empikfoto.sk\/blog\/ako-vytvorit-fotoknihu-zapamatat-si-spomienky-co-najdlhsie\/","og_site_name":"blog.empikfoto.sk","article_publisher":"https:\/\/www.facebook.com\/empikfotopl\/","article_published_time":"2020-08-28T08:46:24+00:00","og_image":[{"width":4326,"height":2888,"url":"https:\/\/www.empikfoto.sk\/blog\/empikfoto\/2020\/08\/ako-vytvorit-fotoknihu.jpg","type":"image\/jpeg"}],"author":"Lenka","twitter_card":"summary_large_image","twitter_creator":"@empikfoto","twitter_site":"@empikfoto","twitter_misc":{"Napisane przez":"Lenka","Szacowany czas czytania":"3 minuty"},"schema":{"@context":"https:\/\/schema.org","@graph":[{"@type":"WebPage","@id":"https:\/\/www.empikfoto.sk\/blog\/ako-vytvorit-fotoknihu-zapamatat-si-spomienky-co-najdlhsie\/","url":"https:\/\/www.empikfoto.sk\/blog\/ako-vytvorit-fotoknihu-zapamatat-si-spomienky-co-najdlhsie\/","name":"Ako vytvori\u0165 fotoknihu a zapam\u00e4ta\u0165 si spomienky \u010do najdlh\u0161ie? | blog.empikfoto.sk","isPartOf":{"@id":"https:\/\/www.empikfoto.sk\/blog\/#website"},"primaryImageOfPage":{"@id":"https:\/\/www.empikfoto.sk\/blog\/ako-vytvorit-fotoknihu-zapamatat-si-spomienky-co-najdlhsie\/#primaryimage"},"image":{"@id":"https:\/\/www.empikfoto.sk\/blog\/ako-vytvorit-fotoknihu-zapamatat-si-spomienky-co-najdlhsie\/#primaryimage"},"thumbnailUrl":"https:\/\/www.empikfoto.sk\/blog\/empikfoto\/2020\/08\/ako-vytvorit-fotoknihu.jpg","datePublished":"2020-08-28T08:46:24+00:00","dateModified":"2020-08-28T08:46:24+00:00","author":{"@id":"https:\/\/www.empikfoto.sk\/blog\/#\/schema\/person\/21a64f3f9f42e429f123b55e19f03c79"},"breadcrumb":{"@id":"https:\/\/www.empikfoto.sk\/blog\/ako-vytvorit-fotoknihu-zapamatat-si-spomienky-co-najdlhsie\/#breadcrumb"},"inLanguage":"pl-PL","potentialAction":[{"@type":"ReadAction","target":["https:\/\/www.empikfoto.sk\/blog\/ako-vytvorit-fotoknihu-zapamatat-si-spomienky-co-najdlhsie\/"]}]},{"@type":"ImageObject","inLanguage":"pl-PL","@id":"https:\/\/www.empikfoto.sk\/blog\/ako-vytvorit-fotoknihu-zapamatat-si-spomienky-co-najdlhsie\/#primaryimage","url":"https:\/\/www.empikfoto.sk\/blog\/empikfoto\/2020\/08\/ako-vytvorit-fotoknihu.jpg","contentUrl":"https:\/\/www.empikfoto.sk\/blog\/empikfoto\/2020\/08\/ako-vytvorit-fotoknihu.jpg","width":4326,"height":2888,"caption":"ako vytvorit fotoknihu"},{"@type":"BreadcrumbList","@id":"https:\/\/www.empikfoto.sk\/blog\/ako-vytvorit-fotoknihu-zapamatat-si-spomienky-co-najdlhsie\/#breadcrumb","itemListElement":[{"@type":"ListItem","position":1,"name":"Home","item":"https:\/\/www.empikfoto.sk\/blog\/"},{"@type":"ListItem","position":2,"name":"Ako vytvori\u0165 fotoknihu a zapam\u00e4ta\u0165 si spomienky \u010do najdlh\u0161ie?"}]},{"@type":"WebSite","@id":"https:\/\/www.empikfoto.sk\/blog\/#website","url":"https:\/\/www.empikfoto.sk\/blog\/","name":"blog.empikfoto.sk","description":"Zozn\u00e1mte empikfoto.sk zvn\u00fatra! Z\u00edskajte viac inform\u00e1ci\u00ed o v\u00fdtla\u010dkoch, fotoknih\u00e1ch a fotografi\u00e1ch.","potentialAction":[{"@type":"SearchAction","target":{"@type":"EntryPoint","urlTemplate":"https:\/\/www.empikfoto.sk\/blog\/?s={search_term_string}"},"query-input":"required name=search_term_string"}],"inLanguage":"pl-PL"},{"@type":"Person","@id":"https:\/\/www.empikfoto.sk\/blog\/#\/schema\/person\/21a64f3f9f42e429f123b55e19f03c79","name":"Lenka","image":{"@type":"ImageObject","inLanguage":"pl-PL","@id":"https:\/\/www.empikfoto.sk\/blog\/#\/schema\/person\/image\/","url":"https:\/\/secure.gravatar.com\/avatar\/367712963d3bfb4d4def2f08d664c7b9?s=96&d=identicon&r=g","contentUrl":"https:\/\/secure.gravatar.com\/avatar\/367712963d3bfb4d4def2f08d664c7b9?s=96&d=identicon&r=g","caption":"Lenka"},"url":"https:\/\/www.empikfoto.sk\/blog\/author\/klaudia\/"}]}},"_links":{"self":[{"href":"https:\/\/www.empikfoto.sk\/blog\/wp-json\/wp\/v2\/posts\/8841"}],"collection":[{"href":"https:\/\/www.empikfoto.sk\/blog\/wp-json\/wp\/v2\/posts"}],"about":[{"href":"https:\/\/www.empikfoto.sk\/blog\/wp-json\/wp\/v2\/types\/post"}],"author":[{"embeddable":true,"href":"https:\/\/www.empikfoto.sk\/blog\/wp-json\/wp\/v2\/users\/19"}],"replies":[{"embeddable":true,"href":"https:\/\/www.empikfoto.sk\/blog\/wp-json\/wp\/v2\/comments?post=8841"}],"version-history":[{"count":2,"href":"https:\/\/www.empikfoto.sk\/blog\/wp-json\/wp\/v2\/posts\/8841\/revisions"}],"predecessor-version":[{"id":8851,"href":"https:\/\/www.empikfoto.sk\/blog\/wp-json\/wp\/v2\/posts\/8841\/revisions\/8851"}],"wp:featuredmedia":[{"embeddable":true,"href":"https:\/\/www.empikfoto.sk\/blog\/wp-json\/wp\/v2\/media\/8846"}],"wp:attachment":[{"href":"https:\/\/www.empikfoto.sk\/blog\/wp-json\/wp\/v2\/media?parent=8841"}],"wp:term":[{"taxonomy":"category","embeddable":true,"href":"https:\/\/www.empikfoto.sk\/blog\/wp-json\/wp\/v2\/categories?post=8841"},{"taxonomy":"post_tag","embeddable":true,"href":"https:\/\/www.empikfoto.sk\/blog\/wp-json\/wp\/v2\/tags?post=8841"}],"curies":[{"name":"wp","href":"https:\/\/api.w.org\/{rel}","templated":true}]}}