{"id":8811,"date":"2020-06-04T11:23:56","date_gmt":"2020-06-04T09:23:56","guid":{"rendered":"https:\/\/blog.empikfoto.sk\/?p=8811"},"modified":"2020-06-04T11:33:03","modified_gmt":"2020-06-04T09:33:03","slug":"darcek-ku-dnu-otcov-anebo-co-naozaj-potesi-vasho-ocina","status":"publish","type":"post","link":"https:\/\/www.empikfoto.sk\/blog\/darcek-ku-dnu-otcov-anebo-co-naozaj-potesi-vasho-ocina\/","title":{"rendered":"Dar\u010dek ku d\u0148u otcov alebo \u010do naozaj pote\u0161\u00ed v\u00e1\u0161ho ocina"},"content":{"rendered":"<p>Ak si mysl\u00edte, \u017ee V\u00e1\u0161 ocko bude nad\u0161en\u00fd z \u010fal\u0161\u00edch pono\u017eiek alebo kravaty, je mo\u017en\u00e9, \u017ee budete sklaman\u00ed. Bude ur\u010dite spokojn\u00fd, \u017ee si na neho ku D\u0148u otcov pam\u00e4t\u00e1te, ale tak\u00e9 dar\u010deky neurobia ve\u013ek\u00fd dojem. D\u00f4le\u017eit\u00e1 pre dobr\u00fd dar\u010dek nie je cena, ale sk\u00f4r n\u00e1pad. \u010co k\u00fapi\u0165 ku D\u0148u otcov?<!--more--><\/p>\n<p>Ve\u013ea \u013eud\u00ed tvrd\u00ed, \u017ee to nie je \u0165a\u017ek\u00e9, ale n\u00e1js\u0165 dobr\u00fd dar\u010dek pre tatina je ob\u010das celkom \u00faloha. Niekedy tu\u0161\u00edte, o \u010dom otecko sn\u00edva alebo \u010do mu ch\u00fdba, ale v\u00e4\u010d\u0161inou nie je dobr\u00fd n\u00e1pad hne\u010f od ruky. Sk\u00faste sa zamyslie\u0165, \u010do by V\u00e1\u0161mu oteckovi zjednodu\u0161ilo ka\u017edodenn\u00fd \u017eivot a \u010do by mu pomohlo rozv\u00edja\u0165 jeho kon\u00ed\u010dky.<\/p>\n<h2>Kr\u00ed\u017eom kr\u00e1\u017eom alebo skvel\u00fd dar\u010dek pre otecka cestovate\u013ea<\/h2>\n<p>Ak V\u00e1\u0161 otecko je v\u00e1\u0161niv\u00fdm cestovate\u013eom, ur\u010dite v\u00e4\u010d\u0161inu \u010dasu bu\u010f spom\u00edna posledn\u00fa cestu alebo pl\u00e1nuje \u010fal\u0161ie. A \u010do keby ste usporiadali jeho cestovn\u00e9 fotografie a dali ich dokopy ako <a href=\"https:\/\/www.empikfoto.sk\/fotoknihy\">pr\u00edbeh formou fotoknihy<\/a>? Tak\u00e1to fotokniha bude skvelou pamiatkou, ktorou sa otecko pochv\u00e1li priate\u013eom. Dobr\u00fdm n\u00e1padom bude aj zve\u010dnenie najlep\u0161\u00edch cestovn\u00fdch sn\u00edmok <a href=\"https:\/\/www.empikfoto.sk\/vyzdoba-interieru\/fotoplagaty\">formou plag\u00e1tov, ktor\u00e9 potom vyzdob\u00ed stenu v ob\u00fdva\u010dke<\/a>.<\/p>\n<p><img loading=\"lazy\" decoding=\"async\" class=\"wp-image-8816 size-large aligncenter\" src=\"https:\/\/blog.empikfoto.sk\/empikfoto\/2020\/06\/darek-pro-tatinka-4-683x1024.jpg\" alt=\"darcek pre tatinka 4\" width=\"683\" height=\"1024\" srcset=\"https:\/\/www.empikfoto.sk\/blog\/empikfoto\/2020\/06\/darek-pro-tatinka-4-683x1024.jpg 683w, https:\/\/www.empikfoto.sk\/blog\/empikfoto\/2020\/06\/darek-pro-tatinka-4-200x300.jpg 200w, https:\/\/www.empikfoto.sk\/blog\/empikfoto\/2020\/06\/darek-pro-tatinka-4-768x1151.jpg 768w, https:\/\/www.empikfoto.sk\/blog\/empikfoto\/2020\/06\/darek-pro-tatinka-4-400x600.jpg 400w\" sizes=\"(max-width: 683px) 100vw, 683px\" \/><\/p>\n<h2>Na pln\u00e9 obr\u00e1tky alebo dar\u010dek pre zanepr\u00e1zdnen\u00e9ho otecka<\/h2>\n<p>Ak v r\u00e1mci svojej pr\u00e1ce V\u00e1\u0161 otecko tr\u00e1vi v\u00e4\u010d\u0161inu \u010dasu v kancel\u00e1rii, rozhodne ho pote\u0161\u00ed <a href=\"https:\/\/www.empikfoto.sk\/vyzdoba-interieru\/fotopanely\">kr\u00e1sny fotopanel s fotografiou<\/a>, ktor\u00fa si potom postav\u00ed na pracovn\u00fd st\u00f4l. Hlin\u00edkov\u00fd fotopanel bude elegantnou alternat\u00edvou pre fotku v r\u00e1m\u010deku. Tak\u00e1to fotografie oteckovi vyvol\u00e1 \u00fasmev na tv\u00e1ri ka\u017ed\u00fd pracovn\u00fd de\u0148.<\/p>\n<p><img loading=\"lazy\" decoding=\"async\" class=\"wp-image-8812 size-large aligncenter\" src=\"https:\/\/blog.empikfoto.sk\/empikfoto\/2020\/06\/darek-pro-tatinka-min-1024x681.jpg\" alt=\"darcek pre tatinka\" width=\"1024\" height=\"681\" srcset=\"https:\/\/www.empikfoto.sk\/blog\/empikfoto\/2020\/06\/darek-pro-tatinka-min-1024x681.jpg 1024w, https:\/\/www.empikfoto.sk\/blog\/empikfoto\/2020\/06\/darek-pro-tatinka-min-300x200.jpg 300w, https:\/\/www.empikfoto.sk\/blog\/empikfoto\/2020\/06\/darek-pro-tatinka-min-768x511.jpg 768w, https:\/\/www.empikfoto.sk\/blog\/empikfoto\/2020\/06\/darek-pro-tatinka-min-330x220.jpg 330w, https:\/\/www.empikfoto.sk\/blog\/empikfoto\/2020\/06\/darek-pro-tatinka-min-400x266.jpg 400w\" sizes=\"(max-width: 1024px) 100vw, 1024px\" \/><\/p>\n<h2>\u0160t\u00fdlovo na ka\u017ed\u00fd de\u0148<\/h2>\n<p>V\u00e1\u0161 tato m\u00e1 r\u00e1d zauj\u00edmav\u00e9 doplnky? Bude sa mu p\u00e1\u010di\u0165 <a href=\"https:\/\/www.empikfoto.sk\/obaly-kryty-s-vlastnou-potlacou\">obal na mobil<\/a>. Obal m\u00f4\u017eete personalizova\u0165 pod\u013ea seba &#8211; pridajte ob\u013e\u00faben\u00fa fotku, vtipn\u00fa pozn\u00e1mku, grafiku alebo r\u00e1m\u010dek. Tak\u00e1to osobn\u00e1 mali\u010dkos\u0165 iste oteckovi ka\u017ed\u00fd de\u0148 zlep\u0161\u00ed n\u00e1ladu.<\/p>\n<p><img loading=\"lazy\" decoding=\"async\" class=\"wp-image-8813 size-large aligncenter\" src=\"https:\/\/blog.empikfoto.sk\/empikfoto\/2020\/06\/darek-pro-tatinka-2-1024x683.jpg\" alt=\"darcek pre tatinka\" width=\"1024\" height=\"683\" srcset=\"https:\/\/www.empikfoto.sk\/blog\/empikfoto\/2020\/06\/darek-pro-tatinka-2-1024x683.jpg 1024w, https:\/\/www.empikfoto.sk\/blog\/empikfoto\/2020\/06\/darek-pro-tatinka-2-300x200.jpg 300w, https:\/\/www.empikfoto.sk\/blog\/empikfoto\/2020\/06\/darek-pro-tatinka-2-768x512.jpg 768w, https:\/\/www.empikfoto.sk\/blog\/empikfoto\/2020\/06\/darek-pro-tatinka-2-330x220.jpg 330w, https:\/\/www.empikfoto.sk\/blog\/empikfoto\/2020\/06\/darek-pro-tatinka-2-400x267.jpg 400w\" sizes=\"(max-width: 1024px) 100vw, 1024px\" \/><\/p>\n<h2>Spolo\u010dne str\u00e1ven\u00fd \u010das<\/h2>\n<p>\u00c1no, spolo\u010dn\u00e1 aktivita m\u00f4\u017ee by\u0165 t\u00fdm najvz\u00e1cnej\u0161\u00edm dar\u010dekom. V s\u00fa\u010dasnej dobe tr\u00e1vime m\u00e1lo \u010dasu s rodi\u010dmi a rozhodne stoj\u00ed za to to zmeni\u0165. Pr\u00e1ve De\u0148 otcov m\u00f4\u017ee by\u0165 pre V\u00e1s bodom zlomu. Darujte oteckovi l\u00edstok na z\u00e1pas jeho ob\u013e\u00faben\u00e9ho mu\u017estva a k\u00fapte aj druh\u00fd pre seba. M\u00f4\u017eete otecka pozva\u0165 aj do kina alebo divadla. \u010eal\u0161ou mo\u017enos\u0165ou je spolo\u010dn\u00e9 posedenie pri pive, kde sa bude skvel\u00e9 hodi\u0165 <a href=\"https:\/\/www.empikfoto.sk\/fotodarceky\/pivne-pohare\">personalizovan\u00fd polliter s grav\u00edrovan\u00edm<\/a>. M\u00f4\u017eete tie\u017e jednoducho spolu str\u00e1vi\u0165 popoludnie a prezera\u0165 si star\u00e9 fotografie. Spolo\u010dne str\u00e1ven\u00fd \u010das V\u00e1m dovol\u00ed nanovo objavi\u0165 rados\u0165 spojen\u00fa so vz\u00e1jomnou spolo\u010dnos\u0165ou.<\/p>\n<p><img loading=\"lazy\" decoding=\"async\" class=\"wp-image-8815 size-large aligncenter\" src=\"https:\/\/blog.empikfoto.sk\/empikfoto\/2020\/06\/prezent-dla-taty2-697x1024.jpg\" alt=\"darcek pre tatinka\" width=\"697\" height=\"1024\" srcset=\"https:\/\/www.empikfoto.sk\/blog\/empikfoto\/2020\/06\/prezent-dla-taty2-697x1024.jpg 697w, https:\/\/www.empikfoto.sk\/blog\/empikfoto\/2020\/06\/prezent-dla-taty2-204x300.jpg 204w, https:\/\/www.empikfoto.sk\/blog\/empikfoto\/2020\/06\/prezent-dla-taty2-768x1129.jpg 768w, https:\/\/www.empikfoto.sk\/blog\/empikfoto\/2020\/06\/prezent-dla-taty2-400x588.jpg 400w\" sizes=\"(max-width: 697px) 100vw, 697px\" \/><\/p>\n","protected":false},"excerpt":{"rendered":"<p>Ak si mysl\u00edte, \u017ee V\u00e1\u0161 ocko bude nad\u0161en\u00fd z \u010fal\u0161\u00edch pono\u017eiek alebo kravaty, je mo\u017en\u00e9, \u017ee budete sklaman\u00ed. Bude ur\u010dite spokojn\u00fd, \u017ee si na neho ku D\u0148u otcov pam\u00e4t\u00e1te, ale tak\u00e9 dar\u010deky neurobia ve\u013ek\u00fd dojem. D\u00f4le\u017eit\u00e1 pre dobr\u00fd dar\u010dek nie je cena, ale sk\u00f4r n\u00e1pad. \u010co k\u00fapi\u0165 ku D\u0148u otcov?<\/p>\n","protected":false},"author":19,"featured_media":8814,"comment_status":"open","ping_status":"closed","sticky":false,"template":"","format":"standard","meta":{"footnotes":""},"categories":[783],"tags":[],"yoast_head":"<!-- This site is optimized with the Yoast SEO plugin v23.0 - https:\/\/yoast.com\/wordpress\/plugins\/seo\/ -->\n<title>Dar\u010dek ku d\u0148u otcov alebo \u010do naozaj pote\u0161\u00ed v\u00e1\u0161ho ocina | blog.empikfoto.sk<\/title>\n<meta name=\"robots\" content=\"index, follow, max-snippet:-1, max-image-preview:large, max-video-preview:-1\" \/>\n<link rel=\"canonical\" href=\"https:\/\/www.empikfoto.sk\/blog\/darcek-ku-dnu-otcov-anebo-co-naozaj-potesi-vasho-ocina\/\" \/>\n<meta property=\"og:locale\" content=\"pl_PL\" \/>\n<meta property=\"og:type\" content=\"article\" \/>\n<meta property=\"og:title\" content=\"Dar\u010dek ku d\u0148u otcov alebo \u010do naozaj pote\u0161\u00ed v\u00e1\u0161ho ocina | blog.empikfoto.sk\" \/>\n<meta property=\"og:description\" content=\"Ak si mysl\u00edte, \u017ee V\u00e1\u0161 ocko bude nad\u0161en\u00fd z \u010fal\u0161\u00edch pono\u017eiek alebo kravaty, je mo\u017en\u00e9, \u017ee budete sklaman\u00ed. Bude ur\u010dite spokojn\u00fd, \u017ee si na neho ku D\u0148u otcov pam\u00e4t\u00e1te, ale tak\u00e9 dar\u010deky neurobia ve\u013ek\u00fd dojem. D\u00f4le\u017eit\u00e1 pre dobr\u00fd dar\u010dek nie je cena, ale sk\u00f4r n\u00e1pad. \u010co k\u00fapi\u0165 ku D\u0148u otcov?\" \/>\n<meta property=\"og:url\" content=\"https:\/\/www.empikfoto.sk\/blog\/darcek-ku-dnu-otcov-anebo-co-naozaj-potesi-vasho-ocina\/\" \/>\n<meta property=\"og:site_name\" content=\"blog.empikfoto.sk\" \/>\n<meta property=\"article:publisher\" content=\"https:\/\/www.facebook.com\/empikfotopl\/\" \/>\n<meta property=\"article:published_time\" content=\"2020-06-04T09:23:56+00:00\" \/>\n<meta property=\"article:modified_time\" content=\"2020-06-04T09:33:03+00:00\" \/>\n<meta property=\"og:image\" content=\"https:\/\/www.empikfoto.sk\/blog\/empikfoto\/2020\/06\/darek-pro-tatinka.jpg\" \/>\n\t<meta property=\"og:image:width\" content=\"5368\" \/>\n\t<meta property=\"og:image:height\" content=\"3579\" \/>\n\t<meta property=\"og:image:type\" content=\"image\/jpeg\" \/>\n<meta name=\"author\" content=\"Lenka\" \/>\n<meta name=\"twitter:card\" content=\"summary_large_image\" \/>\n<meta name=\"twitter:creator\" content=\"@empikfoto\" \/>\n<meta name=\"twitter:site\" content=\"@empikfoto\" \/>\n<meta name=\"twitter:label1\" content=\"Napisane przez\" \/>\n\t<meta name=\"twitter:data1\" content=\"Lenka\" \/>\n\t<meta name=\"twitter:label2\" content=\"Szacowany czas czytania\" \/>\n\t<meta name=\"twitter:data2\" content=\"2 minuty\" \/>\n<script type=\"application\/ld+json\" class=\"yoast-schema-graph\">{\"@context\":\"https:\/\/schema.org\",\"@graph\":[{\"@type\":\"WebPage\",\"@id\":\"https:\/\/www.empikfoto.sk\/blog\/darcek-ku-dnu-otcov-anebo-co-naozaj-potesi-vasho-ocina\/\",\"url\":\"https:\/\/www.empikfoto.sk\/blog\/darcek-ku-dnu-otcov-anebo-co-naozaj-potesi-vasho-ocina\/\",\"name\":\"Dar\u010dek ku d\u0148u otcov alebo \u010do naozaj pote\u0161\u00ed v\u00e1\u0161ho ocina | blog.empikfoto.sk\",\"isPartOf\":{\"@id\":\"https:\/\/www.empikfoto.sk\/blog\/#website\"},\"primaryImageOfPage\":{\"@id\":\"https:\/\/www.empikfoto.sk\/blog\/darcek-ku-dnu-otcov-anebo-co-naozaj-potesi-vasho-ocina\/#primaryimage\"},\"image\":{\"@id\":\"https:\/\/www.empikfoto.sk\/blog\/darcek-ku-dnu-otcov-anebo-co-naozaj-potesi-vasho-ocina\/#primaryimage\"},\"thumbnailUrl\":\"https:\/\/www.empikfoto.sk\/blog\/empikfoto\/2020\/06\/darek-pro-tatinka.jpg\",\"datePublished\":\"2020-06-04T09:23:56+00:00\",\"dateModified\":\"2020-06-04T09:33:03+00:00\",\"author\":{\"@id\":\"https:\/\/www.empikfoto.sk\/blog\/#\/schema\/person\/21a64f3f9f42e429f123b55e19f03c79\"},\"breadcrumb\":{\"@id\":\"https:\/\/www.empikfoto.sk\/blog\/darcek-ku-dnu-otcov-anebo-co-naozaj-potesi-vasho-ocina\/#breadcrumb\"},\"inLanguage\":\"pl-PL\",\"potentialAction\":[{\"@type\":\"ReadAction\",\"target\":[\"https:\/\/www.empikfoto.sk\/blog\/darcek-ku-dnu-otcov-anebo-co-naozaj-potesi-vasho-ocina\/\"]}]},{\"@type\":\"ImageObject\",\"inLanguage\":\"pl-PL\",\"@id\":\"https:\/\/www.empikfoto.sk\/blog\/darcek-ku-dnu-otcov-anebo-co-naozaj-potesi-vasho-ocina\/#primaryimage\",\"url\":\"https:\/\/www.empikfoto.sk\/blog\/empikfoto\/2020\/06\/darek-pro-tatinka.jpg\",\"contentUrl\":\"https:\/\/www.empikfoto.sk\/blog\/empikfoto\/2020\/06\/darek-pro-tatinka.jpg\",\"width\":5368,\"height\":3579,\"caption\":\"darcek pre tatinka\"},{\"@type\":\"BreadcrumbList\",\"@id\":\"https:\/\/www.empikfoto.sk\/blog\/darcek-ku-dnu-otcov-anebo-co-naozaj-potesi-vasho-ocina\/#breadcrumb\",\"itemListElement\":[{\"@type\":\"ListItem\",\"position\":1,\"name\":\"Home\",\"item\":\"https:\/\/www.empikfoto.sk\/blog\/\"},{\"@type\":\"ListItem\",\"position\":2,\"name\":\"Dar\u010dek ku d\u0148u otcov alebo \u010do naozaj pote\u0161\u00ed v\u00e1\u0161ho ocina\"}]},{\"@type\":\"WebSite\",\"@id\":\"https:\/\/www.empikfoto.sk\/blog\/#website\",\"url\":\"https:\/\/www.empikfoto.sk\/blog\/\",\"name\":\"blog.empikfoto.sk\",\"description\":\"Zozn\u00e1mte empikfoto.sk zvn\u00fatra! Z\u00edskajte viac inform\u00e1ci\u00ed o v\u00fdtla\u010dkoch, fotoknih\u00e1ch a fotografi\u00e1ch.\",\"potentialAction\":[{\"@type\":\"SearchAction\",\"target\":{\"@type\":\"EntryPoint\",\"urlTemplate\":\"https:\/\/www.empikfoto.sk\/blog\/?s={search_term_string}\"},\"query-input\":\"required name=search_term_string\"}],\"inLanguage\":\"pl-PL\"},{\"@type\":\"Person\",\"@id\":\"https:\/\/www.empikfoto.sk\/blog\/#\/schema\/person\/21a64f3f9f42e429f123b55e19f03c79\",\"name\":\"Lenka\",\"image\":{\"@type\":\"ImageObject\",\"inLanguage\":\"pl-PL\",\"@id\":\"https:\/\/www.empikfoto.sk\/blog\/#\/schema\/person\/image\/\",\"url\":\"https:\/\/secure.gravatar.com\/avatar\/367712963d3bfb4d4def2f08d664c7b9?s=96&d=identicon&r=g\",\"contentUrl\":\"https:\/\/secure.gravatar.com\/avatar\/367712963d3bfb4d4def2f08d664c7b9?s=96&d=identicon&r=g\",\"caption\":\"Lenka\"},\"url\":\"https:\/\/www.empikfoto.sk\/blog\/author\/klaudia\/\"}]}<\/script>\n<!-- \/ Yoast SEO plugin. -->","yoast_head_json":{"title":"Dar\u010dek ku d\u0148u otcov alebo \u010do naozaj pote\u0161\u00ed v\u00e1\u0161ho ocina | blog.empikfoto.sk","robots":{"index":"index","follow":"follow","max-snippet":"max-snippet:-1","max-image-preview":"max-image-preview:large","max-video-preview":"max-video-preview:-1"},"canonical":"https:\/\/www.empikfoto.sk\/blog\/darcek-ku-dnu-otcov-anebo-co-naozaj-potesi-vasho-ocina\/","og_locale":"pl_PL","og_type":"article","og_title":"Dar\u010dek ku d\u0148u otcov alebo \u010do naozaj pote\u0161\u00ed v\u00e1\u0161ho ocina | blog.empikfoto.sk","og_description":"Ak si mysl\u00edte, \u017ee V\u00e1\u0161 ocko bude nad\u0161en\u00fd z \u010fal\u0161\u00edch pono\u017eiek alebo kravaty, je mo\u017en\u00e9, \u017ee budete sklaman\u00ed. Bude ur\u010dite spokojn\u00fd, \u017ee si na neho ku D\u0148u otcov pam\u00e4t\u00e1te, ale tak\u00e9 dar\u010deky neurobia ve\u013ek\u00fd dojem. D\u00f4le\u017eit\u00e1 pre dobr\u00fd dar\u010dek nie je cena, ale sk\u00f4r n\u00e1pad. \u010co k\u00fapi\u0165 ku D\u0148u otcov?","og_url":"https:\/\/www.empikfoto.sk\/blog\/darcek-ku-dnu-otcov-anebo-co-naozaj-potesi-vasho-ocina\/","og_site_name":"blog.empikfoto.sk","article_publisher":"https:\/\/www.facebook.com\/empikfotopl\/","article_published_time":"2020-06-04T09:23:56+00:00","article_modified_time":"2020-06-04T09:33:03+00:00","og_image":[{"width":5368,"height":3579,"url":"https:\/\/www.empikfoto.sk\/blog\/empikfoto\/2020\/06\/darek-pro-tatinka.jpg","type":"image\/jpeg"}],"author":"Lenka","twitter_card":"summary_large_image","twitter_creator":"@empikfoto","twitter_site":"@empikfoto","twitter_misc":{"Napisane przez":"Lenka","Szacowany czas czytania":"2 minuty"},"schema":{"@context":"https:\/\/schema.org","@graph":[{"@type":"WebPage","@id":"https:\/\/www.empikfoto.sk\/blog\/darcek-ku-dnu-otcov-anebo-co-naozaj-potesi-vasho-ocina\/","url":"https:\/\/www.empikfoto.sk\/blog\/darcek-ku-dnu-otcov-anebo-co-naozaj-potesi-vasho-ocina\/","name":"Dar\u010dek ku d\u0148u otcov alebo \u010do naozaj pote\u0161\u00ed v\u00e1\u0161ho ocina | blog.empikfoto.sk","isPartOf":{"@id":"https:\/\/www.empikfoto.sk\/blog\/#website"},"primaryImageOfPage":{"@id":"https:\/\/www.empikfoto.sk\/blog\/darcek-ku-dnu-otcov-anebo-co-naozaj-potesi-vasho-ocina\/#primaryimage"},"image":{"@id":"https:\/\/www.empikfoto.sk\/blog\/darcek-ku-dnu-otcov-anebo-co-naozaj-potesi-vasho-ocina\/#primaryimage"},"thumbnailUrl":"https:\/\/www.empikfoto.sk\/blog\/empikfoto\/2020\/06\/darek-pro-tatinka.jpg","datePublished":"2020-06-04T09:23:56+00:00","dateModified":"2020-06-04T09:33:03+00:00","author":{"@id":"https:\/\/www.empikfoto.sk\/blog\/#\/schema\/person\/21a64f3f9f42e429f123b55e19f03c79"},"breadcrumb":{"@id":"https:\/\/www.empikfoto.sk\/blog\/darcek-ku-dnu-otcov-anebo-co-naozaj-potesi-vasho-ocina\/#breadcrumb"},"inLanguage":"pl-PL","potentialAction":[{"@type":"ReadAction","target":["https:\/\/www.empikfoto.sk\/blog\/darcek-ku-dnu-otcov-anebo-co-naozaj-potesi-vasho-ocina\/"]}]},{"@type":"ImageObject","inLanguage":"pl-PL","@id":"https:\/\/www.empikfoto.sk\/blog\/darcek-ku-dnu-otcov-anebo-co-naozaj-potesi-vasho-ocina\/#primaryimage","url":"https:\/\/www.empikfoto.sk\/blog\/empikfoto\/2020\/06\/darek-pro-tatinka.jpg","contentUrl":"https:\/\/www.empikfoto.sk\/blog\/empikfoto\/2020\/06\/darek-pro-tatinka.jpg","width":5368,"height":3579,"caption":"darcek pre tatinka"},{"@type":"BreadcrumbList","@id":"https:\/\/www.empikfoto.sk\/blog\/darcek-ku-dnu-otcov-anebo-co-naozaj-potesi-vasho-ocina\/#breadcrumb","itemListElement":[{"@type":"ListItem","position":1,"name":"Home","item":"https:\/\/www.empikfoto.sk\/blog\/"},{"@type":"ListItem","position":2,"name":"Dar\u010dek ku d\u0148u otcov alebo \u010do naozaj pote\u0161\u00ed v\u00e1\u0161ho ocina"}]},{"@type":"WebSite","@id":"https:\/\/www.empikfoto.sk\/blog\/#website","url":"https:\/\/www.empikfoto.sk\/blog\/","name":"blog.empikfoto.sk","description":"Zozn\u00e1mte empikfoto.sk zvn\u00fatra! Z\u00edskajte viac inform\u00e1ci\u00ed o v\u00fdtla\u010dkoch, fotoknih\u00e1ch a fotografi\u00e1ch.","potentialAction":[{"@type":"SearchAction","target":{"@type":"EntryPoint","urlTemplate":"https:\/\/www.empikfoto.sk\/blog\/?s={search_term_string}"},"query-input":"required name=search_term_string"}],"inLanguage":"pl-PL"},{"@type":"Person","@id":"https:\/\/www.empikfoto.sk\/blog\/#\/schema\/person\/21a64f3f9f42e429f123b55e19f03c79","name":"Lenka","image":{"@type":"ImageObject","inLanguage":"pl-PL","@id":"https:\/\/www.empikfoto.sk\/blog\/#\/schema\/person\/image\/","url":"https:\/\/secure.gravatar.com\/avatar\/367712963d3bfb4d4def2f08d664c7b9?s=96&d=identicon&r=g","contentUrl":"https:\/\/secure.gravatar.com\/avatar\/367712963d3bfb4d4def2f08d664c7b9?s=96&d=identicon&r=g","caption":"Lenka"},"url":"https:\/\/www.empikfoto.sk\/blog\/author\/klaudia\/"}]}},"_links":{"self":[{"href":"https:\/\/www.empikfoto.sk\/blog\/wp-json\/wp\/v2\/posts\/8811"}],"collection":[{"href":"https:\/\/www.empikfoto.sk\/blog\/wp-json\/wp\/v2\/posts"}],"about":[{"href":"https:\/\/www.empikfoto.sk\/blog\/wp-json\/wp\/v2\/types\/post"}],"author":[{"embeddable":true,"href":"https:\/\/www.empikfoto.sk\/blog\/wp-json\/wp\/v2\/users\/19"}],"replies":[{"embeddable":true,"href":"https:\/\/www.empikfoto.sk\/blog\/wp-json\/wp\/v2\/comments?post=8811"}],"version-history":[{"count":2,"href":"https:\/\/www.empikfoto.sk\/blog\/wp-json\/wp\/v2\/posts\/8811\/revisions"}],"predecessor-version":[{"id":8818,"href":"https:\/\/www.empikfoto.sk\/blog\/wp-json\/wp\/v2\/posts\/8811\/revisions\/8818"}],"wp:featuredmedia":[{"embeddable":true,"href":"https:\/\/www.empikfoto.sk\/blog\/wp-json\/wp\/v2\/media\/8814"}],"wp:attachment":[{"href":"https:\/\/www.empikfoto.sk\/blog\/wp-json\/wp\/v2\/media?parent=8811"}],"wp:term":[{"taxonomy":"category","embeddable":true,"href":"https:\/\/www.empikfoto.sk\/blog\/wp-json\/wp\/v2\/categories?post=8811"},{"taxonomy":"post_tag","embeddable":true,"href":"https:\/\/www.empikfoto.sk\/blog\/wp-json\/wp\/v2\/tags?post=8811"}],"curies":[{"name":"wp","href":"https:\/\/api.w.org\/{rel}","templated":true}]}}