{"id":8766,"date":"2020-03-24T13:37:54","date_gmt":"2020-03-24T12:37:54","guid":{"rendered":"https:\/\/blog.empikfoto.sk\/?p=8766"},"modified":"2020-03-24T14:00:26","modified_gmt":"2020-03-24T13:00:26","slug":"zostandoma-dovolte-aby-vam-vase-fotografie-sprijemnili-tento-cas","status":"publish","type":"post","link":"https:\/\/www.empikfoto.sk\/blog\/zostandoma-dovolte-aby-vam-vase-fotografie-sprijemnili-tento-cas\/","title":{"rendered":"#zostandoma &#8211; Dovolte, aby v\u00e1m va\u0161e fotografie spr\u00edjemnili tento \u010das"},"content":{"rendered":"<p><strong>Pand\u00e9mia koronav\u00edrusu sp\u00f4sobila, \u017ee svet, ktor\u00fd sa pon\u00e1h\u013ea ohromuj\u00facim tempom, sa na chv\u00ed\u013eu zastavil. Aj Vy ste zostali doma? Ak chcete pre\u017ei\u0165 tento v\u00fdnimo\u010dn\u00fd \u010das, pok\u00faste sa ho spr\u00edjemni\u0165 sebe aj svojim bl\u00edzkym. Napl\u0148te dom pozit\u00edvnymi em\u00f3ciami a takto spolo\u010dne str\u00e1ven\u00fd \u010das z\u00edska jedine\u010dn\u00fa hodnotu. Ak\u00fdm sp\u00f4sobom V\u00e1m s t\u00fdm fotografie m\u00f4\u017eu pom\u00f4c\u0165? Pozrite sa, \u010do s nimi m\u00f4\u017eete robi\u0165.<\/strong><!--more--><\/p>\n<p>Fotografie s\u00fa jedn\u00fdm z najd\u00f4le\u017eitej\u0161\u00edch \u201enosi\u010dov\u201c spomienok. Niekedy sta\u010d\u00ed len kr\u00e1tky poh\u013ead na romantick\u00fa svadobn\u00fa fotku alebo vtipn\u00fa fotku z dovolenky, aby bol V\u00e1\u0161 de\u0148 kraj\u0161\u00ed. To je presne ten \u010das str\u00e1ven\u00fd doma a ide\u00e1lny na ich starostlivos\u0165.<\/p>\n<h2><strong>Skvel\u00fd \u010das na usporiadanie fotiek z dovolenky<\/strong><\/h2>\n<p>Podarilo sa V\u00e1m po\u010das va\u0161ej poslednej dovolenky vyfoti\u0165 stovky alebo dokonca tis\u00edce fotografi\u00ed? Nemohli ste n\u00e1js\u0165 \u010das na ich zorganizovanie? Odstr\u00e1ni\u0165 tie, ktor\u00e9 s\u00fa ne\u00faspe\u0161n\u00e9 alebo preexponovan\u00e9? Zlep\u0161i\u0165 vyv\u00e1\u017eenie farieb? Vlo\u017ete ich do spr\u00e1vneho prie\u010dinka v po\u010d\u00edta\u010di? Vybra\u0165 si tie, ktor\u00e9 po\u010das svojich rodinn\u00fdch stretnut\u00ed vystav\u00edte svojim bl\u00edzkym? Nezd\u00e1 sa to, ale na roztriedenie tak\u00fdch fotografi\u00ed, je naozaj potrebn\u00fd \u010das. Teraz ho m\u00e1te! <a href=\"https:\/\/www.empikfoto.sk\/fotky,vytlacky\">Fotografie z dovolenky V\u00e1m prines\u00fa len skvel\u00e9 spomienky<\/a> a vyvolaj\u00fa u V\u00e1s \u00fasmev \u00faplne automaticky.<\/p>\n<p><img loading=\"lazy\" decoding=\"async\" class=\"aligncenter wp-image-7769 size-large\" src=\"https:\/\/blog.empikfoto.sk\/empikfoto\/2017\/09\/Empikfoto_zdjecia-z-wakacji_002-1024x683.jpg\" alt=\"\" width=\"1024\" height=\"683\" \/><\/p>\n<h2><strong>Pode\u013ete sa o svoje fotografick\u00e9 spomienky so svojimi bl\u00edzkymi <\/strong><\/h2>\n<p>Vytiahnite star\u00e9 fotografie &#8211; aj tie z hlb\u00edn minulosti. Mo\u017eno m\u00e1te niekde po ruke krabi\u010dku s fotografiami, ktor\u00e9 boli uroben\u00e9 aj v obdob\u00ed mladosti va\u0161ich rodi\u010dov a dokonca aj star\u00fdch rodi\u010dov? Sledujte ich so svojimi bl\u00edzkymi! Uk\u00e1\u017ete najmlad\u0161ej gener\u00e1cii, ako vyzeral svet pred dvadsiatimi, tridsiatimi alebo dokonca \u0161es\u0165desiatimi rokmi!\u00a0Spolo\u010dn\u00e9 prezeranie fotografi\u00ed m\u00f4\u017ee prinies\u0165 zauj\u00edmav\u00e9 spomienky a in\u0161pirova\u0165 diskusiu. Kto vie, mo\u017eno pr\u00e1ve v\u010faka tomu sa Vy a Va\u0161i bl\u00edzki dozviete nie\u010do nov\u00e9?<\/p>\n<p><img loading=\"lazy\" decoding=\"async\" class=\"aligncenter wp-image-8732 size-large\" src=\"https:\/\/blog.empikfoto.sk\/empikfoto\/2019\/08\/laura-fuhrman-73OJLcahQHg-unsplash-1024x683.jpg\" alt=\"\" width=\"1024\" height=\"683\" srcset=\"https:\/\/www.empikfoto.sk\/blog\/empikfoto\/2019\/08\/laura-fuhrman-73OJLcahQHg-unsplash-1024x683.jpg 1024w, https:\/\/www.empikfoto.sk\/blog\/empikfoto\/2019\/08\/laura-fuhrman-73OJLcahQHg-unsplash-300x200.jpg 300w, https:\/\/www.empikfoto.sk\/blog\/empikfoto\/2019\/08\/laura-fuhrman-73OJLcahQHg-unsplash-768x512.jpg 768w, https:\/\/www.empikfoto.sk\/blog\/empikfoto\/2019\/08\/laura-fuhrman-73OJLcahQHg-unsplash-330x220.jpg 330w, https:\/\/www.empikfoto.sk\/blog\/empikfoto\/2019\/08\/laura-fuhrman-73OJLcahQHg-unsplash-400x267.jpg 400w\" sizes=\"(max-width: 1024px) 100vw, 1024px\" \/><\/p>\n<h2><strong>Navrhnite fotoknihu<\/strong><\/h2>\n<p>Ak m\u00e1te dostatok \u010dasu a obr\u00e1zky v\u00e1m a va\u0161im bl\u00edzkym priniesli ve\u013ea pozit\u00edvnych dojmov &#8211; je \u010das ponecha\u0165 si ich dlh\u0161ie! Dobr\u00fdm n\u00e1padom m\u00f4\u017ee by\u0165 navrhnutie fotoknihy. Vytvorte cel\u00fa rodinu, napr .:<\/p>\n<ul>\n<li>fotokronika, v ktorej predstav\u00edte hist\u00f3riu svojej rodiny &#8211; nezabudnite, \u017ee m\u00f4\u017eete \u013eahko naskenova\u0165 star\u00e9 papierov\u00e9 fotografie do po\u010d\u00edta\u010da (nezabudnite nastavi\u0165 najvy\u0161\u0161ie rozl\u00ed\u0161enie) a tie\u017e ich pou\u017ei\u0165 v digit\u00e1lnej verzii;<\/li>\n<li>nezvy\u010dajn\u00fd album s vtipn\u00fdmi fotografiami bl\u00edzkych &#8211; stoj\u00ed za to vzia\u0165 tie najkompromituj\u00facej\u0161ie fotografie z pam\u00e4te telef\u00f3nov, kamier a soci\u00e1lnych m\u00e9di\u00ed a da\u0165 ich do jedn\u00e9ho jedine\u010dn\u00e9ho albumu. Smiech pri ich sledovan\u00ed jednoducho stoj\u00ed za to!<\/li>\n<li>sviato\u010dn\u00e9 spomienky \u2013 predstavte vo svojej fotoknihe pr\u00edbehy z Va\u0161ej poslednej cesty alebo in\u00e9. Fotografie m\u00f4\u017eu by\u0165 doplnen\u00e9 kr\u00e1tkymi, vtipn\u00fdmi pr\u00edbehmi.<\/li>\n<\/ul>\n<p>Toto je samozrejme len nieko\u013eko z mnoh\u00fdch n\u00e1padov. Jedna vec je v\u0161ak ist\u00e1: sta\u010d\u00ed sa necha\u0165 un\u00e1\u0161a\u0165 kreativitou a tvorba projektu tak\u00e9ho \u00fa\u017easn\u00e9ho albumu sa m\u00f4\u017ee zmeni\u0165 na ve\u013ek\u00fa z\u00e1bavu na cel\u00e9 popoludnie alebo ve\u010der! Nebojte sa: <a href=\"https:\/\/www.empikfoto.sk\/fotoknihy\">pr\u00edprava projektu fotoknihy je ve\u013emi jednoduch\u00e1<\/a> &#8211; sta\u010d\u00ed pou\u017ei\u0165 aplik\u00e1ciu Empik Foto, ktor\u00e1 v\u00e1s krok za krokom prevedie cel\u00fdm procesom.<\/p>\n<p><img loading=\"lazy\" decoding=\"async\" class=\"wp-image-8695 size-large aligncenter\" src=\"https:\/\/blog.empikfoto.sk\/empikfoto\/2019\/07\/kniha-1024x683.jpg\" alt=\"\" width=\"1024\" height=\"683\" srcset=\"https:\/\/www.empikfoto.sk\/blog\/empikfoto\/2019\/07\/kniha-1024x683.jpg 1024w, https:\/\/www.empikfoto.sk\/blog\/empikfoto\/2019\/07\/kniha-300x200.jpg 300w, https:\/\/www.empikfoto.sk\/blog\/empikfoto\/2019\/07\/kniha-768x512.jpg 768w, https:\/\/www.empikfoto.sk\/blog\/empikfoto\/2019\/07\/kniha-330x220.jpg 330w, https:\/\/www.empikfoto.sk\/blog\/empikfoto\/2019\/07\/kniha-400x267.jpg 400w, https:\/\/www.empikfoto.sk\/blog\/empikfoto\/2019\/07\/kniha.jpg 1920w\" sizes=\"(max-width: 1024px) 100vw, 1024px\" \/><\/p>\n<h2><strong>Objednajte si fotografick\u00e9 dar\u010deky pre bl\u00edzkych, ktor\u00fdch teraz nem\u00f4\u017eete stretn\u00fa\u0165<\/strong><\/h2>\n<p>V tomto n\u00e1ro\u010dnom obdob\u00ed pravdepodobne nebudete m\u00f4c\u0165 stretn\u00fa\u0165 priate\u013eov ani vzdialen\u00fdch pr\u00edbuzn\u00fdch. Ch\u00fdbaj\u00fa V\u00e1m a chcete to nejak vyjadri\u0165? Navrhnite im \u0161peci\u00e1lne fotografick\u00e9 dar\u010deky a po\u0161lite im ich priamo. Tak\u00fdto dar m\u00f4\u017ee tie\u017e pozdvihn\u00fa\u0165 n\u00e1ladu t\u00fdch, ktor\u00fdch teraz nem\u00f4\u017eete obja\u0165.<\/p>\n<p>\u010co si vybra\u0165? M\u00e1te neuverite\u013ene \u0161irok\u00fa \u0161k\u00e1lu na predv\u00e1dzanie. M\u00f4\u017eu to by\u0165 napr\u00edklad:<\/p>\n<ul>\n<li><a href=\"https:\/\/www.empikfoto.sk\/fotodarceky\/fotohrnceky-druhy\">hrn\u010dek s fotkou<\/a> zo spolo\u010dne str\u00e1ven\u00fdch pr\u00e1zdnin<\/li>\n<li><a href=\"https:\/\/www.empikfoto.sk\/vyzdoba-interieru\/fotopanely\">fotografiu na hlin\u00edkovom paneli,<\/a> ktor\u00e1 dokonale nahrad\u00ed \u0161tandardn\u00fd r\u00e1m &#8211; obdarovan\u00fd ho m\u00f4\u017ee umiestni\u0165 na st\u00f4l vo svojej dom\u00e1cej kancel\u00e1rii alebo zavesi\u0165 na stenu.<\/li>\n<\/ul>\n<p>Existuje samozrejme ove\u013ea viac in\u0161pir\u00e1ci\u00ed. Dajte priestor svojej kreativite a lie\u010dte seba a \u013eud\u00ed, ktor\u00fdch m\u00e1te radi, ve\u013ekou d\u00e1vkou pozit\u00edvnych em\u00f3ci\u00ed. Teraz je to d\u00f4le\u017eitej\u0161ie ako kedyko\u013evek predt\u00fdm!<\/p>\n<p><img loading=\"lazy\" decoding=\"async\" class=\"aligncenter wp-image-8033 size-large\" src=\"https:\/\/blog.empikfoto.sk\/empikfoto\/2017\/11\/Empikfoto_Pomysly-na-prezenty-dla-zakochanych_000-1024x683.jpg\" alt=\"\" width=\"1024\" height=\"683\" srcset=\"https:\/\/www.empikfoto.sk\/blog\/empikfoto\/2017\/11\/Empikfoto_Pomysly-na-prezenty-dla-zakochanych_000-1024x683.jpg 1024w, https:\/\/www.empikfoto.sk\/blog\/empikfoto\/2017\/11\/Empikfoto_Pomysly-na-prezenty-dla-zakochanych_000-300x200.jpg 300w, https:\/\/www.empikfoto.sk\/blog\/empikfoto\/2017\/11\/Empikfoto_Pomysly-na-prezenty-dla-zakochanych_000-768x512.jpg 768w, https:\/\/www.empikfoto.sk\/blog\/empikfoto\/2017\/11\/Empikfoto_Pomysly-na-prezenty-dla-zakochanych_000-330x220.jpg 330w, https:\/\/www.empikfoto.sk\/blog\/empikfoto\/2017\/11\/Empikfoto_Pomysly-na-prezenty-dla-zakochanych_000-400x267.jpg 400w, https:\/\/www.empikfoto.sk\/blog\/empikfoto\/2017\/11\/Empikfoto_Pomysly-na-prezenty-dla-zakochanych_000.jpg 1200w\" sizes=\"(max-width: 1024px) 100vw, 1024px\" \/><\/p>\n<p>&nbsp;<\/p>\n","protected":false},"excerpt":{"rendered":"<p>Pand\u00e9mia koronav\u00edrusu sp\u00f4sobila, \u017ee svet, ktor\u00fd sa pon\u00e1h\u013ea ohromuj\u00facim tempom, sa na chv\u00ed\u013eu zastavil. Aj Vy ste zostali doma? Ak chcete pre\u017ei\u0165 tento v\u00fdnimo\u010dn\u00fd \u010das, pok\u00faste sa ho spr\u00edjemni\u0165 sebe aj svojim bl\u00edzkym. Napl\u0148te dom pozit\u00edvnymi em\u00f3ciami a takto spolo\u010dne str\u00e1ven\u00fd \u010das z\u00edska jedine\u010dn\u00fa hodnotu. Ak\u00fdm sp\u00f4sobom V\u00e1m s t\u00fdm fotografie m\u00f4\u017eu pom\u00f4c\u0165? Pozrite sa, \u010do s nimi m\u00f4\u017eete robi\u0165.<\/p>\n","protected":false},"author":19,"featured_media":0,"comment_status":"open","ping_status":"closed","sticky":false,"template":"","format":"standard","meta":{"footnotes":""},"categories":[782,786,784],"tags":[],"yoast_head":"<!-- This site is optimized with the Yoast SEO plugin v23.0 - https:\/\/yoast.com\/wordpress\/plugins\/seo\/ -->\n<title>#zostandoma - Dovolte, aby v\u00e1m va\u0161e fotografie spr\u00edjemnili tento \u010das | blog.empikfoto.sk<\/title>\n<meta name=\"robots\" content=\"index, follow, max-snippet:-1, max-image-preview:large, max-video-preview:-1\" \/>\n<link rel=\"canonical\" href=\"https:\/\/www.empikfoto.sk\/blog\/zostandoma-dovolte-aby-vam-vase-fotografie-sprijemnili-tento-cas\/\" \/>\n<meta property=\"og:locale\" content=\"pl_PL\" \/>\n<meta property=\"og:type\" content=\"article\" \/>\n<meta property=\"og:title\" content=\"#zostandoma - Dovolte, aby v\u00e1m va\u0161e fotografie spr\u00edjemnili tento \u010das | blog.empikfoto.sk\" \/>\n<meta property=\"og:description\" content=\"Pand\u00e9mia koronav\u00edrusu sp\u00f4sobila, \u017ee svet, ktor\u00fd sa pon\u00e1h\u013ea ohromuj\u00facim tempom, sa na chv\u00ed\u013eu zastavil. Aj Vy ste zostali doma? Ak chcete pre\u017ei\u0165 tento v\u00fdnimo\u010dn\u00fd \u010das, pok\u00faste sa ho spr\u00edjemni\u0165 sebe aj svojim bl\u00edzkym. Napl\u0148te dom pozit\u00edvnymi em\u00f3ciami a takto spolo\u010dne str\u00e1ven\u00fd \u010das z\u00edska jedine\u010dn\u00fa hodnotu. Ak\u00fdm sp\u00f4sobom V\u00e1m s t\u00fdm fotografie m\u00f4\u017eu pom\u00f4c\u0165? Pozrite sa, \u010do s nimi m\u00f4\u017eete robi\u0165.\" \/>\n<meta property=\"og:url\" content=\"https:\/\/www.empikfoto.sk\/blog\/zostandoma-dovolte-aby-vam-vase-fotografie-sprijemnili-tento-cas\/\" \/>\n<meta property=\"og:site_name\" content=\"blog.empikfoto.sk\" \/>\n<meta property=\"article:publisher\" content=\"https:\/\/www.facebook.com\/empikfotopl\/\" \/>\n<meta property=\"article:published_time\" content=\"2020-03-24T12:37:54+00:00\" \/>\n<meta property=\"article:modified_time\" content=\"2020-03-24T13:00:26+00:00\" \/>\n<meta property=\"og:image\" content=\"https:\/\/www.empikfoto.sk\/blog\/empikfoto\/2017\/03\/Fotolia_105727639_Subscription_XXL-1024x576.jpg\" \/>\n\t<meta property=\"og:image:width\" content=\"1024\" \/>\n\t<meta property=\"og:image:height\" content=\"576\" \/>\n\t<meta property=\"og:image:type\" content=\"image\/jpeg\" \/>\n<meta name=\"author\" content=\"Lenka\" \/>\n<meta name=\"twitter:card\" content=\"summary_large_image\" \/>\n<meta name=\"twitter:creator\" content=\"@empikfoto\" \/>\n<meta name=\"twitter:site\" content=\"@empikfoto\" \/>\n<meta name=\"twitter:label1\" content=\"Napisane przez\" \/>\n\t<meta name=\"twitter:data1\" content=\"Lenka\" \/>\n\t<meta name=\"twitter:label2\" content=\"Szacowany czas czytania\" \/>\n\t<meta name=\"twitter:data2\" content=\"4 minuty\" \/>\n<script type=\"application\/ld+json\" class=\"yoast-schema-graph\">{\"@context\":\"https:\/\/schema.org\",\"@graph\":[{\"@type\":\"WebPage\",\"@id\":\"https:\/\/www.empikfoto.sk\/blog\/zostandoma-dovolte-aby-vam-vase-fotografie-sprijemnili-tento-cas\/\",\"url\":\"https:\/\/www.empikfoto.sk\/blog\/zostandoma-dovolte-aby-vam-vase-fotografie-sprijemnili-tento-cas\/\",\"name\":\"#zostandoma - Dovolte, aby v\u00e1m va\u0161e fotografie spr\u00edjemnili tento \u010das | blog.empikfoto.sk\",\"isPartOf\":{\"@id\":\"https:\/\/www.empikfoto.sk\/blog\/#website\"},\"primaryImageOfPage\":{\"@id\":\"https:\/\/www.empikfoto.sk\/blog\/zostandoma-dovolte-aby-vam-vase-fotografie-sprijemnili-tento-cas\/#primaryimage\"},\"image\":{\"@id\":\"https:\/\/www.empikfoto.sk\/blog\/zostandoma-dovolte-aby-vam-vase-fotografie-sprijemnili-tento-cas\/#primaryimage\"},\"thumbnailUrl\":\"https:\/\/blog.empikfoto.sk\/empikfoto\/2017\/09\/Empikfoto_zdjecia-z-wakacji_002-1024x683.jpg\",\"datePublished\":\"2020-03-24T12:37:54+00:00\",\"dateModified\":\"2020-03-24T13:00:26+00:00\",\"author\":{\"@id\":\"https:\/\/www.empikfoto.sk\/blog\/#\/schema\/person\/21a64f3f9f42e429f123b55e19f03c79\"},\"breadcrumb\":{\"@id\":\"https:\/\/www.empikfoto.sk\/blog\/zostandoma-dovolte-aby-vam-vase-fotografie-sprijemnili-tento-cas\/#breadcrumb\"},\"inLanguage\":\"pl-PL\",\"potentialAction\":[{\"@type\":\"ReadAction\",\"target\":[\"https:\/\/www.empikfoto.sk\/blog\/zostandoma-dovolte-aby-vam-vase-fotografie-sprijemnili-tento-cas\/\"]}]},{\"@type\":\"ImageObject\",\"inLanguage\":\"pl-PL\",\"@id\":\"https:\/\/www.empikfoto.sk\/blog\/zostandoma-dovolte-aby-vam-vase-fotografie-sprijemnili-tento-cas\/#primaryimage\",\"url\":\"https:\/\/blog.empikfoto.sk\/empikfoto\/2017\/09\/Empikfoto_zdjecia-z-wakacji_002-1024x683.jpg\",\"contentUrl\":\"https:\/\/blog.empikfoto.sk\/empikfoto\/2017\/09\/Empikfoto_zdjecia-z-wakacji_002-1024x683.jpg\"},{\"@type\":\"BreadcrumbList\",\"@id\":\"https:\/\/www.empikfoto.sk\/blog\/zostandoma-dovolte-aby-vam-vase-fotografie-sprijemnili-tento-cas\/#breadcrumb\",\"itemListElement\":[{\"@type\":\"ListItem\",\"position\":1,\"name\":\"Home\",\"item\":\"https:\/\/www.empikfoto.sk\/blog\/\"},{\"@type\":\"ListItem\",\"position\":2,\"name\":\"#zostandoma &#8211; Dovolte, aby v\u00e1m va\u0161e fotografie spr\u00edjemnili tento \u010das\"}]},{\"@type\":\"WebSite\",\"@id\":\"https:\/\/www.empikfoto.sk\/blog\/#website\",\"url\":\"https:\/\/www.empikfoto.sk\/blog\/\",\"name\":\"blog.empikfoto.sk\",\"description\":\"Zozn\u00e1mte empikfoto.sk zvn\u00fatra! Z\u00edskajte viac inform\u00e1ci\u00ed o v\u00fdtla\u010dkoch, fotoknih\u00e1ch a fotografi\u00e1ch.\",\"potentialAction\":[{\"@type\":\"SearchAction\",\"target\":{\"@type\":\"EntryPoint\",\"urlTemplate\":\"https:\/\/www.empikfoto.sk\/blog\/?s={search_term_string}\"},\"query-input\":\"required name=search_term_string\"}],\"inLanguage\":\"pl-PL\"},{\"@type\":\"Person\",\"@id\":\"https:\/\/www.empikfoto.sk\/blog\/#\/schema\/person\/21a64f3f9f42e429f123b55e19f03c79\",\"name\":\"Lenka\",\"image\":{\"@type\":\"ImageObject\",\"inLanguage\":\"pl-PL\",\"@id\":\"https:\/\/www.empikfoto.sk\/blog\/#\/schema\/person\/image\/\",\"url\":\"https:\/\/secure.gravatar.com\/avatar\/367712963d3bfb4d4def2f08d664c7b9?s=96&d=identicon&r=g\",\"contentUrl\":\"https:\/\/secure.gravatar.com\/avatar\/367712963d3bfb4d4def2f08d664c7b9?s=96&d=identicon&r=g\",\"caption\":\"Lenka\"},\"url\":\"https:\/\/www.empikfoto.sk\/blog\/author\/klaudia\/\"}]}<\/script>\n<!-- \/ Yoast SEO plugin. -->","yoast_head_json":{"title":"#zostandoma - Dovolte, aby v\u00e1m va\u0161e fotografie spr\u00edjemnili tento \u010das | blog.empikfoto.sk","robots":{"index":"index","follow":"follow","max-snippet":"max-snippet:-1","max-image-preview":"max-image-preview:large","max-video-preview":"max-video-preview:-1"},"canonical":"https:\/\/www.empikfoto.sk\/blog\/zostandoma-dovolte-aby-vam-vase-fotografie-sprijemnili-tento-cas\/","og_locale":"pl_PL","og_type":"article","og_title":"#zostandoma - Dovolte, aby v\u00e1m va\u0161e fotografie spr\u00edjemnili tento \u010das | blog.empikfoto.sk","og_description":"Pand\u00e9mia koronav\u00edrusu sp\u00f4sobila, \u017ee svet, ktor\u00fd sa pon\u00e1h\u013ea ohromuj\u00facim tempom, sa na chv\u00ed\u013eu zastavil. Aj Vy ste zostali doma? Ak chcete pre\u017ei\u0165 tento v\u00fdnimo\u010dn\u00fd \u010das, pok\u00faste sa ho spr\u00edjemni\u0165 sebe aj svojim bl\u00edzkym. Napl\u0148te dom pozit\u00edvnymi em\u00f3ciami a takto spolo\u010dne str\u00e1ven\u00fd \u010das z\u00edska jedine\u010dn\u00fa hodnotu. Ak\u00fdm sp\u00f4sobom V\u00e1m s t\u00fdm fotografie m\u00f4\u017eu pom\u00f4c\u0165? Pozrite sa, \u010do s nimi m\u00f4\u017eete robi\u0165.","og_url":"https:\/\/www.empikfoto.sk\/blog\/zostandoma-dovolte-aby-vam-vase-fotografie-sprijemnili-tento-cas\/","og_site_name":"blog.empikfoto.sk","article_publisher":"https:\/\/www.facebook.com\/empikfotopl\/","article_published_time":"2020-03-24T12:37:54+00:00","article_modified_time":"2020-03-24T13:00:26+00:00","og_image":[{"width":1024,"height":576,"url":"https:\/\/www.empikfoto.sk\/blog\/empikfoto\/2017\/03\/Fotolia_105727639_Subscription_XXL-1024x576.jpg","type":"image\/jpeg"}],"author":"Lenka","twitter_card":"summary_large_image","twitter_creator":"@empikfoto","twitter_site":"@empikfoto","twitter_misc":{"Napisane przez":"Lenka","Szacowany czas czytania":"4 minuty"},"schema":{"@context":"https:\/\/schema.org","@graph":[{"@type":"WebPage","@id":"https:\/\/www.empikfoto.sk\/blog\/zostandoma-dovolte-aby-vam-vase-fotografie-sprijemnili-tento-cas\/","url":"https:\/\/www.empikfoto.sk\/blog\/zostandoma-dovolte-aby-vam-vase-fotografie-sprijemnili-tento-cas\/","name":"#zostandoma - Dovolte, aby v\u00e1m va\u0161e fotografie spr\u00edjemnili tento \u010das | blog.empikfoto.sk","isPartOf":{"@id":"https:\/\/www.empikfoto.sk\/blog\/#website"},"primaryImageOfPage":{"@id":"https:\/\/www.empikfoto.sk\/blog\/zostandoma-dovolte-aby-vam-vase-fotografie-sprijemnili-tento-cas\/#primaryimage"},"image":{"@id":"https:\/\/www.empikfoto.sk\/blog\/zostandoma-dovolte-aby-vam-vase-fotografie-sprijemnili-tento-cas\/#primaryimage"},"thumbnailUrl":"https:\/\/blog.empikfoto.sk\/empikfoto\/2017\/09\/Empikfoto_zdjecia-z-wakacji_002-1024x683.jpg","datePublished":"2020-03-24T12:37:54+00:00","dateModified":"2020-03-24T13:00:26+00:00","author":{"@id":"https:\/\/www.empikfoto.sk\/blog\/#\/schema\/person\/21a64f3f9f42e429f123b55e19f03c79"},"breadcrumb":{"@id":"https:\/\/www.empikfoto.sk\/blog\/zostandoma-dovolte-aby-vam-vase-fotografie-sprijemnili-tento-cas\/#breadcrumb"},"inLanguage":"pl-PL","potentialAction":[{"@type":"ReadAction","target":["https:\/\/www.empikfoto.sk\/blog\/zostandoma-dovolte-aby-vam-vase-fotografie-sprijemnili-tento-cas\/"]}]},{"@type":"ImageObject","inLanguage":"pl-PL","@id":"https:\/\/www.empikfoto.sk\/blog\/zostandoma-dovolte-aby-vam-vase-fotografie-sprijemnili-tento-cas\/#primaryimage","url":"https:\/\/blog.empikfoto.sk\/empikfoto\/2017\/09\/Empikfoto_zdjecia-z-wakacji_002-1024x683.jpg","contentUrl":"https:\/\/blog.empikfoto.sk\/empikfoto\/2017\/09\/Empikfoto_zdjecia-z-wakacji_002-1024x683.jpg"},{"@type":"BreadcrumbList","@id":"https:\/\/www.empikfoto.sk\/blog\/zostandoma-dovolte-aby-vam-vase-fotografie-sprijemnili-tento-cas\/#breadcrumb","itemListElement":[{"@type":"ListItem","position":1,"name":"Home","item":"https:\/\/www.empikfoto.sk\/blog\/"},{"@type":"ListItem","position":2,"name":"#zostandoma &#8211; Dovolte, aby v\u00e1m va\u0161e fotografie spr\u00edjemnili tento \u010das"}]},{"@type":"WebSite","@id":"https:\/\/www.empikfoto.sk\/blog\/#website","url":"https:\/\/www.empikfoto.sk\/blog\/","name":"blog.empikfoto.sk","description":"Zozn\u00e1mte empikfoto.sk zvn\u00fatra! Z\u00edskajte viac inform\u00e1ci\u00ed o v\u00fdtla\u010dkoch, fotoknih\u00e1ch a fotografi\u00e1ch.","potentialAction":[{"@type":"SearchAction","target":{"@type":"EntryPoint","urlTemplate":"https:\/\/www.empikfoto.sk\/blog\/?s={search_term_string}"},"query-input":"required name=search_term_string"}],"inLanguage":"pl-PL"},{"@type":"Person","@id":"https:\/\/www.empikfoto.sk\/blog\/#\/schema\/person\/21a64f3f9f42e429f123b55e19f03c79","name":"Lenka","image":{"@type":"ImageObject","inLanguage":"pl-PL","@id":"https:\/\/www.empikfoto.sk\/blog\/#\/schema\/person\/image\/","url":"https:\/\/secure.gravatar.com\/avatar\/367712963d3bfb4d4def2f08d664c7b9?s=96&d=identicon&r=g","contentUrl":"https:\/\/secure.gravatar.com\/avatar\/367712963d3bfb4d4def2f08d664c7b9?s=96&d=identicon&r=g","caption":"Lenka"},"url":"https:\/\/www.empikfoto.sk\/blog\/author\/klaudia\/"}]}},"_links":{"self":[{"href":"https:\/\/www.empikfoto.sk\/blog\/wp-json\/wp\/v2\/posts\/8766"}],"collection":[{"href":"https:\/\/www.empikfoto.sk\/blog\/wp-json\/wp\/v2\/posts"}],"about":[{"href":"https:\/\/www.empikfoto.sk\/blog\/wp-json\/wp\/v2\/types\/post"}],"author":[{"embeddable":true,"href":"https:\/\/www.empikfoto.sk\/blog\/wp-json\/wp\/v2\/users\/19"}],"replies":[{"embeddable":true,"href":"https:\/\/www.empikfoto.sk\/blog\/wp-json\/wp\/v2\/comments?post=8766"}],"version-history":[{"count":3,"href":"https:\/\/www.empikfoto.sk\/blog\/wp-json\/wp\/v2\/posts\/8766\/revisions"}],"predecessor-version":[{"id":8771,"href":"https:\/\/www.empikfoto.sk\/blog\/wp-json\/wp\/v2\/posts\/8766\/revisions\/8771"}],"wp:attachment":[{"href":"https:\/\/www.empikfoto.sk\/blog\/wp-json\/wp\/v2\/media?parent=8766"}],"wp:term":[{"taxonomy":"category","embeddable":true,"href":"https:\/\/www.empikfoto.sk\/blog\/wp-json\/wp\/v2\/categories?post=8766"},{"taxonomy":"post_tag","embeddable":true,"href":"https:\/\/www.empikfoto.sk\/blog\/wp-json\/wp\/v2\/tags?post=8766"}],"curies":[{"name":"wp","href":"https:\/\/api.w.org\/{rel}","templated":true}]}}