{"id":8751,"date":"2019-11-08T16:42:10","date_gmt":"2019-11-08T15:42:10","guid":{"rendered":"https:\/\/blog.empikfoto.sk\/?p=8751"},"modified":"2019-11-08T16:42:59","modified_gmt":"2019-11-08T15:42:59","slug":"ako-vytvorit-fotokalendar","status":"publish","type":"post","link":"https:\/\/www.empikfoto.sk\/blog\/ako-vytvorit-fotokalendar\/","title":{"rendered":"Ako vytvori\u0165 vlastn\u00fd fotokalend\u00e1r?"},"content":{"rendered":"<p>Fotokalend\u00e1r je sp\u00f4sob, ako zosta\u0165 nad vecou, aj ke\u010f sa v\u00e1m t\u00fd\u017ede\u0148 za\u010dne plni\u0165 povinnos\u0165ami. Ka\u017ed\u00fd mesiac po\u010das cel\u00e9ho roka sa budete m\u00f4c\u0165 te\u0161i\u0165 z vesel\u00fdch sn\u00edmkou va\u0161ej rodiny, det\u00ed alebo napr\u00edklad z dovoleniek. Ke\u010f sa rozhodnete, \u017ee jeden tak\u00fd kalend\u00e1r chcete ma\u0165 tie\u017e doma, vedie k tomu nieko\u013eko krokov.<!--more--><\/p>\n<h2>1.\u00a0 V\u00fdber fotiek<\/h2>\n<p>Ne\u017e za\u010dnete, budete potrebova\u0165 minim\u00e1lne 13 fotografi\u00ed. Na ka\u017ed\u00fd mesiac jednu a jedna e\u0161te p\u00f4jde na \u00favodn\u00fa stranu kalend\u00e1ra. Prejdite si svoj arch\u00edv a urobte si predv\u00fdber. Ide\u00e1lne je, ak budete vopred myslie\u0165 na to, ktor\u00e1 fotka by sedela k dan\u00e9mu mesiacu. Pokia\u013e si v tejto f\u00e1ze d\u00e1te pr\u00e1cu s v\u00fdberom, v\u00fdrazne si u\u013eah\u010d\u00edte \u010fal\u0161iu robotu. Najlep\u0161ie je vlo\u017ei\u0165 vybran\u00e9 fotky do samostatnej zlo\u017eky a pomenova\u0165 ich \u010d\u00edslami pod\u013ea mesiacov. Ak budete ma\u0165 viac ob\u013e\u00faben\u00fdch fotografi\u00ed, m\u00f4\u017eete pre jednotliv\u00e9 mesiace pripravi\u0165 aj kol\u00e1\u017ee. Kalend\u00e1r z fotiek tak pojme e\u0161te viac zauj\u00edmav\u00fdch fotografi\u00ed zo \u017eivota v\u00e1s a va\u0161ej rodiny.<\/p>\n<h2>2.\u00a0 V\u00fdber \u0161abl\u00f3ny<\/h2>\n<p>\u010eal\u0161ie rozhodnutie, ktor\u00e9 v\u00e1s \u010dak\u00e1, je form\u00e1t kalend\u00e1ra. V ponuke s\u00fa kalend\u00e1re z\u00e1vesn\u00e9 aj kalend\u00e1re stolov\u00e9. <strong>Naj\u010dastej\u0161\u00edm form\u00e1tom je <a href=\"https:\/\/www.empikfoto.sk\/fotokalendare\/temy\">klasick\u00fd z\u00e1vesn\u00fd kalend\u00e1r s fotografiou<\/a> na ka\u017ed\u00fd mesiac<\/strong> a s klasickou preh\u013eadnou tabu\u013ekou dn\u00ed. Vyskytuje sa v dvoch z\u00e1kladn\u00fdch ve\u013ekostiach: men\u0161\u00ed 20 x 30 cm alebo v\u00e4\u010d\u0161\u00ed 30 x 40 cm.<\/p>\n<p>Pon\u00fakaj\u00fa sa v\u00e1m tie\u017e r\u00f4zne grafick\u00e9 prevedenia. \u0160abl\u00f3ny kalend\u00e1rov maj\u00fa r\u00f4zne fonty a pripraven\u00e9 r\u00e1m\u010deky. Niektor\u00e9 s\u00fa ozdobnej\u0161ie alebo farebnej\u0161ie a po\u010d\u00edtaj\u00fa sk\u00f4r s t\u00fdm, \u017ee bud\u00fa napr\u00edklad v detskej izbe. In\u00e9 s\u00fa elegantnej\u0161ie a m\u00f4\u017eu visie\u0165 napr\u00edklad v oteckovej kancel\u00e1rii. \u010eal\u0161\u00ed mo\u017en\u00fd variant je vyu\u017eitie pr\u00e1zdnej \u0161abl\u00f3ny, ktor\u00e1 po\u010d\u00edta so z\u00e1kladnou tabu\u013ekou dn\u00ed a v\u0161etko ostatn\u00e9 u\u017e je na v\u00e1s.<\/p>\n<h2>3.\u00a0 Tvorba fotokalend\u00e1ra<\/h2>\n<p>Ke\u010f si zvol\u00edte ten prav\u00fd, pr\u00edde na rad samotn\u00e1 tvorba kalend\u00e1ra. V priebehu objedn\u00e1vky sa dostanete do editora, kde nahr\u00e1te svoje vybran\u00e9 fotografie. M\u00f4\u017eete si ich potom rozdeli\u0165 do jednotliv\u00fdch mesiacov. V\u0161etko si v editore prehliadnete tak, ako to bude vo v\u00fdsledku vyzera\u0165 a rozmysl\u00edte si kompoz\u00edciu.<\/p>\n<h2>4.\u00a0 Zdobenie\u00a0fotokalend\u00e1ra<\/h2>\n<p>Kalend\u00e1r m\u00f4\u017eete necha\u0165 v jednoduchom \u0161t\u00fdle alebo mu vd\u00fdchnu\u0165 osobitej\u0161\u00ed r\u00e1z. <strong>Editor v\u00e1m pon\u00fakne vyzdobenie str\u00e1nok r\u00f4znymi klipartami a textami.<\/strong> M\u00f4\u017eete tak k fotografi\u00e1m prid\u00e1va\u0165 popisky alebo zaznamena\u0165 niektor\u00e9 ob\u013e\u00faben\u00e9 hl\u00e1\u0161ky. Kliparty urobia cel\u00fd kalend\u00e1r hravej\u0161\u00ed. Niektor\u00e9 s\u00fa elegantnej\u0161ie a hodia sa sk\u00f4r do kalend\u00e1rov pre babi\u010dku, ako napr\u00edklad r\u00f4zne kvetinov\u00e9 vzory. In\u00e9 s\u00fa farebnej\u0161ie a pote\u0161ia deti alebo mami\u010dky.<\/p>\n<h2>5.\u00a0 Tla\u010d<\/h2>\n<p>Potom u\u017e prich\u00e1dza na rad odoslanie objedn\u00e1vky a o tla\u010d sa u\u017e nestar\u00e1te. Kalend\u00e1r k v\u00e1m doraz\u00ed o nieko\u013eko pracovn\u00fdch dn\u00ed na kriedovom papieri a budete si ho m\u00f4c\u0165 u\u017e\u00edva\u0165 cel\u00fd rok. Vlastn\u00fd kalend\u00e1r s fotkami si tie\u017e m\u00f4\u017eete necha\u0165 vyrobi\u0165 v r\u00f4znych variantoch, napr\u00edklad ako stolov\u00fd kalend\u00e1r \u010di kalend\u00e1r n\u00e1stenn\u00fd.<\/p>\n<p>&nbsp;<\/p>\n","protected":false},"excerpt":{"rendered":"<p>Fotokalend\u00e1r je sp\u00f4sob, ako zosta\u0165 nad vecou, aj ke\u010f sa v\u00e1m t\u00fd\u017ede\u0148 za\u010dne plni\u0165 povinnos\u0165ami. Ka\u017ed\u00fd mesiac po\u010das cel\u00e9ho roka sa budete m\u00f4c\u0165 te\u0161i\u0165 z vesel\u00fdch sn\u00edmkou va\u0161ej rodiny, det\u00ed alebo napr\u00edklad z dovoleniek. Ke\u010f sa rozhodnete, \u017ee jeden tak\u00fd kalend\u00e1r chcete ma\u0165 tie\u017e doma, vedie k tomu nieko\u013eko krokov.<\/p>\n","protected":false},"author":19,"featured_media":8752,"comment_status":"open","ping_status":"closed","sticky":false,"template":"","format":"standard","meta":{"footnotes":""},"categories":[783,784],"tags":[],"yoast_head":"<!-- This site is optimized with the Yoast SEO plugin v23.0 - https:\/\/yoast.com\/wordpress\/plugins\/seo\/ -->\n<title>Ako vytvori\u0165 vlastn\u00fd fotokalend\u00e1r? | blog.empikfoto.sk<\/title>\n<meta name=\"robots\" content=\"index, follow, max-snippet:-1, max-image-preview:large, max-video-preview:-1\" \/>\n<link rel=\"canonical\" href=\"https:\/\/www.empikfoto.sk\/blog\/ako-vytvorit-fotokalendar\/\" \/>\n<meta property=\"og:locale\" content=\"pl_PL\" \/>\n<meta property=\"og:type\" content=\"article\" \/>\n<meta property=\"og:title\" content=\"Ako vytvori\u0165 vlastn\u00fd fotokalend\u00e1r? | blog.empikfoto.sk\" \/>\n<meta property=\"og:description\" content=\"Fotokalend\u00e1r je sp\u00f4sob, ako zosta\u0165 nad vecou, aj ke\u010f sa v\u00e1m t\u00fd\u017ede\u0148 za\u010dne plni\u0165 povinnos\u0165ami. Ka\u017ed\u00fd mesiac po\u010das cel\u00e9ho roka sa budete m\u00f4c\u0165 te\u0161i\u0165 z vesel\u00fdch sn\u00edmkou va\u0161ej rodiny, det\u00ed alebo napr\u00edklad z dovoleniek. Ke\u010f sa rozhodnete, \u017ee jeden tak\u00fd kalend\u00e1r chcete ma\u0165 tie\u017e doma, vedie k tomu nieko\u013eko krokov.\" \/>\n<meta property=\"og:url\" content=\"https:\/\/www.empikfoto.sk\/blog\/ako-vytvorit-fotokalendar\/\" \/>\n<meta property=\"og:site_name\" content=\"blog.empikfoto.sk\" \/>\n<meta property=\"article:publisher\" content=\"https:\/\/www.facebook.com\/empikfotopl\/\" \/>\n<meta property=\"article:published_time\" content=\"2019-11-08T15:42:10+00:00\" \/>\n<meta property=\"article:modified_time\" content=\"2019-11-08T15:42:59+00:00\" \/>\n<meta property=\"og:image\" content=\"https:\/\/www.empikfoto.sk\/blog\/empikfoto\/2019\/11\/Empik_sesja_swiateczna-68-min.jpg\" \/>\n\t<meta property=\"og:image:width\" content=\"7120\" \/>\n\t<meta property=\"og:image:height\" content=\"4752\" \/>\n\t<meta property=\"og:image:type\" content=\"image\/jpeg\" \/>\n<meta name=\"author\" content=\"Lenka\" \/>\n<meta name=\"twitter:card\" content=\"summary_large_image\" \/>\n<meta name=\"twitter:creator\" content=\"@empikfoto\" \/>\n<meta name=\"twitter:site\" content=\"@empikfoto\" \/>\n<meta name=\"twitter:label1\" content=\"Napisane przez\" \/>\n\t<meta name=\"twitter:data1\" content=\"Lenka\" \/>\n\t<meta name=\"twitter:label2\" content=\"Szacowany czas czytania\" \/>\n\t<meta name=\"twitter:data2\" content=\"3 minuty\" \/>\n<script type=\"application\/ld+json\" class=\"yoast-schema-graph\">{\"@context\":\"https:\/\/schema.org\",\"@graph\":[{\"@type\":\"WebPage\",\"@id\":\"https:\/\/www.empikfoto.sk\/blog\/ako-vytvorit-fotokalendar\/\",\"url\":\"https:\/\/www.empikfoto.sk\/blog\/ako-vytvorit-fotokalendar\/\",\"name\":\"Ako vytvori\u0165 vlastn\u00fd fotokalend\u00e1r? | blog.empikfoto.sk\",\"isPartOf\":{\"@id\":\"https:\/\/www.empikfoto.sk\/blog\/#website\"},\"primaryImageOfPage\":{\"@id\":\"https:\/\/www.empikfoto.sk\/blog\/ako-vytvorit-fotokalendar\/#primaryimage\"},\"image\":{\"@id\":\"https:\/\/www.empikfoto.sk\/blog\/ako-vytvorit-fotokalendar\/#primaryimage\"},\"thumbnailUrl\":\"https:\/\/www.empikfoto.sk\/blog\/empikfoto\/2019\/11\/Empik_sesja_swiateczna-68-min.jpg\",\"datePublished\":\"2019-11-08T15:42:10+00:00\",\"dateModified\":\"2019-11-08T15:42:59+00:00\",\"author\":{\"@id\":\"https:\/\/www.empikfoto.sk\/blog\/#\/schema\/person\/21a64f3f9f42e429f123b55e19f03c79\"},\"breadcrumb\":{\"@id\":\"https:\/\/www.empikfoto.sk\/blog\/ako-vytvorit-fotokalendar\/#breadcrumb\"},\"inLanguage\":\"pl-PL\",\"potentialAction\":[{\"@type\":\"ReadAction\",\"target\":[\"https:\/\/www.empikfoto.sk\/blog\/ako-vytvorit-fotokalendar\/\"]}]},{\"@type\":\"ImageObject\",\"inLanguage\":\"pl-PL\",\"@id\":\"https:\/\/www.empikfoto.sk\/blog\/ako-vytvorit-fotokalendar\/#primaryimage\",\"url\":\"https:\/\/www.empikfoto.sk\/blog\/empikfoto\/2019\/11\/Empik_sesja_swiateczna-68-min.jpg\",\"contentUrl\":\"https:\/\/www.empikfoto.sk\/blog\/empikfoto\/2019\/11\/Empik_sesja_swiateczna-68-min.jpg\",\"width\":7120,\"height\":4752,\"caption\":\"fotokalendar\"},{\"@type\":\"BreadcrumbList\",\"@id\":\"https:\/\/www.empikfoto.sk\/blog\/ako-vytvorit-fotokalendar\/#breadcrumb\",\"itemListElement\":[{\"@type\":\"ListItem\",\"position\":1,\"name\":\"Home\",\"item\":\"https:\/\/www.empikfoto.sk\/blog\/\"},{\"@type\":\"ListItem\",\"position\":2,\"name\":\"Ako vytvori\u0165 vlastn\u00fd fotokalend\u00e1r?\"}]},{\"@type\":\"WebSite\",\"@id\":\"https:\/\/www.empikfoto.sk\/blog\/#website\",\"url\":\"https:\/\/www.empikfoto.sk\/blog\/\",\"name\":\"blog.empikfoto.sk\",\"description\":\"Zozn\u00e1mte empikfoto.sk zvn\u00fatra! Z\u00edskajte viac inform\u00e1ci\u00ed o v\u00fdtla\u010dkoch, fotoknih\u00e1ch a fotografi\u00e1ch.\",\"potentialAction\":[{\"@type\":\"SearchAction\",\"target\":{\"@type\":\"EntryPoint\",\"urlTemplate\":\"https:\/\/www.empikfoto.sk\/blog\/?s={search_term_string}\"},\"query-input\":\"required name=search_term_string\"}],\"inLanguage\":\"pl-PL\"},{\"@type\":\"Person\",\"@id\":\"https:\/\/www.empikfoto.sk\/blog\/#\/schema\/person\/21a64f3f9f42e429f123b55e19f03c79\",\"name\":\"Lenka\",\"image\":{\"@type\":\"ImageObject\",\"inLanguage\":\"pl-PL\",\"@id\":\"https:\/\/www.empikfoto.sk\/blog\/#\/schema\/person\/image\/\",\"url\":\"https:\/\/secure.gravatar.com\/avatar\/367712963d3bfb4d4def2f08d664c7b9?s=96&d=identicon&r=g\",\"contentUrl\":\"https:\/\/secure.gravatar.com\/avatar\/367712963d3bfb4d4def2f08d664c7b9?s=96&d=identicon&r=g\",\"caption\":\"Lenka\"},\"url\":\"https:\/\/www.empikfoto.sk\/blog\/author\/klaudia\/\"}]}<\/script>\n<!-- \/ Yoast SEO plugin. -->","yoast_head_json":{"title":"Ako vytvori\u0165 vlastn\u00fd fotokalend\u00e1r? | blog.empikfoto.sk","robots":{"index":"index","follow":"follow","max-snippet":"max-snippet:-1","max-image-preview":"max-image-preview:large","max-video-preview":"max-video-preview:-1"},"canonical":"https:\/\/www.empikfoto.sk\/blog\/ako-vytvorit-fotokalendar\/","og_locale":"pl_PL","og_type":"article","og_title":"Ako vytvori\u0165 vlastn\u00fd fotokalend\u00e1r? | blog.empikfoto.sk","og_description":"Fotokalend\u00e1r je sp\u00f4sob, ako zosta\u0165 nad vecou, aj ke\u010f sa v\u00e1m t\u00fd\u017ede\u0148 za\u010dne plni\u0165 povinnos\u0165ami. Ka\u017ed\u00fd mesiac po\u010das cel\u00e9ho roka sa budete m\u00f4c\u0165 te\u0161i\u0165 z vesel\u00fdch sn\u00edmkou va\u0161ej rodiny, det\u00ed alebo napr\u00edklad z dovoleniek. Ke\u010f sa rozhodnete, \u017ee jeden tak\u00fd kalend\u00e1r chcete ma\u0165 tie\u017e doma, vedie k tomu nieko\u013eko krokov.","og_url":"https:\/\/www.empikfoto.sk\/blog\/ako-vytvorit-fotokalendar\/","og_site_name":"blog.empikfoto.sk","article_publisher":"https:\/\/www.facebook.com\/empikfotopl\/","article_published_time":"2019-11-08T15:42:10+00:00","article_modified_time":"2019-11-08T15:42:59+00:00","og_image":[{"width":7120,"height":4752,"url":"https:\/\/www.empikfoto.sk\/blog\/empikfoto\/2019\/11\/Empik_sesja_swiateczna-68-min.jpg","type":"image\/jpeg"}],"author":"Lenka","twitter_card":"summary_large_image","twitter_creator":"@empikfoto","twitter_site":"@empikfoto","twitter_misc":{"Napisane przez":"Lenka","Szacowany czas czytania":"3 minuty"},"schema":{"@context":"https:\/\/schema.org","@graph":[{"@type":"WebPage","@id":"https:\/\/www.empikfoto.sk\/blog\/ako-vytvorit-fotokalendar\/","url":"https:\/\/www.empikfoto.sk\/blog\/ako-vytvorit-fotokalendar\/","name":"Ako vytvori\u0165 vlastn\u00fd fotokalend\u00e1r? | blog.empikfoto.sk","isPartOf":{"@id":"https:\/\/www.empikfoto.sk\/blog\/#website"},"primaryImageOfPage":{"@id":"https:\/\/www.empikfoto.sk\/blog\/ako-vytvorit-fotokalendar\/#primaryimage"},"image":{"@id":"https:\/\/www.empikfoto.sk\/blog\/ako-vytvorit-fotokalendar\/#primaryimage"},"thumbnailUrl":"https:\/\/www.empikfoto.sk\/blog\/empikfoto\/2019\/11\/Empik_sesja_swiateczna-68-min.jpg","datePublished":"2019-11-08T15:42:10+00:00","dateModified":"2019-11-08T15:42:59+00:00","author":{"@id":"https:\/\/www.empikfoto.sk\/blog\/#\/schema\/person\/21a64f3f9f42e429f123b55e19f03c79"},"breadcrumb":{"@id":"https:\/\/www.empikfoto.sk\/blog\/ako-vytvorit-fotokalendar\/#breadcrumb"},"inLanguage":"pl-PL","potentialAction":[{"@type":"ReadAction","target":["https:\/\/www.empikfoto.sk\/blog\/ako-vytvorit-fotokalendar\/"]}]},{"@type":"ImageObject","inLanguage":"pl-PL","@id":"https:\/\/www.empikfoto.sk\/blog\/ako-vytvorit-fotokalendar\/#primaryimage","url":"https:\/\/www.empikfoto.sk\/blog\/empikfoto\/2019\/11\/Empik_sesja_swiateczna-68-min.jpg","contentUrl":"https:\/\/www.empikfoto.sk\/blog\/empikfoto\/2019\/11\/Empik_sesja_swiateczna-68-min.jpg","width":7120,"height":4752,"caption":"fotokalendar"},{"@type":"BreadcrumbList","@id":"https:\/\/www.empikfoto.sk\/blog\/ako-vytvorit-fotokalendar\/#breadcrumb","itemListElement":[{"@type":"ListItem","position":1,"name":"Home","item":"https:\/\/www.empikfoto.sk\/blog\/"},{"@type":"ListItem","position":2,"name":"Ako vytvori\u0165 vlastn\u00fd fotokalend\u00e1r?"}]},{"@type":"WebSite","@id":"https:\/\/www.empikfoto.sk\/blog\/#website","url":"https:\/\/www.empikfoto.sk\/blog\/","name":"blog.empikfoto.sk","description":"Zozn\u00e1mte empikfoto.sk zvn\u00fatra! Z\u00edskajte viac inform\u00e1ci\u00ed o v\u00fdtla\u010dkoch, fotoknih\u00e1ch a fotografi\u00e1ch.","potentialAction":[{"@type":"SearchAction","target":{"@type":"EntryPoint","urlTemplate":"https:\/\/www.empikfoto.sk\/blog\/?s={search_term_string}"},"query-input":"required name=search_term_string"}],"inLanguage":"pl-PL"},{"@type":"Person","@id":"https:\/\/www.empikfoto.sk\/blog\/#\/schema\/person\/21a64f3f9f42e429f123b55e19f03c79","name":"Lenka","image":{"@type":"ImageObject","inLanguage":"pl-PL","@id":"https:\/\/www.empikfoto.sk\/blog\/#\/schema\/person\/image\/","url":"https:\/\/secure.gravatar.com\/avatar\/367712963d3bfb4d4def2f08d664c7b9?s=96&d=identicon&r=g","contentUrl":"https:\/\/secure.gravatar.com\/avatar\/367712963d3bfb4d4def2f08d664c7b9?s=96&d=identicon&r=g","caption":"Lenka"},"url":"https:\/\/www.empikfoto.sk\/blog\/author\/klaudia\/"}]}},"_links":{"self":[{"href":"https:\/\/www.empikfoto.sk\/blog\/wp-json\/wp\/v2\/posts\/8751"}],"collection":[{"href":"https:\/\/www.empikfoto.sk\/blog\/wp-json\/wp\/v2\/posts"}],"about":[{"href":"https:\/\/www.empikfoto.sk\/blog\/wp-json\/wp\/v2\/types\/post"}],"author":[{"embeddable":true,"href":"https:\/\/www.empikfoto.sk\/blog\/wp-json\/wp\/v2\/users\/19"}],"replies":[{"embeddable":true,"href":"https:\/\/www.empikfoto.sk\/blog\/wp-json\/wp\/v2\/comments?post=8751"}],"version-history":[{"count":1,"href":"https:\/\/www.empikfoto.sk\/blog\/wp-json\/wp\/v2\/posts\/8751\/revisions"}],"predecessor-version":[{"id":8753,"href":"https:\/\/www.empikfoto.sk\/blog\/wp-json\/wp\/v2\/posts\/8751\/revisions\/8753"}],"wp:featuredmedia":[{"embeddable":true,"href":"https:\/\/www.empikfoto.sk\/blog\/wp-json\/wp\/v2\/media\/8752"}],"wp:attachment":[{"href":"https:\/\/www.empikfoto.sk\/blog\/wp-json\/wp\/v2\/media?parent=8751"}],"wp:term":[{"taxonomy":"category","embeddable":true,"href":"https:\/\/www.empikfoto.sk\/blog\/wp-json\/wp\/v2\/categories?post=8751"},{"taxonomy":"post_tag","embeddable":true,"href":"https:\/\/www.empikfoto.sk\/blog\/wp-json\/wp\/v2\/tags?post=8751"}],"curies":[{"name":"wp","href":"https:\/\/api.w.org\/{rel}","templated":true}]}}