{"id":8684,"date":"2019-07-11T11:07:46","date_gmt":"2019-07-11T09:07:46","guid":{"rendered":"https:\/\/blog.empikfoto.sk\/?p=8684"},"modified":"2019-07-12T12:02:47","modified_gmt":"2019-07-12T10:02:47","slug":"ako-upravovat-fotky-zakladny-manual","status":"publish","type":"post","link":"https:\/\/www.empikfoto.sk\/blog\/ako-upravovat-fotky-zakladny-manual\/","title":{"rendered":"Ako upravova\u0165 fotky &#8211; z\u00e1kladn\u00fd manu\u00e1l"},"content":{"rendered":"<p>V\u00e4\u010d\u0161ina fotografi\u00ed si pre ide\u00e1lny v\u00fdsledok \u017eiada e\u0161te drobn\u00e9 \u00fapravy v po\u010d\u00edta\u010di. Niekedy preto, \u017ee sa sna\u017e\u00edte zachyti\u0165 neopakovate\u013en\u00fd okamih v zhone, niekedy kv\u00f4li zl\u00fdm sveteln\u00fdm podmienkam a niekedy skr\u00e1tka preto, \u017ee v\u00e1\u0161 fotoapar\u00e1t nezvl\u00e1dne zachyti\u0165 spr\u00e1vne svetlo alebo kompoz\u00edciu. Pokia\u013e s \u00fapravami fotografi\u00ed za\u010d\u00ednate, n\u00e1jdete tu zop\u00e1r z\u00e1kladn\u00fdch r\u00e1d, ako sa v editoroch zorientova\u0165, ako a ktor\u00e9 parametre pou\u017e\u00edva\u0165.<\/p>\n<h1>Kompoz\u00edcia<\/h1>\n<p>Kompoz\u00edcia je to, ako s\u00fa vo fotografii umiestnen\u00e9 objekty. \u010ci je postava napravo, na\u013eavo, \u010di nem\u00e1 ve\u013ea miesta nad hlavou alebo naopak pod nohami a podobne. Pre \u00fapravu kompoz\u00edcie sa pou\u017e\u00edva orezanie. M\u00f4\u017eete oreza\u0165 fotografiu tak, aby objekty na nej boli v ide\u00e1lnom pomere. Jednou z mo\u017enost\u00ed spr\u00e1vnej kompoz\u00edcie je smerova\u0165 osobu alebo hlavn\u00fd objekt na stred. Za ide\u00e1lne je pova\u017eovan\u00e9 umiestni\u0165 ho do tzv. zlat\u00e9ho rezu. Zlat\u00fd rez je asi v dvoch tretin\u00e1ch fotografie. Znamen\u00e1 to teda, \u017ee hlavn\u00fd objekt nebude v strede fotografie, ale bude posunut\u00fd o k\u00fasok doprava alebo do\u013eava. Jedn\u00fdm z pravidiel kompoz\u00edcie je, aby fotografovan\u00e1 osoba smerovala svoj poh\u013ead do stredu fotografie. Nemala by by\u0165 nato\u010den\u00e1 mimo fotografie.<\/p>\n<p><img loading=\"lazy\" decoding=\"async\" class=\"alignnone size-full wp-image-7809\" src=\"https:\/\/blog.empikfoto.sk\/empikfoto\/2017\/09\/KFE2017_header.jpg\" alt=\"Konkurs Fotograficzny Empikfoto\" width=\"1200\" height=\"800\" srcset=\"https:\/\/www.empikfoto.sk\/blog\/empikfoto\/2017\/09\/KFE2017_header.jpg 1200w, https:\/\/www.empikfoto.sk\/blog\/empikfoto\/2017\/09\/KFE2017_header-300x200.jpg 300w, https:\/\/www.empikfoto.sk\/blog\/empikfoto\/2017\/09\/KFE2017_header-768x512.jpg 768w, https:\/\/www.empikfoto.sk\/blog\/empikfoto\/2017\/09\/KFE2017_header-1024x683.jpg 1024w, https:\/\/www.empikfoto.sk\/blog\/empikfoto\/2017\/09\/KFE2017_header-330x220.jpg 330w, https:\/\/www.empikfoto.sk\/blog\/empikfoto\/2017\/09\/KFE2017_header-400x267.jpg 400w\" sizes=\"(max-width: 1200px) 100vw, 1200px\" \/><\/p>\n<h1>Jas<\/h1>\n<p>Pre zlep\u0161enie svetla vo fotografii m\u00f4\u017eete meni\u0165 nastavenie jasu. Ak prid\u00e1te jas, fotografia sa zosvetl\u00ed, pokia\u013e by ste mali na fotografii svetla naopak prive\u013ea, jas treba ubra\u0165. Ak by ste sa sna\u017eili zosvetli\u0165 pr\u00edli\u0161 tmav\u00fa fotografiu, m\u00f4\u017ee sa sta\u0165, \u017ee bude p\u00f4sobi\u0165 ako by bola v mlie\u010dnom opare alebo sa na nej zobraz\u00ed bodkovan\u00e1 text\u00fara. D\u00e1 sa teda svetlos\u0165 prida\u0165, ale len s mierou. Ak urob\u00edte fotografiu vo ve\u013emi tmavom prostred\u00ed, u\u017e je \u0165a\u017ek\u00e9 ju opravi\u0165.<\/p>\n<h1>Kontrast<\/h1>\n<p>Kontrast je rozdiel medzi tmav\u00fdmi a svetl\u00fdmi farbami. Ak kontrast zv\u00fd\u0161ime, budeme ma\u0165 na fotografii s\u00fdtej\u0161ie tiene, tmav\u00e9 farby bud\u00fa tmav\u0161ie a svetl\u00e9 svetlej\u0161ie. Viac vynikn\u00fa rozdiely vo farb\u00e1ch. Ni\u017e\u0161\u00ed kontrast sp\u00f4sob\u00ed, \u017ee je fotografia viac jednoliata, \u017ee farby s\u00fa jemnej\u0161ie a s\u00fa medzi nimi men\u0161ie rozdiely. S nastaven\u00edm jasu sa m\u00f4\u017eete hra\u0165 pod\u013ea vlastn\u00e9ho gusta. Niekto preferuje kontrastnej\u0161ie fotografie, in\u00fd m\u00e1 r\u00e1d jemnej\u0161ie rozdiely. V poslednej dobe sa na soci\u00e1lnych sie\u0165ach objavuj\u00fa sk\u00f4r prekontrastovan\u00e9 fotografie.<\/p>\n<h1>S\u00fdtos\u0165<\/h1>\n<p>S\u00fdtos\u0165 dop\u013a\u0148a kontrast. Pri jej zv\u00fd\u0161en\u00ed s\u00fa farby v\u00fdraznej\u0161ie a viac vynikn\u00fa. Ak m\u00e1te fotografiu naopak pr\u00edli\u0161 farebn\u00fa a radi by ste na nej mali sk\u00f4r jemnej\u0161ie farby, napr\u00edklad vo vintage \u0161t\u00fdle, je potrebn\u00e9 s\u00fdtos\u0165 zasa ubra\u0165. Utlmia sa tak krik\u013eav\u00e9 t\u00f3ny.<\/p>\n<p><img loading=\"lazy\" decoding=\"async\" class=\"alignnone size-full wp-image-8244\" src=\"https:\/\/blog.empikfoto.sk\/empikfoto\/2018\/03\/Empikfoto_wn\u0119trza_15.jpg\" alt=\"\" width=\"4896\" height=\"3268\" srcset=\"https:\/\/www.empikfoto.sk\/blog\/empikfoto\/2018\/03\/Empikfoto_wn\u0119trza_15.jpg 4896w, https:\/\/www.empikfoto.sk\/blog\/empikfoto\/2018\/03\/Empikfoto_wn\u0119trza_15-300x200.jpg 300w, https:\/\/www.empikfoto.sk\/blog\/empikfoto\/2018\/03\/Empikfoto_wn\u0119trza_15-768x513.jpg 768w, https:\/\/www.empikfoto.sk\/blog\/empikfoto\/2018\/03\/Empikfoto_wn\u0119trza_15-1024x684.jpg 1024w, https:\/\/www.empikfoto.sk\/blog\/empikfoto\/2018\/03\/Empikfoto_wn\u0119trza_15-330x220.jpg 330w, https:\/\/www.empikfoto.sk\/blog\/empikfoto\/2018\/03\/Empikfoto_wn\u0119trza_15-400x267.jpg 400w\" sizes=\"(max-width: 4896px) 100vw, 4896px\" \/><\/p>\n<p><em>\u010ci u\u017e to bude mal\u00fd alebo ve\u013ek\u00fd form\u00e1t, va\u0161e fotografie v\u00e1s bud\u00fa te\u0161i\u0165 dlh\u00e9 roky. Zdroj: <\/em><a href=\"http:\/\/empikfoto.sk\">empikfoto.sk<\/a><\/p>\n<h1>Teplota<\/h1>\n<p>Tento ukazovate\u013e reguluje, \u010di sa farby uchy\u013euj\u00fa k studen\u00fdm modr\u00fdm t\u00f3nom alebo k oran\u017eov\u00fdm tepl\u00fdm t\u00f3nom. T\u00fdm sa menia tak, \u017ee p\u00f4sobia ako teplej\u0161ie alebo studen\u0161ie farby. Ak napr\u00edklad fotografujete pri svetle zapadaj\u00faceho slnka a chcete e\u0161te zosilni\u0165 efekt oran\u017eov\u00fdch t\u00f3nov, vy\u0161\u0161ia teplota v\u00e1m s t\u00fdm pom\u00f4\u017ee. Ak by v\u00e1m naopak tepl\u00e9 slnko o\u017earovalo zamrznut\u00fa krajinu a chceli by ste rad\u0161ej, aby bola fotografia viac studen\u0161ia, m\u00f4\u017eete teplotu farieb zn\u00ed\u017ei\u0165.<\/p>\n<p>Faktorov pre \u00fapravu fotografi\u00ed je viac. S t\u00fdmito z\u00e1kladn\u00fdmi sa v\u00e1m ale podar\u00ed vylep\u0161i\u0165 aspo\u0148 z\u00e1kladn\u00e9 parametre fotografi\u00ed, na ktor\u00fdch nie je potrebn\u00e1 \u017eiadna retu\u0161 alebo n\u00e1ro\u010dnej\u0161ie zmeny. Vylep\u0161\u00ed sa hlavne rozlo\u017eenie farieb a celkov\u00fd v\u00fdzor. Dostato\u010dne si s nimi vysta\u010d\u00edte pri v\u00e4\u010d\u0161ine fotografi\u00ed.<\/p>\n<p>Upravova\u0165 fotografie m\u00f4\u017eete v r\u00f4znych programoch. N\u00e1jdete ur\u010dite nieko\u013eko free softv\u00e9rov alebo ak sa do fotografovania pust\u00edte viac, tak si m\u00f4\u017eete nejak\u00fd program zak\u00fapi\u0165. Medzi tie free patr\u00ed napr\u00edklad Photofiltre alebo Gimp. Platen\u00e9 programy pre \u00fapravy s\u00fa napr\u00edklad Zoner Photo \u0161t\u00fadio alebo Adobe Photoshop. Platen\u00e9 programy maj\u00fa v\u00e4\u010d\u0161inou sk\u00fa\u0161obn\u00fa verziu napr\u00edklad na 30 dn\u00ed. V tejto dobe ich m\u00f4\u017eete zadarmo vysk\u00fa\u0161a\u0165.<\/p>\n<p>Ke\u010f budete ma\u0165 fotografie kvalitne upraven\u00e9, bud\u00fa pripraven\u00e9 pre \u010fal\u0161ie zdie\u013eanie alebo vystavenie. V\u010faka \u00faprav\u00e1m bud\u00fa fotografie po vytla\u010den\u00ed vyzera\u0165 ove\u013ea lep\u0161ie, ne\u017e keby ste ich nechali v surovom stave po vyfoten\u00ed. Upraven\u00e9 fotografie s\u00fa pripraven\u00e9 na mal\u00e9 form\u00e1ty pre va\u0161e albumy alebo aj pre v\u00e4\u010d\u0161ie form\u00e1ty na vyvesenie.<\/p>\n<p>Dobr\u00fd fotograf sa z v\u00e1s stane hlavne pravideln\u00fdm tr\u00e9ningom. Preto sa pustite do vlastn\u00e9ho sk\u00fa\u0161ania a objavovania na va\u0161ich umeleck\u00fdch dielach.<\/p>\n<h1>Kvalitn\u00e1 tla\u010d<\/h1>\n<p>Akon\u00e1hle budete so svojou fotkou spokojn\u00ed, je potrebn\u00e9 ju necha\u0165 vytla\u010di\u0165. Kvalitn\u00e1 tla\u010d je z\u00e1kladom, aby skuto\u010dne vynikla kr\u00e1sa v\u00e1\u0161ho umeleck\u00e9ho diela.<\/p>\n<div style=\"display: inline-block; margin: 10px auto;\">\n<p><a title=\"fotky\" href=\"https:\/\/www.empikfoto.sk\/fotky,vytlacky\"><img decoding=\"async\" src=\"https:\/\/static.empikfoto.pl\/kategorie\/standard_odbitki.jpg\" alt=\"fotky\" \/><\/a><\/p>\n<p style=\"text-align: center;\"><a href=\"https:\/\/www.empikfoto.sk\/fotky,vytlacky\"><strong>Fotky<\/strong><\/a>\u00a0(9\u00d713\u201315\u00d721 cm) od 0,05\u00a0\u20ac<\/p>\n<\/div>\n<div style=\"display: inline-block; margin: 10px auto;\">\n<p><a title=\"\" href=\"https:\/\/www.empikfoto.sk\/fotky,velke-vytlacky\"><img decoding=\"async\" src=\"https:\/\/static.empikfoto.pl\/kategorie\/duze_odbitki.jpg\" alt=\"Ve\u013ek\u00e9 fotky\" \/><\/a><\/p>\n<p style=\"text-align: center;\"><strong><a href=\"https:\/\/www.empikfoto.sk\/fotky,velke-vytlacky\">Ve\u013ek\u00e9 fotky<\/a><\/strong>\u00a0(20\u00d730\u201330\u00d745 cm)\u00a0od 1,50 \u20ac<\/p>\n<\/div>\n<div style=\"display: inline-block; margin: 10px auto;\">\n<p><a title=\"\" href=\"https:\/\/www.empikfoto.sk\/fotky,vytlacky-xxl\"><img decoding=\"async\" src=\"https:\/\/static.empikfoto.pl\/kategorie\/odbitki_xxl2.jpg\" alt=\"Fotky XXL\" \/><\/a><\/p>\n<p style=\"text-align: center;\"><a href=\"https:\/\/www.empikfoto.sk\/fotky,vytlacky-xxl\"><strong>Fotky XXL<\/strong><\/a> (40&#215;50-70&#215;100 cm)\u00a0od 5,50 \u20ac<\/p>\n<\/div>\n<div style=\"display: inline-block; margin: 10px auto;\">\n<p><a title=\"\" href=\"https:\/\/www.empikfoto.sk\/fotky,odbitki-retro?format=10x12&amp;druh-papiera=premiovy-lesk\"><img decoding=\"async\" src=\"https:\/\/static.empikfoto.pl\/kategorie\/novinka_retro_fotografie_cz-i-sk.jpg\" alt=\"retro\" \/><\/a><\/p>\n<p style=\"text-align: center;\"><a href=\"https:\/\/www.empikfoto.sk\/fotky,odbitki-retro?format=10x12&amp;druh-papiera=premiovy-lesk\"><strong>Retro fotky <\/strong><\/a>(10&#215;12 cm)\u00a0od 0,13 \u20ac<\/p>\n<\/div>\n<div style=\"display: inline-block; margin: 10px auto;\">\n<p><a title=\"\" href=\"https:\/\/www.empikfoto.sk\/fotky,instafotky\"><img decoding=\"async\" src=\"https:\/\/static.empikfoto.sk\/images\/paulina\/foto\/insta_box.png\" alt=\"InstaFotky\" \/><\/a><\/p>\n<p style=\"text-align: center;\"><a href=\"https:\/\/www.empikfoto.sk\/fotky,instafotky\"><strong>InstaFotky<\/strong><\/a> (10&#215;10 cm)\u00a0od 0,13 \u20ac<\/p>\n<\/div>\n","protected":false},"excerpt":{"rendered":"<p>V\u00e4\u010d\u0161ina fotografi\u00ed si pre ide\u00e1lny v\u00fdsledok \u017eiada e\u0161te drobn\u00e9 \u00fapravy v po\u010d\u00edta\u010di. Niekedy preto, \u017ee sa sna\u017e\u00edte zachyti\u0165 neopakovate\u013en\u00fd okamih v zhone, niekedy kv\u00f4li zl\u00fdm sveteln\u00fdm podmienkam a niekedy skr\u00e1tka preto, \u017ee v\u00e1\u0161 fotoapar\u00e1t nezvl\u00e1dne zachyti\u0165 spr\u00e1vne svetlo alebo kompoz\u00edciu. Pokia\u013e s \u00fapravami fotografi\u00ed za\u010d\u00ednate, n\u00e1jdete tu zop\u00e1r z\u00e1kladn\u00fdch r\u00e1d, ako sa v editoroch zorientova\u0165, ako a ktor\u00e9 parametre pou\u017e\u00edva\u0165. Kompoz\u00edcia Kompoz\u00edcia je to, ako s\u00fa vo fotografii umiestnen\u00e9 objekty. \u010ci je postava napravo, na\u013eavo, \u010di nem\u00e1 ve\u013ea miesta nad hlavou alebo naopak pod nohami a podobne. Pre \u00fapravu kompoz\u00edcie sa pou\u017e\u00edva orezanie. M\u00f4\u017eete oreza\u0165 fotografiu tak, aby objekty na nej boli v ide\u00e1lnom pomere. Jednou z mo\u017enost\u00ed spr\u00e1vnej kompoz\u00edcie je smerova\u0165 osobu alebo hlavn\u00fd objekt na stred. Za ide\u00e1lne je pova\u017eovan\u00e9 umiestni\u0165 ho do tzv. zlat\u00e9ho rezu. Zlat\u00fd rez je asi v dvoch tretin\u00e1ch fotografie. Znamen\u00e1 to teda, \u017ee hlavn\u00fd objekt nebude v strede fotografie, ale bude posunut\u00fd o k\u00fasok doprava alebo do\u013eava. Jedn\u00fdm z pravidiel kompoz\u00edcie je, aby fotografovan\u00e1 osoba smerovala svoj poh\u013ead do stredu fotografie. Nemala by by\u0165 nato\u010den\u00e1 mimo fotografie. Jas Pre zlep\u0161enie svetla vo fotografii m\u00f4\u017eete meni\u0165 nastavenie jasu. Ak prid\u00e1te jas, fotografia sa zosvetl\u00ed, pokia\u013e by ste mali na fotografii svetla naopak prive\u013ea, jas treba ubra\u0165. Ak by ste sa sna\u017eili zosvetli\u0165 pr\u00edli\u0161 tmav\u00fa fotografiu, m\u00f4\u017ee sa sta\u0165, \u017ee bude p\u00f4sobi\u0165 ako by bola v mlie\u010dnom opare alebo sa na nej zobraz\u00ed bodkovan\u00e1 text\u00fara. D\u00e1 sa teda svetlos\u0165 prida\u0165, ale len s mierou. Ak urob\u00edte fotografiu vo ve\u013emi tmavom prostred\u00ed, u\u017e je \u0165a\u017ek\u00e9 ju opravi\u0165. Kontrast Kontrast je rozdiel medzi tmav\u00fdmi a svetl\u00fdmi farbami. Ak kontrast zv\u00fd\u0161ime, budeme ma\u0165 na fotografii s\u00fdtej\u0161ie tiene, tmav\u00e9 farby bud\u00fa tmav\u0161ie a svetl\u00e9 svetlej\u0161ie. Viac vynikn\u00fa rozdiely vo farb\u00e1ch. Ni\u017e\u0161\u00ed kontrast sp\u00f4sob\u00ed, \u017ee je fotografia viac jednoliata, \u017ee farby s\u00fa jemnej\u0161ie a s\u00fa medzi nimi men\u0161ie rozdiely. S nastaven\u00edm jasu sa m\u00f4\u017eete hra\u0165 pod\u013ea vlastn\u00e9ho gusta. Niekto preferuje kontrastnej\u0161ie fotografie, in\u00fd m\u00e1 r\u00e1d jemnej\u0161ie rozdiely. V poslednej dobe sa na soci\u00e1lnych sie\u0165ach objavuj\u00fa sk\u00f4r prekontrastovan\u00e9 fotografie. S\u00fdtos\u0165 S\u00fdtos\u0165 dop\u013a\u0148a kontrast. Pri jej zv\u00fd\u0161en\u00ed s\u00fa farby v\u00fdraznej\u0161ie a viac vynikn\u00fa. Ak m\u00e1te fotografiu naopak pr\u00edli\u0161 farebn\u00fa a radi by ste na nej mali sk\u00f4r jemnej\u0161ie farby, napr\u00edklad vo vintage \u0161t\u00fdle, je potrebn\u00e9 s\u00fdtos\u0165 zasa ubra\u0165. Utlmia sa tak krik\u013eav\u00e9 t\u00f3ny. \u010ci u\u017e to bude mal\u00fd alebo ve\u013ek\u00fd form\u00e1t, va\u0161e fotografie v\u00e1s bud\u00fa te\u0161i\u0165 dlh\u00e9 roky. Zdroj: empikfoto.sk Teplota Tento ukazovate\u013e reguluje, \u010di sa farby uchy\u013euj\u00fa k studen\u00fdm modr\u00fdm t\u00f3nom alebo k oran\u017eov\u00fdm tepl\u00fdm t\u00f3nom. T\u00fdm sa menia tak, \u017ee p\u00f4sobia ako teplej\u0161ie alebo studen\u0161ie farby. Ak napr\u00edklad fotografujete pri svetle zapadaj\u00faceho slnka a chcete e\u0161te zosilni\u0165 efekt oran\u017eov\u00fdch t\u00f3nov, vy\u0161\u0161ia teplota v\u00e1m s t\u00fdm pom\u00f4\u017ee. Ak by v\u00e1m naopak tepl\u00e9 slnko o\u017earovalo zamrznut\u00fa krajinu a chceli by ste rad\u0161ej, aby bola fotografia viac studen\u0161ia, m\u00f4\u017eete teplotu farieb zn\u00ed\u017ei\u0165. Faktorov pre \u00fapravu fotografi\u00ed je viac. S t\u00fdmito z\u00e1kladn\u00fdmi sa v\u00e1m ale podar\u00ed vylep\u0161i\u0165 aspo\u0148 z\u00e1kladn\u00e9 parametre fotografi\u00ed, na ktor\u00fdch nie je potrebn\u00e1 \u017eiadna retu\u0161 alebo n\u00e1ro\u010dnej\u0161ie zmeny. Vylep\u0161\u00ed sa hlavne rozlo\u017eenie farieb a celkov\u00fd v\u00fdzor. Dostato\u010dne si s nimi vysta\u010d\u00edte pri v\u00e4\u010d\u0161ine fotografi\u00ed. Upravova\u0165 fotografie m\u00f4\u017eete v r\u00f4znych programoch. N\u00e1jdete ur\u010dite nieko\u013eko free softv\u00e9rov alebo ak sa do fotografovania pust\u00edte viac, tak si m\u00f4\u017eete nejak\u00fd program zak\u00fapi\u0165. Medzi tie free patr\u00ed napr\u00edklad Photofiltre alebo Gimp. Platen\u00e9 programy pre \u00fapravy s\u00fa napr\u00edklad Zoner Photo \u0161t\u00fadio alebo Adobe Photoshop. Platen\u00e9 programy maj\u00fa v\u00e4\u010d\u0161inou sk\u00fa\u0161obn\u00fa verziu napr\u00edklad na 30 dn\u00ed. V tejto dobe ich m\u00f4\u017eete zadarmo vysk\u00fa\u0161a\u0165. Ke\u010f budete ma\u0165 fotografie kvalitne upraven\u00e9, bud\u00fa pripraven\u00e9 pre \u010fal\u0161ie zdie\u013eanie alebo vystavenie. V\u010faka \u00faprav\u00e1m bud\u00fa fotografie po vytla\u010den\u00ed vyzera\u0165 ove\u013ea lep\u0161ie, ne\u017e keby ste ich nechali v surovom stave po vyfoten\u00ed. Upraven\u00e9 fotografie s\u00fa pripraven\u00e9 na mal\u00e9 form\u00e1ty pre va\u0161e albumy alebo aj pre v\u00e4\u010d\u0161ie form\u00e1ty na vyvesenie. Dobr\u00fd fotograf sa z v\u00e1s stane hlavne pravideln\u00fdm tr\u00e9ningom. Preto sa pustite do vlastn\u00e9ho sk\u00fa\u0161ania a objavovania na va\u0161ich umeleck\u00fdch dielach. Kvalitn\u00e1 tla\u010d Akon\u00e1hle budete so svojou fotkou spokojn\u00ed, je potrebn\u00e9 ju necha\u0165 vytla\u010di\u0165. Kvalitn\u00e1 tla\u010d je z\u00e1kladom, aby skuto\u010dne vynikla kr\u00e1sa v\u00e1\u0161ho umeleck\u00e9ho diela. Fotky\u00a0(9\u00d713\u201315\u00d721 cm) od 0,05\u00a0\u20ac Ve\u013ek\u00e9 fotky\u00a0(20\u00d730\u201330\u00d745 cm)\u00a0od 1,50 \u20ac Fotky XXL (40&#215;50-70&#215;100 cm)\u00a0od 5,50 \u20ac Retro fotky (10&#215;12 cm)\u00a0od 0,13 \u20ac InstaFotky (10&#215;10 cm)\u00a0od 0,13 \u20ac<\/p>\n","protected":false},"author":18,"featured_media":8071,"comment_status":"open","ping_status":"closed","sticky":false,"template":"","format":"standard","meta":{"footnotes":""},"categories":[783],"tags":[],"yoast_head":"<!-- This site is optimized with the Yoast SEO plugin v23.0 - https:\/\/yoast.com\/wordpress\/plugins\/seo\/ -->\n<title>Ako upravova\u0165 fotky - z\u00e1kladn\u00fd manu\u00e1l | blog.empikfoto.sk<\/title>\n<meta name=\"robots\" content=\"index, follow, max-snippet:-1, max-image-preview:large, max-video-preview:-1\" \/>\n<link rel=\"canonical\" href=\"https:\/\/www.empikfoto.sk\/blog\/ako-upravovat-fotky-zakladny-manual\/\" \/>\n<meta property=\"og:locale\" content=\"pl_PL\" \/>\n<meta property=\"og:type\" content=\"article\" \/>\n<meta property=\"og:title\" content=\"Ako upravova\u0165 fotky - z\u00e1kladn\u00fd manu\u00e1l | blog.empikfoto.sk\" \/>\n<meta property=\"og:description\" content=\"V\u00e4\u010d\u0161ina fotografi\u00ed si pre ide\u00e1lny v\u00fdsledok \u017eiada e\u0161te drobn\u00e9 \u00fapravy v po\u010d\u00edta\u010di. Niekedy preto, \u017ee sa sna\u017e\u00edte zachyti\u0165 neopakovate\u013en\u00fd okamih v zhone, niekedy kv\u00f4li zl\u00fdm sveteln\u00fdm podmienkam a niekedy skr\u00e1tka preto, \u017ee v\u00e1\u0161 fotoapar\u00e1t nezvl\u00e1dne zachyti\u0165 spr\u00e1vne svetlo alebo kompoz\u00edciu. Pokia\u013e s \u00fapravami fotografi\u00ed za\u010d\u00ednate, n\u00e1jdete tu zop\u00e1r z\u00e1kladn\u00fdch r\u00e1d, ako sa v editoroch zorientova\u0165, ako a ktor\u00e9 parametre pou\u017e\u00edva\u0165. Kompoz\u00edcia Kompoz\u00edcia je to, ako s\u00fa vo fotografii umiestnen\u00e9 objekty. \u010ci je postava napravo, na\u013eavo, \u010di nem\u00e1 ve\u013ea miesta nad hlavou alebo naopak pod nohami a podobne. Pre \u00fapravu kompoz\u00edcie sa pou\u017e\u00edva orezanie. M\u00f4\u017eete oreza\u0165 fotografiu tak, aby objekty na nej boli v ide\u00e1lnom pomere. Jednou z mo\u017enost\u00ed spr\u00e1vnej kompoz\u00edcie je smerova\u0165 osobu alebo hlavn\u00fd objekt na stred. Za ide\u00e1lne je pova\u017eovan\u00e9 umiestni\u0165 ho do tzv. zlat\u00e9ho rezu. Zlat\u00fd rez je asi v dvoch tretin\u00e1ch fotografie. Znamen\u00e1 to teda, \u017ee hlavn\u00fd objekt nebude v strede fotografie, ale bude posunut\u00fd o k\u00fasok doprava alebo do\u013eava. Jedn\u00fdm z pravidiel kompoz\u00edcie je, aby fotografovan\u00e1 osoba smerovala svoj poh\u013ead do stredu fotografie. Nemala by by\u0165 nato\u010den\u00e1 mimo fotografie. Jas Pre zlep\u0161enie svetla vo fotografii m\u00f4\u017eete meni\u0165 nastavenie jasu. Ak prid\u00e1te jas, fotografia sa zosvetl\u00ed, pokia\u013e by ste mali na fotografii svetla naopak prive\u013ea, jas treba ubra\u0165. Ak by ste sa sna\u017eili zosvetli\u0165 pr\u00edli\u0161 tmav\u00fa fotografiu, m\u00f4\u017ee sa sta\u0165, \u017ee bude p\u00f4sobi\u0165 ako by bola v mlie\u010dnom opare alebo sa na nej zobraz\u00ed bodkovan\u00e1 text\u00fara. D\u00e1 sa teda svetlos\u0165 prida\u0165, ale len s mierou. Ak urob\u00edte fotografiu vo ve\u013emi tmavom prostred\u00ed, u\u017e je \u0165a\u017ek\u00e9 ju opravi\u0165. Kontrast Kontrast je rozdiel medzi tmav\u00fdmi a svetl\u00fdmi farbami. Ak kontrast zv\u00fd\u0161ime, budeme ma\u0165 na fotografii s\u00fdtej\u0161ie tiene, tmav\u00e9 farby bud\u00fa tmav\u0161ie a svetl\u00e9 svetlej\u0161ie. Viac vynikn\u00fa rozdiely vo farb\u00e1ch. Ni\u017e\u0161\u00ed kontrast sp\u00f4sob\u00ed, \u017ee je fotografia viac jednoliata, \u017ee farby s\u00fa jemnej\u0161ie a s\u00fa medzi nimi men\u0161ie rozdiely. S nastaven\u00edm jasu sa m\u00f4\u017eete hra\u0165 pod\u013ea vlastn\u00e9ho gusta. Niekto preferuje kontrastnej\u0161ie fotografie, in\u00fd m\u00e1 r\u00e1d jemnej\u0161ie rozdiely. V poslednej dobe sa na soci\u00e1lnych sie\u0165ach objavuj\u00fa sk\u00f4r prekontrastovan\u00e9 fotografie. S\u00fdtos\u0165 S\u00fdtos\u0165 dop\u013a\u0148a kontrast. Pri jej zv\u00fd\u0161en\u00ed s\u00fa farby v\u00fdraznej\u0161ie a viac vynikn\u00fa. Ak m\u00e1te fotografiu naopak pr\u00edli\u0161 farebn\u00fa a radi by ste na nej mali sk\u00f4r jemnej\u0161ie farby, napr\u00edklad vo vintage \u0161t\u00fdle, je potrebn\u00e9 s\u00fdtos\u0165 zasa ubra\u0165. Utlmia sa tak krik\u013eav\u00e9 t\u00f3ny. \u010ci u\u017e to bude mal\u00fd alebo ve\u013ek\u00fd form\u00e1t, va\u0161e fotografie v\u00e1s bud\u00fa te\u0161i\u0165 dlh\u00e9 roky. Zdroj: empikfoto.sk Teplota Tento ukazovate\u013e reguluje, \u010di sa farby uchy\u013euj\u00fa k studen\u00fdm modr\u00fdm t\u00f3nom alebo k oran\u017eov\u00fdm tepl\u00fdm t\u00f3nom. T\u00fdm sa menia tak, \u017ee p\u00f4sobia ako teplej\u0161ie alebo studen\u0161ie farby. Ak napr\u00edklad fotografujete pri svetle zapadaj\u00faceho slnka a chcete e\u0161te zosilni\u0165 efekt oran\u017eov\u00fdch t\u00f3nov, vy\u0161\u0161ia teplota v\u00e1m s t\u00fdm pom\u00f4\u017ee. Ak by v\u00e1m naopak tepl\u00e9 slnko o\u017earovalo zamrznut\u00fa krajinu a chceli by ste rad\u0161ej, aby bola fotografia viac studen\u0161ia, m\u00f4\u017eete teplotu farieb zn\u00ed\u017ei\u0165. Faktorov pre \u00fapravu fotografi\u00ed je viac. S t\u00fdmito z\u00e1kladn\u00fdmi sa v\u00e1m ale podar\u00ed vylep\u0161i\u0165 aspo\u0148 z\u00e1kladn\u00e9 parametre fotografi\u00ed, na ktor\u00fdch nie je potrebn\u00e1 \u017eiadna retu\u0161 alebo n\u00e1ro\u010dnej\u0161ie zmeny. Vylep\u0161\u00ed sa hlavne rozlo\u017eenie farieb a celkov\u00fd v\u00fdzor. Dostato\u010dne si s nimi vysta\u010d\u00edte pri v\u00e4\u010d\u0161ine fotografi\u00ed. Upravova\u0165 fotografie m\u00f4\u017eete v r\u00f4znych programoch. N\u00e1jdete ur\u010dite nieko\u013eko free softv\u00e9rov alebo ak sa do fotografovania pust\u00edte viac, tak si m\u00f4\u017eete nejak\u00fd program zak\u00fapi\u0165. Medzi tie free patr\u00ed napr\u00edklad Photofiltre alebo Gimp. Platen\u00e9 programy pre \u00fapravy s\u00fa napr\u00edklad Zoner Photo \u0161t\u00fadio alebo Adobe Photoshop. Platen\u00e9 programy maj\u00fa v\u00e4\u010d\u0161inou sk\u00fa\u0161obn\u00fa verziu napr\u00edklad na 30 dn\u00ed. V tejto dobe ich m\u00f4\u017eete zadarmo vysk\u00fa\u0161a\u0165. Ke\u010f budete ma\u0165 fotografie kvalitne upraven\u00e9, bud\u00fa pripraven\u00e9 pre \u010fal\u0161ie zdie\u013eanie alebo vystavenie. V\u010faka \u00faprav\u00e1m bud\u00fa fotografie po vytla\u010den\u00ed vyzera\u0165 ove\u013ea lep\u0161ie, ne\u017e keby ste ich nechali v surovom stave po vyfoten\u00ed. Upraven\u00e9 fotografie s\u00fa pripraven\u00e9 na mal\u00e9 form\u00e1ty pre va\u0161e albumy alebo aj pre v\u00e4\u010d\u0161ie form\u00e1ty na vyvesenie. Dobr\u00fd fotograf sa z v\u00e1s stane hlavne pravideln\u00fdm tr\u00e9ningom. Preto sa pustite do vlastn\u00e9ho sk\u00fa\u0161ania a objavovania na va\u0161ich umeleck\u00fdch dielach. Kvalitn\u00e1 tla\u010d Akon\u00e1hle budete so svojou fotkou spokojn\u00ed, je potrebn\u00e9 ju necha\u0165 vytla\u010di\u0165. Kvalitn\u00e1 tla\u010d je z\u00e1kladom, aby skuto\u010dne vynikla kr\u00e1sa v\u00e1\u0161ho umeleck\u00e9ho diela. Fotky\u00a0(9\u00d713\u201315\u00d721 cm) od 0,05\u00a0\u20ac Ve\u013ek\u00e9 fotky\u00a0(20\u00d730\u201330\u00d745 cm)\u00a0od 1,50 \u20ac Fotky XXL (40&#215;50-70&#215;100 cm)\u00a0od 5,50 \u20ac Retro fotky (10&#215;12 cm)\u00a0od 0,13 \u20ac InstaFotky (10&#215;10 cm)\u00a0od 0,13 \u20ac\" \/>\n<meta property=\"og:url\" content=\"https:\/\/www.empikfoto.sk\/blog\/ako-upravovat-fotky-zakladny-manual\/\" \/>\n<meta property=\"og:site_name\" content=\"blog.empikfoto.sk\" \/>\n<meta property=\"article:publisher\" content=\"https:\/\/www.facebook.com\/empikfotopl\/\" \/>\n<meta property=\"article:published_time\" content=\"2019-07-11T09:07:46+00:00\" \/>\n<meta property=\"article:modified_time\" content=\"2019-07-12T10:02:47+00:00\" \/>\n<meta property=\"og:image\" content=\"https:\/\/www.empikfoto.sk\/blog\/empikfoto\/2017\/12\/empik_banery_06.jpg\" \/>\n\t<meta property=\"og:image:width\" content=\"1200\" \/>\n\t<meta property=\"og:image:height\" content=\"800\" \/>\n\t<meta property=\"og:image:type\" content=\"image\/jpeg\" \/>\n<meta name=\"author\" content=\"Marcin Gierbisz\" \/>\n<meta name=\"twitter:card\" content=\"summary_large_image\" \/>\n<meta name=\"twitter:creator\" content=\"@empikfoto\" \/>\n<meta name=\"twitter:site\" content=\"@empikfoto\" \/>\n<meta name=\"twitter:label1\" content=\"Napisane przez\" \/>\n\t<meta name=\"twitter:data1\" content=\"Marcin Gierbisz\" \/>\n\t<meta name=\"twitter:label2\" content=\"Szacowany czas czytania\" \/>\n\t<meta name=\"twitter:data2\" content=\"4 minuty\" \/>\n<script type=\"application\/ld+json\" class=\"yoast-schema-graph\">{\"@context\":\"https:\/\/schema.org\",\"@graph\":[{\"@type\":\"WebPage\",\"@id\":\"https:\/\/www.empikfoto.sk\/blog\/ako-upravovat-fotky-zakladny-manual\/\",\"url\":\"https:\/\/www.empikfoto.sk\/blog\/ako-upravovat-fotky-zakladny-manual\/\",\"name\":\"Ako upravova\u0165 fotky - z\u00e1kladn\u00fd manu\u00e1l | blog.empikfoto.sk\",\"isPartOf\":{\"@id\":\"https:\/\/www.empikfoto.sk\/blog\/#website\"},\"primaryImageOfPage\":{\"@id\":\"https:\/\/www.empikfoto.sk\/blog\/ako-upravovat-fotky-zakladny-manual\/#primaryimage\"},\"image\":{\"@id\":\"https:\/\/www.empikfoto.sk\/blog\/ako-upravovat-fotky-zakladny-manual\/#primaryimage\"},\"thumbnailUrl\":\"https:\/\/www.empikfoto.sk\/blog\/empikfoto\/2017\/12\/empik_banery_06.jpg\",\"datePublished\":\"2019-07-11T09:07:46+00:00\",\"dateModified\":\"2019-07-12T10:02:47+00:00\",\"author\":{\"@id\":\"https:\/\/www.empikfoto.sk\/blog\/#\/schema\/person\/382fd4158b4d4ca9c259a35180e49f0c\"},\"breadcrumb\":{\"@id\":\"https:\/\/www.empikfoto.sk\/blog\/ako-upravovat-fotky-zakladny-manual\/#breadcrumb\"},\"inLanguage\":\"pl-PL\",\"potentialAction\":[{\"@type\":\"ReadAction\",\"target\":[\"https:\/\/www.empikfoto.sk\/blog\/ako-upravovat-fotky-zakladny-manual\/\"]}]},{\"@type\":\"ImageObject\",\"inLanguage\":\"pl-PL\",\"@id\":\"https:\/\/www.empikfoto.sk\/blog\/ako-upravovat-fotky-zakladny-manual\/#primaryimage\",\"url\":\"https:\/\/www.empikfoto.sk\/blog\/empikfoto\/2017\/12\/empik_banery_06.jpg\",\"contentUrl\":\"https:\/\/www.empikfoto.sk\/blog\/empikfoto\/2017\/12\/empik_banery_06.jpg\",\"width\":1200,\"height\":800},{\"@type\":\"BreadcrumbList\",\"@id\":\"https:\/\/www.empikfoto.sk\/blog\/ako-upravovat-fotky-zakladny-manual\/#breadcrumb\",\"itemListElement\":[{\"@type\":\"ListItem\",\"position\":1,\"name\":\"Home\",\"item\":\"https:\/\/www.empikfoto.sk\/blog\/\"},{\"@type\":\"ListItem\",\"position\":2,\"name\":\"Ako upravova\u0165 fotky &#8211; z\u00e1kladn\u00fd manu\u00e1l\"}]},{\"@type\":\"WebSite\",\"@id\":\"https:\/\/www.empikfoto.sk\/blog\/#website\",\"url\":\"https:\/\/www.empikfoto.sk\/blog\/\",\"name\":\"blog.empikfoto.sk\",\"description\":\"Zozn\u00e1mte empikfoto.sk zvn\u00fatra! Z\u00edskajte viac inform\u00e1ci\u00ed o v\u00fdtla\u010dkoch, fotoknih\u00e1ch a fotografi\u00e1ch.\",\"potentialAction\":[{\"@type\":\"SearchAction\",\"target\":{\"@type\":\"EntryPoint\",\"urlTemplate\":\"https:\/\/www.empikfoto.sk\/blog\/?s={search_term_string}\"},\"query-input\":\"required name=search_term_string\"}],\"inLanguage\":\"pl-PL\"},{\"@type\":\"Person\",\"@id\":\"https:\/\/www.empikfoto.sk\/blog\/#\/schema\/person\/382fd4158b4d4ca9c259a35180e49f0c\",\"name\":\"Marcin Gierbisz\",\"image\":{\"@type\":\"ImageObject\",\"inLanguage\":\"pl-PL\",\"@id\":\"https:\/\/www.empikfoto.sk\/blog\/#\/schema\/person\/image\/\",\"url\":\"https:\/\/secure.gravatar.com\/avatar\/88eb00596703bfd95574105dbdcb5955?s=96&d=identicon&r=g\",\"contentUrl\":\"https:\/\/secure.gravatar.com\/avatar\/88eb00596703bfd95574105dbdcb5955?s=96&d=identicon&r=g\",\"caption\":\"Marcin Gierbisz\"},\"url\":\"https:\/\/www.empikfoto.sk\/blog\/author\/marcin\/\"}]}<\/script>\n<!-- \/ Yoast SEO plugin. -->","yoast_head_json":{"title":"Ako upravova\u0165 fotky - z\u00e1kladn\u00fd manu\u00e1l | blog.empikfoto.sk","robots":{"index":"index","follow":"follow","max-snippet":"max-snippet:-1","max-image-preview":"max-image-preview:large","max-video-preview":"max-video-preview:-1"},"canonical":"https:\/\/www.empikfoto.sk\/blog\/ako-upravovat-fotky-zakladny-manual\/","og_locale":"pl_PL","og_type":"article","og_title":"Ako upravova\u0165 fotky - z\u00e1kladn\u00fd manu\u00e1l | blog.empikfoto.sk","og_description":"V\u00e4\u010d\u0161ina fotografi\u00ed si pre ide\u00e1lny v\u00fdsledok \u017eiada e\u0161te drobn\u00e9 \u00fapravy v po\u010d\u00edta\u010di. Niekedy preto, \u017ee sa sna\u017e\u00edte zachyti\u0165 neopakovate\u013en\u00fd okamih v zhone, niekedy kv\u00f4li zl\u00fdm sveteln\u00fdm podmienkam a niekedy skr\u00e1tka preto, \u017ee v\u00e1\u0161 fotoapar\u00e1t nezvl\u00e1dne zachyti\u0165 spr\u00e1vne svetlo alebo kompoz\u00edciu. Pokia\u013e s \u00fapravami fotografi\u00ed za\u010d\u00ednate, n\u00e1jdete tu zop\u00e1r z\u00e1kladn\u00fdch r\u00e1d, ako sa v editoroch zorientova\u0165, ako a ktor\u00e9 parametre pou\u017e\u00edva\u0165. Kompoz\u00edcia Kompoz\u00edcia je to, ako s\u00fa vo fotografii umiestnen\u00e9 objekty. \u010ci je postava napravo, na\u013eavo, \u010di nem\u00e1 ve\u013ea miesta nad hlavou alebo naopak pod nohami a podobne. Pre \u00fapravu kompoz\u00edcie sa pou\u017e\u00edva orezanie. M\u00f4\u017eete oreza\u0165 fotografiu tak, aby objekty na nej boli v ide\u00e1lnom pomere. Jednou z mo\u017enost\u00ed spr\u00e1vnej kompoz\u00edcie je smerova\u0165 osobu alebo hlavn\u00fd objekt na stred. Za ide\u00e1lne je pova\u017eovan\u00e9 umiestni\u0165 ho do tzv. zlat\u00e9ho rezu. Zlat\u00fd rez je asi v dvoch tretin\u00e1ch fotografie. Znamen\u00e1 to teda, \u017ee hlavn\u00fd objekt nebude v strede fotografie, ale bude posunut\u00fd o k\u00fasok doprava alebo do\u013eava. Jedn\u00fdm z pravidiel kompoz\u00edcie je, aby fotografovan\u00e1 osoba smerovala svoj poh\u013ead do stredu fotografie. Nemala by by\u0165 nato\u010den\u00e1 mimo fotografie. Jas Pre zlep\u0161enie svetla vo fotografii m\u00f4\u017eete meni\u0165 nastavenie jasu. Ak prid\u00e1te jas, fotografia sa zosvetl\u00ed, pokia\u013e by ste mali na fotografii svetla naopak prive\u013ea, jas treba ubra\u0165. Ak by ste sa sna\u017eili zosvetli\u0165 pr\u00edli\u0161 tmav\u00fa fotografiu, m\u00f4\u017ee sa sta\u0165, \u017ee bude p\u00f4sobi\u0165 ako by bola v mlie\u010dnom opare alebo sa na nej zobraz\u00ed bodkovan\u00e1 text\u00fara. D\u00e1 sa teda svetlos\u0165 prida\u0165, ale len s mierou. Ak urob\u00edte fotografiu vo ve\u013emi tmavom prostred\u00ed, u\u017e je \u0165a\u017ek\u00e9 ju opravi\u0165. Kontrast Kontrast je rozdiel medzi tmav\u00fdmi a svetl\u00fdmi farbami. Ak kontrast zv\u00fd\u0161ime, budeme ma\u0165 na fotografii s\u00fdtej\u0161ie tiene, tmav\u00e9 farby bud\u00fa tmav\u0161ie a svetl\u00e9 svetlej\u0161ie. Viac vynikn\u00fa rozdiely vo farb\u00e1ch. Ni\u017e\u0161\u00ed kontrast sp\u00f4sob\u00ed, \u017ee je fotografia viac jednoliata, \u017ee farby s\u00fa jemnej\u0161ie a s\u00fa medzi nimi men\u0161ie rozdiely. S nastaven\u00edm jasu sa m\u00f4\u017eete hra\u0165 pod\u013ea vlastn\u00e9ho gusta. Niekto preferuje kontrastnej\u0161ie fotografie, in\u00fd m\u00e1 r\u00e1d jemnej\u0161ie rozdiely. V poslednej dobe sa na soci\u00e1lnych sie\u0165ach objavuj\u00fa sk\u00f4r prekontrastovan\u00e9 fotografie. S\u00fdtos\u0165 S\u00fdtos\u0165 dop\u013a\u0148a kontrast. Pri jej zv\u00fd\u0161en\u00ed s\u00fa farby v\u00fdraznej\u0161ie a viac vynikn\u00fa. Ak m\u00e1te fotografiu naopak pr\u00edli\u0161 farebn\u00fa a radi by ste na nej mali sk\u00f4r jemnej\u0161ie farby, napr\u00edklad vo vintage \u0161t\u00fdle, je potrebn\u00e9 s\u00fdtos\u0165 zasa ubra\u0165. Utlmia sa tak krik\u013eav\u00e9 t\u00f3ny. \u010ci u\u017e to bude mal\u00fd alebo ve\u013ek\u00fd form\u00e1t, va\u0161e fotografie v\u00e1s bud\u00fa te\u0161i\u0165 dlh\u00e9 roky. Zdroj: empikfoto.sk Teplota Tento ukazovate\u013e reguluje, \u010di sa farby uchy\u013euj\u00fa k studen\u00fdm modr\u00fdm t\u00f3nom alebo k oran\u017eov\u00fdm tepl\u00fdm t\u00f3nom. T\u00fdm sa menia tak, \u017ee p\u00f4sobia ako teplej\u0161ie alebo studen\u0161ie farby. Ak napr\u00edklad fotografujete pri svetle zapadaj\u00faceho slnka a chcete e\u0161te zosilni\u0165 efekt oran\u017eov\u00fdch t\u00f3nov, vy\u0161\u0161ia teplota v\u00e1m s t\u00fdm pom\u00f4\u017ee. Ak by v\u00e1m naopak tepl\u00e9 slnko o\u017earovalo zamrznut\u00fa krajinu a chceli by ste rad\u0161ej, aby bola fotografia viac studen\u0161ia, m\u00f4\u017eete teplotu farieb zn\u00ed\u017ei\u0165. Faktorov pre \u00fapravu fotografi\u00ed je viac. S t\u00fdmito z\u00e1kladn\u00fdmi sa v\u00e1m ale podar\u00ed vylep\u0161i\u0165 aspo\u0148 z\u00e1kladn\u00e9 parametre fotografi\u00ed, na ktor\u00fdch nie je potrebn\u00e1 \u017eiadna retu\u0161 alebo n\u00e1ro\u010dnej\u0161ie zmeny. Vylep\u0161\u00ed sa hlavne rozlo\u017eenie farieb a celkov\u00fd v\u00fdzor. Dostato\u010dne si s nimi vysta\u010d\u00edte pri v\u00e4\u010d\u0161ine fotografi\u00ed. Upravova\u0165 fotografie m\u00f4\u017eete v r\u00f4znych programoch. N\u00e1jdete ur\u010dite nieko\u013eko free softv\u00e9rov alebo ak sa do fotografovania pust\u00edte viac, tak si m\u00f4\u017eete nejak\u00fd program zak\u00fapi\u0165. Medzi tie free patr\u00ed napr\u00edklad Photofiltre alebo Gimp. Platen\u00e9 programy pre \u00fapravy s\u00fa napr\u00edklad Zoner Photo \u0161t\u00fadio alebo Adobe Photoshop. Platen\u00e9 programy maj\u00fa v\u00e4\u010d\u0161inou sk\u00fa\u0161obn\u00fa verziu napr\u00edklad na 30 dn\u00ed. V tejto dobe ich m\u00f4\u017eete zadarmo vysk\u00fa\u0161a\u0165. Ke\u010f budete ma\u0165 fotografie kvalitne upraven\u00e9, bud\u00fa pripraven\u00e9 pre \u010fal\u0161ie zdie\u013eanie alebo vystavenie. V\u010faka \u00faprav\u00e1m bud\u00fa fotografie po vytla\u010den\u00ed vyzera\u0165 ove\u013ea lep\u0161ie, ne\u017e keby ste ich nechali v surovom stave po vyfoten\u00ed. Upraven\u00e9 fotografie s\u00fa pripraven\u00e9 na mal\u00e9 form\u00e1ty pre va\u0161e albumy alebo aj pre v\u00e4\u010d\u0161ie form\u00e1ty na vyvesenie. Dobr\u00fd fotograf sa z v\u00e1s stane hlavne pravideln\u00fdm tr\u00e9ningom. Preto sa pustite do vlastn\u00e9ho sk\u00fa\u0161ania a objavovania na va\u0161ich umeleck\u00fdch dielach. Kvalitn\u00e1 tla\u010d Akon\u00e1hle budete so svojou fotkou spokojn\u00ed, je potrebn\u00e9 ju necha\u0165 vytla\u010di\u0165. Kvalitn\u00e1 tla\u010d je z\u00e1kladom, aby skuto\u010dne vynikla kr\u00e1sa v\u00e1\u0161ho umeleck\u00e9ho diela. Fotky\u00a0(9\u00d713\u201315\u00d721 cm) od 0,05\u00a0\u20ac Ve\u013ek\u00e9 fotky\u00a0(20\u00d730\u201330\u00d745 cm)\u00a0od 1,50 \u20ac Fotky XXL (40&#215;50-70&#215;100 cm)\u00a0od 5,50 \u20ac Retro fotky (10&#215;12 cm)\u00a0od 0,13 \u20ac InstaFotky (10&#215;10 cm)\u00a0od 0,13 \u20ac","og_url":"https:\/\/www.empikfoto.sk\/blog\/ako-upravovat-fotky-zakladny-manual\/","og_site_name":"blog.empikfoto.sk","article_publisher":"https:\/\/www.facebook.com\/empikfotopl\/","article_published_time":"2019-07-11T09:07:46+00:00","article_modified_time":"2019-07-12T10:02:47+00:00","og_image":[{"width":1200,"height":800,"url":"https:\/\/www.empikfoto.sk\/blog\/empikfoto\/2017\/12\/empik_banery_06.jpg","type":"image\/jpeg"}],"author":"Marcin Gierbisz","twitter_card":"summary_large_image","twitter_creator":"@empikfoto","twitter_site":"@empikfoto","twitter_misc":{"Napisane przez":"Marcin Gierbisz","Szacowany czas czytania":"4 minuty"},"schema":{"@context":"https:\/\/schema.org","@graph":[{"@type":"WebPage","@id":"https:\/\/www.empikfoto.sk\/blog\/ako-upravovat-fotky-zakladny-manual\/","url":"https:\/\/www.empikfoto.sk\/blog\/ako-upravovat-fotky-zakladny-manual\/","name":"Ako upravova\u0165 fotky - z\u00e1kladn\u00fd manu\u00e1l | blog.empikfoto.sk","isPartOf":{"@id":"https:\/\/www.empikfoto.sk\/blog\/#website"},"primaryImageOfPage":{"@id":"https:\/\/www.empikfoto.sk\/blog\/ako-upravovat-fotky-zakladny-manual\/#primaryimage"},"image":{"@id":"https:\/\/www.empikfoto.sk\/blog\/ako-upravovat-fotky-zakladny-manual\/#primaryimage"},"thumbnailUrl":"https:\/\/www.empikfoto.sk\/blog\/empikfoto\/2017\/12\/empik_banery_06.jpg","datePublished":"2019-07-11T09:07:46+00:00","dateModified":"2019-07-12T10:02:47+00:00","author":{"@id":"https:\/\/www.empikfoto.sk\/blog\/#\/schema\/person\/382fd4158b4d4ca9c259a35180e49f0c"},"breadcrumb":{"@id":"https:\/\/www.empikfoto.sk\/blog\/ako-upravovat-fotky-zakladny-manual\/#breadcrumb"},"inLanguage":"pl-PL","potentialAction":[{"@type":"ReadAction","target":["https:\/\/www.empikfoto.sk\/blog\/ako-upravovat-fotky-zakladny-manual\/"]}]},{"@type":"ImageObject","inLanguage":"pl-PL","@id":"https:\/\/www.empikfoto.sk\/blog\/ako-upravovat-fotky-zakladny-manual\/#primaryimage","url":"https:\/\/www.empikfoto.sk\/blog\/empikfoto\/2017\/12\/empik_banery_06.jpg","contentUrl":"https:\/\/www.empikfoto.sk\/blog\/empikfoto\/2017\/12\/empik_banery_06.jpg","width":1200,"height":800},{"@type":"BreadcrumbList","@id":"https:\/\/www.empikfoto.sk\/blog\/ako-upravovat-fotky-zakladny-manual\/#breadcrumb","itemListElement":[{"@type":"ListItem","position":1,"name":"Home","item":"https:\/\/www.empikfoto.sk\/blog\/"},{"@type":"ListItem","position":2,"name":"Ako upravova\u0165 fotky &#8211; z\u00e1kladn\u00fd manu\u00e1l"}]},{"@type":"WebSite","@id":"https:\/\/www.empikfoto.sk\/blog\/#website","url":"https:\/\/www.empikfoto.sk\/blog\/","name":"blog.empikfoto.sk","description":"Zozn\u00e1mte empikfoto.sk zvn\u00fatra! Z\u00edskajte viac inform\u00e1ci\u00ed o v\u00fdtla\u010dkoch, fotoknih\u00e1ch a fotografi\u00e1ch.","potentialAction":[{"@type":"SearchAction","target":{"@type":"EntryPoint","urlTemplate":"https:\/\/www.empikfoto.sk\/blog\/?s={search_term_string}"},"query-input":"required name=search_term_string"}],"inLanguage":"pl-PL"},{"@type":"Person","@id":"https:\/\/www.empikfoto.sk\/blog\/#\/schema\/person\/382fd4158b4d4ca9c259a35180e49f0c","name":"Marcin Gierbisz","image":{"@type":"ImageObject","inLanguage":"pl-PL","@id":"https:\/\/www.empikfoto.sk\/blog\/#\/schema\/person\/image\/","url":"https:\/\/secure.gravatar.com\/avatar\/88eb00596703bfd95574105dbdcb5955?s=96&d=identicon&r=g","contentUrl":"https:\/\/secure.gravatar.com\/avatar\/88eb00596703bfd95574105dbdcb5955?s=96&d=identicon&r=g","caption":"Marcin Gierbisz"},"url":"https:\/\/www.empikfoto.sk\/blog\/author\/marcin\/"}]}},"_links":{"self":[{"href":"https:\/\/www.empikfoto.sk\/blog\/wp-json\/wp\/v2\/posts\/8684"}],"collection":[{"href":"https:\/\/www.empikfoto.sk\/blog\/wp-json\/wp\/v2\/posts"}],"about":[{"href":"https:\/\/www.empikfoto.sk\/blog\/wp-json\/wp\/v2\/types\/post"}],"author":[{"embeddable":true,"href":"https:\/\/www.empikfoto.sk\/blog\/wp-json\/wp\/v2\/users\/18"}],"replies":[{"embeddable":true,"href":"https:\/\/www.empikfoto.sk\/blog\/wp-json\/wp\/v2\/comments?post=8684"}],"version-history":[{"count":4,"href":"https:\/\/www.empikfoto.sk\/blog\/wp-json\/wp\/v2\/posts\/8684\/revisions"}],"predecessor-version":[{"id":8690,"href":"https:\/\/www.empikfoto.sk\/blog\/wp-json\/wp\/v2\/posts\/8684\/revisions\/8690"}],"wp:featuredmedia":[{"embeddable":true,"href":"https:\/\/www.empikfoto.sk\/blog\/wp-json\/wp\/v2\/media\/8071"}],"wp:attachment":[{"href":"https:\/\/www.empikfoto.sk\/blog\/wp-json\/wp\/v2\/media?parent=8684"}],"wp:term":[{"taxonomy":"category","embeddable":true,"href":"https:\/\/www.empikfoto.sk\/blog\/wp-json\/wp\/v2\/categories?post=8684"},{"taxonomy":"post_tag","embeddable":true,"href":"https:\/\/www.empikfoto.sk\/blog\/wp-json\/wp\/v2\/tags?post=8684"}],"curies":[{"name":"wp","href":"https:\/\/api.w.org\/{rel}","templated":true}]}}